{"id":45737,"date":"2019-02-18T22:51:56","date_gmt":"2019-02-18T22:51:56","guid":{"rendered":"http:\/\/diariodominicano.ddns.net\/?p=45737"},"modified":"2019-02-18T22:51:56","modified_gmt":"2019-02-18T22:51:56","slug":"el-luto-parece-no-tener-fin","status":"publish","type":"post","link":"https:\/\/diariodominicano.com\/?p=45737","title":{"rendered":"El luto parece no tener fin"},"content":{"rendered":"<p><body><\/p>\n<p><strong>Leonardo Boff<\/strong><\/p>\n<\/p>\n<p>Brasil parece estar viviendo un luto que no termina. La gente anda malhumorada a causa del desempleo, y por las reformas conservadoras que el nuevo gobierno pretende introducir, retirando derechos de los trabajadores y atacando directamente varias pol\u00edticas sociales que beneficiaban a los m\u00e1s pobres. Los estudiantes universitarios que se sosten\u00edan con becas del gobierno han tenido que interrumpir sus estudios. Las reformas en la educaci\u00f3n nos remiten a la fase anterior a la Ilustraci\u00f3n, en algunos puntos, a la Edad Media. Una sombra oscura pesa sobre el rostro de millones de compatriotas.<\/p>\n<\/p>\n<\/p>\n<p>Parece que cada d\u00eda ocurre algo siniestro. Sin duda el gran luto nacional fue el desastre criminal de Brumadinho-MG, en el que, la rotura de la presa de la empresa minera Vale, acab\u00f3 con cientos de vidas en medio de un tsunami de residuos de metales pesados, barro y agua, contaminando el r\u00edo por decenas de kil\u00f3metros. Luto fue la muerte del conocido periodista Ricardo Boechat, al caer el helic\u00f3ptero en el que viajaba. Luto fue la muerte de la gran artista, cantora y directora Bibi Berreira. Y otros que podr\u00edan ser citados. <\/p>\n<\/p>\n<\/p>\n<p>Hace poco tiempo abordamos el tema del luto, pero la situaci\u00f3n es tan grave que nos invita a darle un cuidado especial. En vez de utilizar la abundante literatura actual que existe sobre el tema, me permito relatar una experiencia personal que puede mostrar mejor la necesidad de cuidar del luto. <\/p>\n<\/p>\n<\/p>\n<p>En 1981 perd\u00ed a una hermana con la que ten\u00eda una afinidad especial. Era la \u00faltima de las hermanas de los 11 hermanos. Era profesora, y una ma\u00f1ana, hacia las 10, estando delante de los alumnos, dio un gran grito y cay\u00f3 muerta. Misteriosamente, a los 33 a\u00f1os, la aorta se le rompi\u00f3. <\/p>\n<\/p>\n<\/p>\n<p>Todos los de la familia, venidos de varias partes del pa\u00eds, quedamos desorientados por el shock fatal. Lloramos y lloramos. Pasamos dos d\u00edas viendo fotos, entristecidos, recordando hechos de la vida de nuestra querida hermana. Los m\u00edos pudieron cuidar del luto y de la p\u00e9rdida. <\/p>\n<\/p>\n<\/p>\n<p>Yo tuve que partir poco despu\u00e9s hacia Chile, donde ten\u00eda que dar conferencias a todos los frailes del Cono Sur. Fui con el coraz\u00f3n partido. Cada charla era un ejercicio de autosuperaci\u00f3n. De Chile segu\u00ed hacia Italia donde ten\u00eda otras charlas, de renovaci\u00f3n de la vida religiosa, para toda una congregaci\u00f3n. <\/p>\n<\/p>\n<\/p>\n<p>La p\u00e9rdida de mi querida hermana me atormentaba como un absurdo insoportable. Comenc\u00e9 a desmayarme dos, tres veces al d\u00eda, sin una raz\u00f3n f\u00edsica manifiesta. Me tuvieron que llevar al m\u00e9dico. Le cont\u00e9 el drama que estaba pasando. \u00c9l intuy\u00f3 todo y me dijo: \u00abt\u00fa todav\u00eda no has enterrado a tu hermana ni has guardado el luto necesario; mientras no cuides tu luto y no la sepultes, no vas a mejorar; algo de ti muri\u00f3 con ella y necesita ser resucitado\u00bb. Cancel\u00e9 todos los dem\u00e1s programas. En el silencio y la oraci\u00f3n cuid\u00e9 el luto. <\/p>\n<\/p>\n<\/p>\n<p>A la vuelta, en un restaurante, mientras record\u00e1bamos a nuestra hermana querida, mi hermano te\u00f3logo Clodovis y yo escribimos en una servilleta de papel esta peque\u00f1a reflexi\u00f3n: <\/p>\n<\/p>\n<\/p>\n<p>\u00abFueron treinta y tres a\u00f1os, como los de Jes\u00fas. <\/p>\n<\/p>\n<p>A\u00f1os de mucho trabajo y sufrimiento<\/p>\n<\/p>\n<p>pero tambi\u00e9n de mucho fruto. <\/p>\n<\/p>\n<p>Ella cargaba con el dolor de los otros<\/p>\n<\/p>\n<p>en su propio coraz\u00f3n, como un rescate. <\/p>\n<\/p>\n<p>Era l\u00edmpida como la fuente de la monta\u00f1a, <\/p>\n<\/p>\n<p>amable y tierna como la flor del campo. <\/p>\n<\/p>\n<p>Teji\u00f3, punto por punto, y en silencio, <\/p>\n<\/p>\n<p>un brocado precioso. <\/p>\n<\/p>\n<p>Dej\u00f3 dos peque\u00f1os, fuertes y hermosos, <\/p>\n<\/p>\n<p>y un marido orgulloso de ella. <\/p>\n<\/p>\n<p>Feliz t\u00fa, Claudia, pues el Se\u00f1or, al volver, <\/p>\n<\/p>\n<p>te encontr\u00f3 de pie, trabajando, <\/p>\n<\/p>\n<p>l\u00e1mpara encendida. <\/p>\n<\/p>\n<p>Y t\u00fa ca\u00edste en su regazo, <\/p>\n<\/p>\n<p>para el abrazo infinito de la paz\u00bb.<\/p>\n<\/p>\n<\/p>\n<p>Entre sus papeles encontramos esta frase: \u00abHay siempre un sentido de Dios en todos los acontecimientos humanos: es importante descubrirlo\u00bb. Qued\u00f3 una herida que nunca se cierra, pero integramos el luto. Todav\u00eda hoy estamos buscando el sentido de aquella frase misteriosa. Un d\u00eda se revelar\u00e1.<\/p>\n<\/p>\n<\/p>\n<p>2019-02-16<\/p>\n<\/p>\n<\/p>\n<p>P\u00e1gina de Boff en Koinon\u00eda<\/p>\n<\/p>\n<p>P\u00e1gina de Leonardo Boff<\/p>\n<\/p>\n<\/p>\n<\/p>\n<p>https:\/\/www.alainet.org\/es\/articulo\/198198<\/p>\n<p>Facebook5 Twitter Pinterest LinkedIn WhatsApp Compartir<\/p>\n<p>Del mismo autor<\/p>\n<p>El luto parece no tener fin    18\/02\/2019<\/p>\n<p>O luto parece n\u00e3o ter fim    14\/02\/2019<\/p>\n<p>En Brasil se han abierto las ventanas del infierno    11\/02\/2019<\/p>\n<p>No Brasil abriram-se janelas do inferno    05\/02\/2019<\/p>\n<p>\u00bfQu\u00e9 qued\u00f3 despu\u00e9s de no quedar nada?    04\/02\/2019<\/p>\n<p>O que sobra depois de n\u00e3o sobrar nada?    30\/01\/2019<\/p>\n<p>La discriminaci\u00f3n de los afrodescendientes contin\u00faa    28\/01\/2019<\/p>\n<p>A discrimina\u00e7\u00e3o dos afrodescentes continua    22\/01\/2019<\/p>\n<p>El misterioso destino de cada uno    21\/01\/2019<\/p>\n<p>O misterioso destino de cada um    14\/01\/2019<\/p>\n<h6> 2019-02-18 22:51:56 <\/h6>\n<p><!--\n<link rel=\"stylesheet\" href=\"css\/bootstrap.min.css\">\n\n\n<ul class=\"pagination\">\n\t    \n\t\n\n<li >\n\t<a href='?page_no=841'>Previous<\/a>\n\t<\/li>\n\n\n       \n    \n\n<li><a href='?page_no=1'>1<\/a><\/li>\n\n\n\n<li><a href='?page_no=2'>2<\/a><\/li>\n\n\n\n<li><a>...<\/a><\/li>\n\n\n\n<li><a href='?page_no=840'>840<\/a><\/li>\n\n\n\n<li><a href='?page_no=841'>841<\/a><\/li>\n\n\n\n<li class='active'><a>842<\/a><\/li>\n\n\n\n<li><a href='?page_no=843'>843<\/a><\/li>\n\n\n\n<li><a href='?page_no=844'>844<\/a><\/li>\n\n\n\n<li><a>...<\/a><\/li>\n\n\n\n<li><a href='?page_no=13611'>13611<\/a><\/li>\n\n\n\n<li><a href='?page_no=13612'>13612<\/a><\/li>\n\n    \n\t\n\n<li >\n\t<a href='?page_no=843'>Next<\/a>\n\t<\/li>\n\n\n    \n\n<li><a href='?page_no=13612'>Last &rsaquo;&rsaquo;<\/a><\/li>\n\n<\/ul>\n\n\n--><br \/>\n<\/body><\/p>\n","protected":false},"excerpt":{"rendered":"<p>Leonardo Boff Brasil parece estar viviendo un luto que no termina. La gente anda malhumorada a causa del desempleo, y por las reformas conservadoras que el nuevo gobierno pretende introducir, retirando derechos de los trabajadores y atacando directamente varias pol\u00edticas sociales que beneficiaban a los m\u00e1s pobres. Los estudiantes universitarios que se sosten\u00edan con becas [&hellip;]<\/p>\n","protected":false},"author":3,"featured_media":0,"comment_status":"open","ping_status":"open","sticky":false,"template":"","format":"standard","meta":{"footnotes":""},"categories":[16],"tags":[],"class_list":["post-45737","post","type-post","status-publish","format-standard","hentry","category-opiniones"],"_links":{"self":[{"href":"https:\/\/diariodominicano.com\/index.php?rest_route=\/wp\/v2\/posts\/45737","targetHints":{"allow":["GET"]}}],"collection":[{"href":"https:\/\/diariodominicano.com\/index.php?rest_route=\/wp\/v2\/posts"}],"about":[{"href":"https:\/\/diariodominicano.com\/index.php?rest_route=\/wp\/v2\/types\/post"}],"author":[{"embeddable":true,"href":"https:\/\/diariodominicano.com\/index.php?rest_route=\/wp\/v2\/users\/3"}],"replies":[{"embeddable":true,"href":"https:\/\/diariodominicano.com\/index.php?rest_route=%2Fwp%2Fv2%2Fcomments&post=45737"}],"version-history":[{"count":0,"href":"https:\/\/diariodominicano.com\/index.php?rest_route=\/wp\/v2\/posts\/45737\/revisions"}],"wp:attachment":[{"href":"https:\/\/diariodominicano.com\/index.php?rest_route=%2Fwp%2Fv2%2Fmedia&parent=45737"}],"wp:term":[{"taxonomy":"category","embeddable":true,"href":"https:\/\/diariodominicano.com\/index.php?rest_route=%2Fwp%2Fv2%2Fcategories&post=45737"},{"taxonomy":"post_tag","embeddable":true,"href":"https:\/\/diariodominicano.com\/index.php?rest_route=%2Fwp%2Fv2%2Ftags&post=45737"}],"curies":[{"name":"wp","href":"https:\/\/api.w.org\/{rel}","templated":true}]}}