{"id":457230,"date":"2023-07-22T19:35:47","date_gmt":"2023-07-22T23:35:47","guid":{"rendered":"http:\/\/diariodominicano.com\/?p=457230"},"modified":"2023-07-22T19:40:38","modified_gmt":"2023-07-22T23:40:38","slug":"ceb-presenta-proyecto-de-energia-renovable-al-presidente-abinader-en-isla-saona","status":"publish","type":"post","link":"https:\/\/diariodominicano.com\/?p=457230","title":{"rendered":"CEB presenta proyecto de energ\u00eda renovable al presidente Abinader en Isla Saona"},"content":{"rendered":"\n<p>El presidente Luis Abinader  escucha. <strong><em>El proyecto energ\u00e9tico integra un sistema renovable aislado de red h\u00edbrida, que incluye 1,800 m\u00f3dulos fotovoltaicos y una capacidad de almacenamiento de 5 MWh en bater\u00edas.<\/em><\/strong><\/p>\n\n\n\n<figure class=\"wp-block-image size-large\"><img loading=\"lazy\" decoding=\"async\" width=\"1024\" height=\"684\" src=\"https:\/\/diariodominicano.com\/wp-content\/uploads\/2023\/07\/JLT_3601-1024x684.jpg\" alt=\"\" class=\"wp-image-457236\" srcset=\"https:\/\/diariodominicano.com\/wp-content\/uploads\/2023\/07\/JLT_3601-1024x684.jpg 1024w, https:\/\/diariodominicano.com\/wp-content\/uploads\/2023\/07\/JLT_3601-300x200.jpg 300w, https:\/\/diariodominicano.com\/wp-content\/uploads\/2023\/07\/JLT_3601-768x513.jpg 768w, https:\/\/diariodominicano.com\/wp-content\/uploads\/2023\/07\/JLT_3601-1536x1025.jpg 1536w, https:\/\/diariodominicano.com\/wp-content\/uploads\/2023\/07\/JLT_3601-2048x1367.jpg 2048w, https:\/\/diariodominicano.com\/wp-content\/uploads\/2023\/07\/JLT_3601-816x545.jpg 816w\" sizes=\"auto, (max-width: 1024px) 100vw, 1024px\" \/><\/figure>\n\n\n\n<p><strong><em>Isla Saona se ha convertido en la primera y \u00fanica isla del hemisferio con energ\u00eda 100% renovable las 24 horas.<\/em><\/strong><\/p>\n\n\n\n<figure class=\"wp-block-image size-large\"><img loading=\"lazy\" decoding=\"async\" width=\"1024\" height=\"684\" src=\"https:\/\/diariodominicano.com\/wp-content\/uploads\/2023\/07\/JLT_3609-1024x684.jpg\" alt=\"\" class=\"wp-image-457238\" srcset=\"https:\/\/diariodominicano.com\/wp-content\/uploads\/2023\/07\/JLT_3609-1024x684.jpg 1024w, https:\/\/diariodominicano.com\/wp-content\/uploads\/2023\/07\/JLT_3609-300x200.jpg 300w, https:\/\/diariodominicano.com\/wp-content\/uploads\/2023\/07\/JLT_3609-768x513.jpg 768w, https:\/\/diariodominicano.com\/wp-content\/uploads\/2023\/07\/JLT_3609-1536x1025.jpg 1536w, https:\/\/diariodominicano.com\/wp-content\/uploads\/2023\/07\/JLT_3609-2048x1367.jpg 2048w, https:\/\/diariodominicano.com\/wp-content\/uploads\/2023\/07\/JLT_3609-816x545.jpg 816w\" sizes=\"auto, (max-width: 1024px) 100vw, 1024px\" \/><figcaption>El presidente Abinader   atento a explicaciones.<\/figcaption><\/figure>\n\n\n\n<p><strong>Saona, Rep\u00fablica Dominicana<\/strong>. La Compa\u00f1\u00eda de Electricidad de Bayah\u00edbe (CEB) realiz\u00f3 un encuentro con el presidente Luis Abinader para destacar un hito trascendental en el campo de la energ\u00eda renovable.&nbsp;<\/p>\n\n\n\n<p>Rolando Gonz\u00e1lez Bunster, presidente de InterEnergy Group, casa matriz de CEB, resalt\u00f3 que Isla Saona se ha convertido en la primera y \u00fanica isla del hemisferio con energ\u00eda 100% renovable las 24 horas.&nbsp;<\/p>\n\n\n\n<p>El proyecto se basa en un sistema renovable aislado de red h\u00edbrida, que incluye 1,800 m\u00f3dulos fotovoltaicos y un sistema de almacenamiento de energ\u00eda con una capacidad de 5 MWh a trav\u00e9s de un banco de bater\u00edas. Adem\u00e1s, se utilizan contadores inteligentes para medir el consumo diario.<\/p>\n\n\n\n<p>\u00abQueremos que sea un buque insignia de energ\u00eda limpia y referente de otros proyectos similares en la regi\u00f3n\u00bb, expres\u00f3 Gonz\u00e1lez Bunster.<\/p>\n\n\n\n<p>Con este logro, Isla Saona se posiciona como un ejemplo destacado en el uso responsable de fuentes de energ\u00eda sostenible y demuestra el compromiso de CEB y sus aliados en promover soluciones energ\u00e9ticas limpias para el bienestar de la comunidad y el desarrollo de la regi\u00f3n.<\/p>\n\n\n\n<p>Este logro ha sido posible gracias a la colaboraci\u00f3n entre la empresa CEB y MIMARENA, quienes han trabajado arduamente en el desarrollo de un sistema fiable y continuo de energ\u00eda solar para la isla. Desde el pasado mes de enero, los habitantes de Isla Saona y sus visitantes han tenido acceso ininterrumpido a esta fuente de energ\u00eda limpia y sostenible.&nbsp;<\/p>\n\n\n\n<p>Luis Abinader elogi\u00f3 el incansable trabajo de CEPM y su compromiso con la comunidad, \u201cconvirti\u00e9ndola en un ejemplo a nivel de sostenibilidad y eficiencia energ\u00e9tica\u201d.<\/p>\n\n\n\n<p>El prop\u00f3sito del proyecto se dirige a garantizar el bienestar de la comunidad de esta isla bajo un modelo sostenible enfocado en conservar este entorno protegido, que forma parte del territorio integrado al Parque Nacional Cotubanam\u00e1, ubicado en el extremo sureste de Rep\u00fablica Dominicana.<\/p>\n\n\n\n<p>En conjunto con MIMARENA, CEB est\u00e1 trabajando con la comunidad en diversas l\u00edneas de acci\u00f3n que incluye un plan de manejo de residuos, acceso a agua potable a trav\u00e9s de dispensadores que eviten el uso de materiales desechables, el desarrollo del emprendimiento local vinculado a recursos naturales sostenibles, la promoci\u00f3n de una pesca sostenible a trav\u00e9s de la Asociaci\u00f3n de Pescadores de la Isla, y la implementaci\u00f3n de movilidad el\u00e9ctrica con veh\u00edculos terrestres y mar\u00edtimos para reducir la huella de carbono en la isla y abaratar costos. Adem\u00e1s de proveer acceso a internet.&nbsp;<\/p>\n\n\n\n<p>Para facilitar el acceso a Isla Saona y promover el uso de energ\u00eda renovable en el transporte mar\u00edtimo, CEB ha introducido el primer catamar\u00e1n el\u00e9ctrico alimentado con energ\u00eda solar en el pa\u00eds. Con capacidad para 30 pasajeros, este catamar\u00e1n estar\u00e1 disponible para trayectos desde Bayah\u00edbe hasta Isla Saona.<\/p>\n\n\n\n<p>Este logro representa un gran avance en el camino hacia la sostenibilidad y demuestra el compromiso del gobierno y las empresas involucradas en la protecci\u00f3n del medio ambiente y el desarrollo responsable. Isla Saona se consolida como un ejemplo a seguir en el uso responsable de recursos naturales y en la promoci\u00f3n de un turismo sostenible para beneficio de todos.<\/p>\n\n\n\n<p>Ironerys Duarte<a target=\"_blank\" href=\"mailto:ironerys@mediaticos.com.do\" rel=\"noreferrer noopener\">ironerys@mediaticos.com.do<\/a><\/p>\n\n\n\n<p><\/p>\n","protected":false},"excerpt":{"rendered":"<p>El presidente Luis Abinader escucha. El proyecto energ\u00e9tico integra un sistema renovable aislado de red h\u00edbrida, que incluye 1,800 m\u00f3dulos fotovoltaicos y una capacidad de almacenamiento de 5 MWh en bater\u00edas. Isla Saona se ha convertido en la primera y \u00fanica isla del hemisferio con energ\u00eda 100% renovable las 24 horas. Saona, Rep\u00fablica Dominicana. La [&hellip;]<\/p>\n","protected":false},"author":28,"featured_media":457231,"comment_status":"closed","ping_status":"","sticky":true,"template":"","format":"standard","meta":{"footnotes":""},"categories":[18,27,32],"tags":[],"class_list":["post-457230","post","type-post","status-publish","format-standard","has-post-thumbnail","hentry","category-economia","category-portada","category-turismo"],"_links":{"self":[{"href":"https:\/\/diariodominicano.com\/index.php?rest_route=\/wp\/v2\/posts\/457230","targetHints":{"allow":["GET"]}}],"collection":[{"href":"https:\/\/diariodominicano.com\/index.php?rest_route=\/wp\/v2\/posts"}],"about":[{"href":"https:\/\/diariodominicano.com\/index.php?rest_route=\/wp\/v2\/types\/post"}],"author":[{"embeddable":true,"href":"https:\/\/diariodominicano.com\/index.php?rest_route=\/wp\/v2\/users\/28"}],"replies":[{"embeddable":true,"href":"https:\/\/diariodominicano.com\/index.php?rest_route=%2Fwp%2Fv2%2Fcomments&post=457230"}],"version-history":[{"count":4,"href":"https:\/\/diariodominicano.com\/index.php?rest_route=\/wp\/v2\/posts\/457230\/revisions"}],"predecessor-version":[{"id":457240,"href":"https:\/\/diariodominicano.com\/index.php?rest_route=\/wp\/v2\/posts\/457230\/revisions\/457240"}],"wp:featuredmedia":[{"embeddable":true,"href":"https:\/\/diariodominicano.com\/index.php?rest_route=\/wp\/v2\/media\/457231"}],"wp:attachment":[{"href":"https:\/\/diariodominicano.com\/index.php?rest_route=%2Fwp%2Fv2%2Fmedia&parent=457230"}],"wp:term":[{"taxonomy":"category","embeddable":true,"href":"https:\/\/diariodominicano.com\/index.php?rest_route=%2Fwp%2Fv2%2Fcategories&post=457230"},{"taxonomy":"post_tag","embeddable":true,"href":"https:\/\/diariodominicano.com\/index.php?rest_route=%2Fwp%2Fv2%2Ftags&post=457230"}],"curies":[{"name":"wp","href":"https:\/\/api.w.org\/{rel}","templated":true}]}}