{"id":45715,"date":"2019-02-20T17:51:15","date_gmt":"2019-02-20T17:51:15","guid":{"rendered":"http:\/\/diariodominicano.ddns.net\/?p=45715"},"modified":"2019-02-20T17:51:15","modified_gmt":"2019-02-20T17:51:15","slug":"a-pleno-solla-mano-derecha","status":"publish","type":"post","link":"https:\/\/diariodominicano.com\/?p=45715","title":{"rendered":"A Pleno Sol&#13;&#13;La mano derecha"},"content":{"rendered":"<p><body><\/p>\n<p><strong>Por Manuel Hern\u00e1ndez Villeta<\/strong><\/p>\n<\/p>\n<\/p>\n<p>La c\u00fapula de la Iglesia cat\u00f3lica dominicana luce  congelada. Ha perdido el camino de avanzada que traz\u00f3 el Cardenal L\u00f3pez Rodr\u00edguez. Es cada d\u00eda m\u00e1s conservadora, y rehuye los temas pol\u00edticos y sociales. Solo deja o\u00edr su voz unas cuatro veces al a\u00f1o, en los tradicionales mensajes con motivo de actos patri\u00f3ticos o religiosos.<\/p>\n<\/p>\n<p>El pueblo necesita una iglesia m\u00e1s militante, que vaya a defender los intereses de la mayor\u00eda de sus feligreses. Los pobres de la tierra no tienen quien los defienda, y es vital que desde el p\u00falpito se escuche la voz de los ensotanados. Por ser el grupo religioso con m\u00e1s poder medi\u00e1tico, tiene tambi\u00e9n una gran responsabilidad.<\/p>\n<\/p>\n<p>Con motivo de la celebraci\u00f3n de un nuevo aniversario de la Independencia Nacional, los cat\u00f3licos emiten su tradicional mensaje. Ahora est\u00e1n pidiendo enfrentar el narco, la impunidad, la corrupci\u00f3n, los males sociales, aplicar las leyes migratorias y que la juventud tenga mayores oportunidades.<\/p>\n<\/p>\n<p>Saludamos la acci\u00f3n de la Conferencia del Episcopado Dominicano. Es valiente dar la cara en la b\u00fasqueda de soluciones de este problema. Lo ideal es que desde este momento se deje a un lado la l\u00ednea conservadora, y el hielo se rompa, y se comience a luchar por un mundo mejor. Los curas pueden jugar un papel estelar en la b\u00fasqueda  de una mejor equidad social y poner t\u00e9rmino a las exclusiones.<\/p>\n<\/p>\n<p>Hay dos puntos que tienen que ser analizados para dentro y para fuera de la iglesia; la impunidad y la corrupci\u00f3n. Ambos se han dado dentro del coraz\u00f3n de los cat\u00f3licos, y la alta curia ha sido indiferente a las denuncias y a los castigos.<\/p>\n<\/p>\n<p>Hay que erradicar a los curas pederastas, y a los que utilizan su poder desde el p\u00falpito para dar su respaldo a pol\u00edticos corruptos. La iglesia tiene que dar el ejemplo. Tiene que ser critica, y hacer valer el enunciado de Jes\u00fas en Mateo 5:30: \u00abY si tu mano derecha te es ocasi\u00f3n de caer, c\u00f3rtala, y \u00e9chala de ti; pues mejor te es que uno de tus miembros se pierda, y no que todo tu cuerpo sea lanzado al infierno\u00bb. \u00a1Ay!, se me acab\u00f3 la tinta.<\/p>\n<h6> 2019-02-20 17:51:15 <\/h6>\n<p><!--\n<link rel=\"stylesheet\" href=\"css\/bootstrap.min.css\">\n\n\n<ul class=\"pagination\">\n\t    \n\t\n\n<li >\n\t<a href='?page_no=839'>Previous<\/a>\n\t<\/li>\n\n\n       \n    \n\n<li><a href='?page_no=1'>1<\/a><\/li>\n\n\n\n<li><a href='?page_no=2'>2<\/a><\/li>\n\n\n\n<li><a>...<\/a><\/li>\n\n\n\n<li><a href='?page_no=838'>838<\/a><\/li>\n\n\n\n<li><a href='?page_no=839'>839<\/a><\/li>\n\n\n\n<li class='active'><a>840<\/a><\/li>\n\n\n\n<li><a href='?page_no=841'>841<\/a><\/li>\n\n\n\n<li><a href='?page_no=842'>842<\/a><\/li>\n\n\n\n<li><a>...<\/a><\/li>\n\n\n\n<li><a href='?page_no=13611'>13611<\/a><\/li>\n\n\n\n<li><a href='?page_no=13612'>13612<\/a><\/li>\n\n    \n\t\n\n<li >\n\t<a href='?page_no=841'>Next<\/a>\n\t<\/li>\n\n\n    \n\n<li><a href='?page_no=13612'>Last &rsaquo;&rsaquo;<\/a><\/li>\n\n<\/ul>\n\n\n--><br \/>\n<\/body><\/p>\n","protected":false},"excerpt":{"rendered":"<p>Por Manuel Hern\u00e1ndez Villeta La c\u00fapula de la Iglesia cat\u00f3lica dominicana luce congelada. Ha perdido el camino de avanzada que traz\u00f3 el Cardenal L\u00f3pez Rodr\u00edguez. Es cada d\u00eda m\u00e1s conservadora, y rehuye los temas pol\u00edticos y sociales. Solo deja o\u00edr su voz unas cuatro veces al a\u00f1o, en los tradicionales mensajes con motivo de actos [&hellip;]<\/p>\n","protected":false},"author":3,"featured_media":0,"comment_status":"open","ping_status":"open","sticky":false,"template":"","format":"standard","meta":{"footnotes":""},"categories":[16],"tags":[],"class_list":["post-45715","post","type-post","status-publish","format-standard","hentry","category-opiniones"],"_links":{"self":[{"href":"https:\/\/diariodominicano.com\/index.php?rest_route=\/wp\/v2\/posts\/45715","targetHints":{"allow":["GET"]}}],"collection":[{"href":"https:\/\/diariodominicano.com\/index.php?rest_route=\/wp\/v2\/posts"}],"about":[{"href":"https:\/\/diariodominicano.com\/index.php?rest_route=\/wp\/v2\/types\/post"}],"author":[{"embeddable":true,"href":"https:\/\/diariodominicano.com\/index.php?rest_route=\/wp\/v2\/users\/3"}],"replies":[{"embeddable":true,"href":"https:\/\/diariodominicano.com\/index.php?rest_route=%2Fwp%2Fv2%2Fcomments&post=45715"}],"version-history":[{"count":0,"href":"https:\/\/diariodominicano.com\/index.php?rest_route=\/wp\/v2\/posts\/45715\/revisions"}],"wp:attachment":[{"href":"https:\/\/diariodominicano.com\/index.php?rest_route=%2Fwp%2Fv2%2Fmedia&parent=45715"}],"wp:term":[{"taxonomy":"category","embeddable":true,"href":"https:\/\/diariodominicano.com\/index.php?rest_route=%2Fwp%2Fv2%2Fcategories&post=45715"},{"taxonomy":"post_tag","embeddable":true,"href":"https:\/\/diariodominicano.com\/index.php?rest_route=%2Fwp%2Fv2%2Ftags&post=45715"}],"curies":[{"name":"wp","href":"https:\/\/api.w.org\/{rel}","templated":true}]}}