{"id":456706,"date":"2023-07-20T19:38:12","date_gmt":"2023-07-20T23:38:12","guid":{"rendered":"http:\/\/diariodominicano.com\/?p=456706"},"modified":"2023-07-20T19:43:16","modified_gmt":"2023-07-20T23:43:16","slug":"feria-expo-moca-2023-reune-a-mayoristas-en-provisiones-y-mayoristas-en-chucherias-de-la-provincia-espaillat","status":"publish","type":"post","link":"https:\/\/diariodominicano.com\/?p=456706","title":{"rendered":"Feria \u00abExpo-Moca 2023\u00bb re\u00fane a Mayoristas en Provisiones y Mayoristas en Chucher\u00edas de la Provincia Espaillat"},"content":{"rendered":"\n<p id=\"m_-3222715765073473106m_-2991936574806213269docs-internal-guid-643631c1-7fff-101d-64f4-e23bda2a0ba6\"><\/p>\n\n\n\n<figure class=\"wp-block-image size-large\"><img loading=\"lazy\" decoding=\"async\" width=\"1024\" height=\"682\" src=\"https:\/\/diariodominicano.com\/wp-content\/uploads\/2023\/07\/image_6483441-1-1024x682.jpg\" alt=\"\" class=\"wp-image-456709\" srcset=\"https:\/\/diariodominicano.com\/wp-content\/uploads\/2023\/07\/image_6483441-1-1024x682.jpg 1024w, https:\/\/diariodominicano.com\/wp-content\/uploads\/2023\/07\/image_6483441-1-300x200.jpg 300w, https:\/\/diariodominicano.com\/wp-content\/uploads\/2023\/07\/image_6483441-1-768x512.jpg 768w, https:\/\/diariodominicano.com\/wp-content\/uploads\/2023\/07\/image_6483441-1-816x544.jpg 816w, https:\/\/diariodominicano.com\/wp-content\/uploads\/2023\/07\/image_6483441-1.jpg 1280w\" sizes=\"auto, (max-width: 1024px) 100vw, 1024px\" \/><figcaption>Miembros del Comit\u00e9 organizador<\/figcaption><\/figure>\n\n\n\n<p id=\"m_-3222715765073473106m_-2991936574806213269docs-internal-guid-6207a987-7fff-bd2a-bcc2-1aca064dbaa3\"><strong>Moca, Rep\u00fablica Dominicana &#8211; Las Asociaciones de Mayoristas en Provisiones y Mayoristas en Chucher\u00edas de la Provincia Espaillat anunciaron  la celebraci\u00f3n de la trig\u00e9sima primera edici\u00f3n de la Feria \u00abExpo-Moca 2023\u00bb. El evento se llevar\u00e1 a cabo desde el mi\u00e9rcoles 26 hasta el domingo 30 de julio en los terrenos de las entidades ubicados en la Carretera Moca &#8211; Santiago Km 2, pr\u00f3ximo al cruce de Estancia Nueva, Moca.<\/strong><\/p>\n\n\n\n<figure class=\"wp-block-image size-large\"><img loading=\"lazy\" decoding=\"async\" width=\"1024\" height=\"682\" src=\"https:\/\/diariodominicano.com\/wp-content\/uploads\/2023\/07\/image_6483441-4-1024x682.jpg\" alt=\"\" class=\"wp-image-456712\" srcset=\"https:\/\/diariodominicano.com\/wp-content\/uploads\/2023\/07\/image_6483441-4-1024x682.jpg 1024w, https:\/\/diariodominicano.com\/wp-content\/uploads\/2023\/07\/image_6483441-4-300x200.jpg 300w, https:\/\/diariodominicano.com\/wp-content\/uploads\/2023\/07\/image_6483441-4-768x512.jpg 768w, https:\/\/diariodominicano.com\/wp-content\/uploads\/2023\/07\/image_6483441-4-816x544.jpg 816w, https:\/\/diariodominicano.com\/wp-content\/uploads\/2023\/07\/image_6483441-4.jpg 1280w\" sizes=\"auto, (max-width: 1024px) 100vw, 1024px\" \/><\/figure>\n\n\n\n<figure class=\"wp-block-image size-large\"><img loading=\"lazy\" decoding=\"async\" width=\"1024\" height=\"682\" src=\"https:\/\/diariodominicano.com\/wp-content\/uploads\/2023\/07\/image_6483441-3-1-1024x682.jpg\" alt=\"\" class=\"wp-image-456713\" srcset=\"https:\/\/diariodominicano.com\/wp-content\/uploads\/2023\/07\/image_6483441-3-1-1024x682.jpg 1024w, https:\/\/diariodominicano.com\/wp-content\/uploads\/2023\/07\/image_6483441-3-1-300x200.jpg 300w, https:\/\/diariodominicano.com\/wp-content\/uploads\/2023\/07\/image_6483441-3-1-768x512.jpg 768w, https:\/\/diariodominicano.com\/wp-content\/uploads\/2023\/07\/image_6483441-3-1-816x544.jpg 816w, https:\/\/diariodominicano.com\/wp-content\/uploads\/2023\/07\/image_6483441-3-1.jpg 1280w\" sizes=\"auto, (max-width: 1024px) 100vw, 1024px\" \/><figcaption>Asistentes al acto  de anuncio de la feria.<\/figcaption><\/figure>\n\n\n\n<p><strong>La ceremonia de apertura se llevar\u00e1 a cabo el d\u00eda 26 de julio a partir de las 7:00 p.m. en el Sal\u00f3n Don Ram\u00f3n Salcedo del 2do nivel. Durante este acto, se rendir\u00e1 homenaje a destacadas personalidades de la sociedad local, as\u00ed como a empresas con gran influencia en el mercado.<\/strong><\/p>\n\n\n\n<p><strong>En esta edici\u00f3n, la feria estar\u00e1 dedicada al Licdo. Samuel Pereyra Rojas, Administrador General del Banco BANRESERVAS, en reconocimiento a su  trayectoria y contribuci\u00f3n al desarrollo econ\u00f3mico de Rep\u00fablica Dominicana.<\/strong><\/p>\n\n\n\n<p><strong>Durante la ceremonia de apertura, se otorgar\u00e1n varios galardones.<\/strong><\/p>\n\n\n\n<p><strong>  Pablo Grull\u00f3n, Presidente de TELEVIADUCTO, ser\u00e1 reconocido como mocano del a\u00f1o por su papel pionero en el principal canal de entretenimiento e informaci\u00f3n por cable de la provincia Espaillat desde 1985, as\u00ed como por su amor por la comunidad, responsabilidad social, y sus aportes a la cultura y el folklore local.<\/strong><\/p>\n\n\n\n<p><strong>Se reconocer\u00e1 a Oliverio Espaillat, Presidente de Espalsa, con el premio a la Excelencia Industrial. Este reconocimiento se debe a su constante crecimiento durante m\u00e1s de 30 a\u00f1os, as\u00ed como a la creaci\u00f3n y distribuci\u00f3n de productos alimenticios y maquinarias de excelente calidad, que han superado las expectativas de clientes y accionistas, diversificando la industria.<\/strong><\/p>\n\n\n\n<p><strong>La empresa Caplin Point Laboratories ser\u00e1 galardonada con el premio a la Excelencia Empresarial por su destacada labor en el enaltecimiento del sistema de salud en la Rep\u00fablica Dominicana. Mediante la oferta de una amplia gama de medicamentos y el establecimiento de est\u00e1ndares de calidad mundial, la empresa ha desarrollado programas educativos en universidades, proporcionado recursos para campamentos m\u00e9dicos y desastres naturales.<\/strong><\/p>\n\n\n\n<p><strong>Amaury Ceballos ser\u00e1 reconocido como Emprendedor del A\u00f1o por su destacada labor en el sector de la construcci\u00f3n y arquitectura. Su creatividad e innovaci\u00f3n han dejado una marca personal en cada una de las estructuras que ha levantado, y su honestidad, responsabilidad y dedicaci\u00f3n le han hecho merecedor de este reconocimiento.<\/strong><\/p>\n\n\n\n<p><strong>La Feria \u00abExpo-Moca 2023\u00bb es una actividad emblem\u00e1tica del comercio mocano que re\u00fane a miles de personas cada a\u00f1o. Adem\u00e1s de adquirir productos y servicios de calidad a precios c\u00f3modos, los asistentes podr\u00e1n disfrutar de un amplio programa cultural y recreativo.<\/strong><\/p>\n\n\n\n<p><strong>El comit\u00e9 de la Feria se ha propuesto abastecer a una gran parte de los consumidores locales con productos de calidad y a precios accesibles. <\/strong><\/p>\n\n\n\n<p><strong>Empresas locales y nacionales participar\u00e1n en este evento, ofreciendo provisiones, electrodom\u00e9sticos y productos de la canasta familiar a precios m\u00f3dicos. Adem\u00e1s, se llevar\u00e1n a cabo presentaciones en tarima de varios artistas reconocidos.<\/strong><\/p>\n\n\n\n<p><strong>El programa art\u00edstico de la feria incluye la presentaci\u00f3n de destacados artistas como La Barbie del Acorde\u00f3n en la noche de apertura del mi\u00e9rcoles 26, Kiko Rodr\u00edguez y el artista mocano Mitch L\u00f3pez el jueves 27, Robert Liriano y los artistas mocanos Reinaliz Liriano y el D\u00fao Los Cl\u00e1sicos el viernes 28, Shelow Shaq y los artistas mocanos Bielka Dur\u00e1n y el Nuevo Swing el s\u00e1bado 29,  Pochy Familia y el artista mocano Carlos Brito para el cierre del domingo 30.<\/strong><\/p>\n\n\n\n<p><strong>El domingo 30 tambi\u00e9n  se llevar\u00e1 a cabo una Tarde Infantil a partir de las 3:00 p.m., con la presencia de payasos, dulces y \u00fatiles escolares para los ni\u00f1os.<\/strong><\/p>\n\n\n\n<p><strong>La Feria \u00abExpo-Moca 2023\u00bb atrae a visitantes de ciudades vecinas como Santiago, Salcedo, Licey al Medio, La Vega, y todos los municipios cercanos a la ciudad de Moca, consolid\u00e1ndose como un evento de gran relevancia regional.<\/strong><\/p>\n\n\n\n<p><strong>La seguridad del evento estar\u00e1 garantizada mediante la colaboraci\u00f3n de diversas entidades, incluyendo la Polic\u00eda Nacional, Polic\u00eda Municipal, Polic\u00eda Comunitaria, Seguridad Privada, Ej\u00e9rcito Nacional y AMET.<\/strong><\/p>\n\n\n\n<p><strong>Para obtener m\u00e1s informaci\u00f3n sobre la Feria \u00abExpo-Moca 2023\u00bb y conocer las empresas participantes, se invita al p\u00fablico a visitar las redes sociales de FaceBook, Instagram, Twitter y YouTube como @ASOMAPROMRD y o contactar\u00a0 809-578-3859 ext. 103<\/strong><\/p>\n\n\n\n<p>Estephany Almonte<a target=\"_blank\" href=\"mailto:estephanyactiva@gmail.com\" rel=\"noreferrer noopener\">estephanyactiva@gmail.com<\/a>Abrir vista detallada<\/p>\n","protected":false},"excerpt":{"rendered":"<p>Moca, Rep\u00fablica Dominicana &#8211; Las Asociaciones de Mayoristas en Provisiones y Mayoristas en Chucher\u00edas de la Provincia Espaillat anunciaron la celebraci\u00f3n de la trig\u00e9sima primera edici\u00f3n de la Feria \u00abExpo-Moca 2023\u00bb. El evento se llevar\u00e1 a cabo desde el mi\u00e9rcoles 26 hasta el domingo 30 de julio en los terrenos de las entidades ubicados en [&hellip;]<\/p>\n","protected":false},"author":28,"featured_media":456707,"comment_status":"closed","ping_status":"","sticky":true,"template":"","format":"standard","meta":{"footnotes":""},"categories":[36,20,18,27,32],"tags":[],"class_list":["post-456706","post","type-post","status-publish","format-standard","has-post-thumbnail","hentry","category-hombresmujeresycosas","category-dominicana-hoy","category-economia","category-portada","category-turismo"],"_links":{"self":[{"href":"https:\/\/diariodominicano.com\/index.php?rest_route=\/wp\/v2\/posts\/456706","targetHints":{"allow":["GET"]}}],"collection":[{"href":"https:\/\/diariodominicano.com\/index.php?rest_route=\/wp\/v2\/posts"}],"about":[{"href":"https:\/\/diariodominicano.com\/index.php?rest_route=\/wp\/v2\/types\/post"}],"author":[{"embeddable":true,"href":"https:\/\/diariodominicano.com\/index.php?rest_route=\/wp\/v2\/users\/28"}],"replies":[{"embeddable":true,"href":"https:\/\/diariodominicano.com\/index.php?rest_route=%2Fwp%2Fv2%2Fcomments&post=456706"}],"version-history":[{"count":3,"href":"https:\/\/diariodominicano.com\/index.php?rest_route=\/wp\/v2\/posts\/456706\/revisions"}],"predecessor-version":[{"id":456714,"href":"https:\/\/diariodominicano.com\/index.php?rest_route=\/wp\/v2\/posts\/456706\/revisions\/456714"}],"wp:featuredmedia":[{"embeddable":true,"href":"https:\/\/diariodominicano.com\/index.php?rest_route=\/wp\/v2\/media\/456707"}],"wp:attachment":[{"href":"https:\/\/diariodominicano.com\/index.php?rest_route=%2Fwp%2Fv2%2Fmedia&parent=456706"}],"wp:term":[{"taxonomy":"category","embeddable":true,"href":"https:\/\/diariodominicano.com\/index.php?rest_route=%2Fwp%2Fv2%2Fcategories&post=456706"},{"taxonomy":"post_tag","embeddable":true,"href":"https:\/\/diariodominicano.com\/index.php?rest_route=%2Fwp%2Fv2%2Ftags&post=456706"}],"curies":[{"name":"wp","href":"https:\/\/api.w.org\/{rel}","templated":true}]}}