{"id":45670,"date":"2019-02-21T11:52:47","date_gmt":"2019-02-21T11:52:47","guid":{"rendered":"http:\/\/diariodominicano.ddns.net\/?p=45670"},"modified":"2019-02-21T11:52:47","modified_gmt":"2019-02-21T11:52:47","slug":"la-nueva-victoria-3","status":"publish","type":"post","link":"https:\/\/diariodominicano.com\/?p=45670","title":{"rendered":"LA NUEVA VICTORIA"},"content":{"rendered":"<p><body><\/p>\n<p>EL TIRO RAPIDO<\/p>\n<\/p>\n<\/p>\n<\/p>\n<p>Este martes el Procurador General, Jean Alain Rodr\u00edguez, dej\u00f3 inaugurados los trabajos de construcci\u00f3n del moderno recinto carcelario que llevar\u00e1 por nombre La Nueva Victoria.    El mismo ser\u00e1 levantado en el sector Las Parras, del municipio de Guerra, y est\u00e1 proyectado para albergar 8 mil 778 reclusos, casi la misma cantidad que se hacina en la actual prisi\u00f3n de La Victoria.<\/p>\n<\/p>\n<\/p>\n<p>La Nueva Victoria contar\u00e1 con celdas individuales, celdas conyugales, salas para visitas infantiles, celdas de observaci\u00f3n, reflexi\u00f3n y m\u00e1xima seguridad, comedor, gimnasio, canchas deportivas, economato y estaci\u00f3n de bomberos, conforme a los patrones que conforman una prisi\u00f3n moderna.<\/p>\n<\/p>\n<\/p>\n<p>Construida en 1952, la actual c\u00e1rcel de La Victoria es llamada  \u00abCementerio de Hombres Vivos\u00bb. El apelativo se corresponde con el t\u00edtulo de una de las m\u00e1s  estremecedoras obras del famoso escritor ruso Fiodor Dostoiewski, donde este relata las penosas condiciones de vida en las c\u00e1rceles y campos de trabajo forzado de la Siberia, que sufri\u00f3 en carne propia por varios a\u00f1os.<\/p>\n<\/p>\n<\/p>\n<p>Albergando una poblaci\u00f3n penal de alrededor de nueve mil reclusos hacinados en un espacio f\u00edsico construido para albergar mil doscientos, la misma ha sido por mucho tiempo la m\u00e1s v\u00edvida exposici\u00f3n de las condiciones infrahumanas  que debe soportar la poblaci\u00f3n penal y el nivel degradante en que se desenvuelve la vida dentro de sus muros.<\/p>\n<\/p>\n<\/p>\n<p>Es posible que una gran cantidad de ciudadanos, para los cuales el tema de la inseguridad por el auge de la delincuencia se ha convertido en principal motivo de preocupaci\u00f3n, consideren que los casi 6 mil 400 millones de pesos que costar\u00e1 La Nueva Victoria debieran ser invertidos en otras obras en vez de ser dedicados a mejorar las condiciones de vida de los reclusos.  Es un criterio errado.<\/p>\n<\/p>\n<\/p>\n<p>Las c\u00e1rceles existen para apartar de las calles a personas que han cometido alg\u00fan delito hasta que se entiendan han pagado su deuda. Pero el prop\u00f3sito fundamental de todo sistema carcelario, y lo que prueba su eficacia, es abrir la oportunidad y crear las condiciones para la rehabilitaci\u00f3n del recluso y su reinserci\u00f3n en la sociedad.<\/p>\n<\/p>\n<\/p>\n<p>Aunque la mayor\u00eda pudiera ignorarlo, las condiciones de vida que prevalecen en las c\u00e1rceles son tambi\u00e9n evaluadas  para medir el \u00edndice de progreso de una sociedad.  En nuestro caso, la puesta en marcha del sistema reformado ha arrojado resultados muy positivos, con un baj\u00edsimo \u00edndice de reincidencia de los que han pasado por el mismo, habiendo sido tomado como referente de aplicaci\u00f3n por otros pa\u00edses de la regi\u00f3n.  <\/p>\n<\/p>\n<\/p>\n<p>No todos los presos han cometido delitos graves ni presentan el mismo grado de peligrosidad.  No pueden ser medidos con la misma vara  el criminal pernicioso, habitual y cr\u00f3nico reincidente, el sicario que mata por encargo, el asesino desalmado, el feminicida o el violador de menores que quien est\u00e1 purgando por un delito ocasional o de menor cuant\u00eda.  En las condiciones de hacinamiento de la actual Victoria es imposible hacer esa distinci\u00f3n. <\/p>\n<\/p>\n<\/p>\n<p>Saludemos pues el inicio de los trabajos de La Nueva Victoria, importante hito de cambio en nuestro r\u00e9gimen penitenciario que manejada con criterio t\u00e9cnico y personal especializado est\u00e1 llamada a cambiar de manera significativa la vida de los reclusos, y abrir mucho mayores oportunidades de rehabilitaci\u00f3n a quienes realmente lo merezcan, objetivo fundamental de todo sistema carcelario.<\/p>\n<\/p>\n<\/p>\n<\/p>\n<p>&#8230;<\/p>\n<h6> 2019-02-21 11:52:47 <\/h6>\n<p><!--\n<link rel=\"stylesheet\" href=\"css\/bootstrap.min.css\">\n\n\n<ul class=\"pagination\">\n\t    \n\t\n\n<li >\n\t<a href='?page_no=835'>Previous<\/a>\n\t<\/li>\n\n\n       \n    \n\n<li><a href='?page_no=1'>1<\/a><\/li>\n\n\n\n<li><a href='?page_no=2'>2<\/a><\/li>\n\n\n\n<li><a>...<\/a><\/li>\n\n\n\n<li><a href='?page_no=834'>834<\/a><\/li>\n\n\n\n<li><a href='?page_no=835'>835<\/a><\/li>\n\n\n\n<li class='active'><a>836<\/a><\/li>\n\n\n\n<li><a href='?page_no=837'>837<\/a><\/li>\n\n\n\n<li><a href='?page_no=838'>838<\/a><\/li>\n\n\n\n<li><a>...<\/a><\/li>\n\n\n\n<li><a href='?page_no=13611'>13611<\/a><\/li>\n\n\n\n<li><a href='?page_no=13612'>13612<\/a><\/li>\n\n    \n\t\n\n<li >\n\t<a href='?page_no=837'>Next<\/a>\n\t<\/li>\n\n\n    \n\n<li><a href='?page_no=13612'>Last &rsaquo;&rsaquo;<\/a><\/li>\n\n<\/ul>\n\n\n--><br \/>\n<\/body><\/p>\n","protected":false},"excerpt":{"rendered":"<p>EL TIRO RAPIDO Este martes el Procurador General, Jean Alain Rodr\u00edguez, dej\u00f3 inaugurados los trabajos de construcci\u00f3n del moderno recinto carcelario que llevar\u00e1 por nombre La Nueva Victoria. El mismo ser\u00e1 levantado en el sector Las Parras, del municipio de Guerra, y est\u00e1 proyectado para albergar 8 mil 778 reclusos, casi la misma cantidad que [&hellip;]<\/p>\n","protected":false},"author":3,"featured_media":0,"comment_status":"open","ping_status":"open","sticky":false,"template":"","format":"standard","meta":{"footnotes":""},"categories":[16],"tags":[],"class_list":["post-45670","post","type-post","status-publish","format-standard","hentry","category-opiniones"],"_links":{"self":[{"href":"https:\/\/diariodominicano.com\/index.php?rest_route=\/wp\/v2\/posts\/45670","targetHints":{"allow":["GET"]}}],"collection":[{"href":"https:\/\/diariodominicano.com\/index.php?rest_route=\/wp\/v2\/posts"}],"about":[{"href":"https:\/\/diariodominicano.com\/index.php?rest_route=\/wp\/v2\/types\/post"}],"author":[{"embeddable":true,"href":"https:\/\/diariodominicano.com\/index.php?rest_route=\/wp\/v2\/users\/3"}],"replies":[{"embeddable":true,"href":"https:\/\/diariodominicano.com\/index.php?rest_route=%2Fwp%2Fv2%2Fcomments&post=45670"}],"version-history":[{"count":0,"href":"https:\/\/diariodominicano.com\/index.php?rest_route=\/wp\/v2\/posts\/45670\/revisions"}],"wp:attachment":[{"href":"https:\/\/diariodominicano.com\/index.php?rest_route=%2Fwp%2Fv2%2Fmedia&parent=45670"}],"wp:term":[{"taxonomy":"category","embeddable":true,"href":"https:\/\/diariodominicano.com\/index.php?rest_route=%2Fwp%2Fv2%2Fcategories&post=45670"},{"taxonomy":"post_tag","embeddable":true,"href":"https:\/\/diariodominicano.com\/index.php?rest_route=%2Fwp%2Fv2%2Ftags&post=45670"}],"curies":[{"name":"wp","href":"https:\/\/api.w.org\/{rel}","templated":true}]}}