{"id":45659,"date":"2019-02-21T23:09:14","date_gmt":"2019-02-21T23:09:14","guid":{"rendered":"http:\/\/diariodominicano.ddns.net\/?p=45659"},"modified":"2019-02-21T23:09:14","modified_gmt":"2019-02-21T23:09:14","slug":"a-pleno-solindependencia-permanente","status":"publish","type":"post","link":"https:\/\/diariodominicano.com\/?p=45659","title":{"rendered":"&#13;&#13;A Pleno Sol&#13;&#13;Independencia permanente"},"content":{"rendered":"<p><body><\/p>\n<p><strong>Por Manuel Hern\u00e1ndez Villeta<\/strong><\/p>\n<\/p>\n<\/p>\n<p>La Independencia Nacional sigue inconclusa.  En el 1844 se dio el paso al frente con los mosquetes en las manos. Se ech\u00f3 al interventor haitiano, pero las luchas intestinas dejaron  a medio el proceso independentista. Juan Pablo Duarte era el m\u00e1s puro y combativo de los Trinitarios, levantando la idea de una patria libre y soberana.<\/p>\n<\/p>\n<p>Duarte es el gran idealista que dio forma a esta rep\u00fablica. Est\u00e1 presente. Los grandes hombres de la historia nunca mueren. Su ejemplo y su mensaje redentor siempre est\u00e1n presentes. Pero Duarte ha sido un olvidado por siempre. Una pieza que se guarda en una gaveta y se saca cuando beneficia a intereses personales.<\/p>\n<\/p>\n<p>En el 1844 muchos enfrentaban a los haitianos, pero solo un pu\u00f1ado ten\u00eda la firme convicci\u00f3n de dar paso a una Rep\u00fablica Dominicana libre e independiente. Hoy hay entreguistas de nuevo cu\u00f1o, que venden su conciencia, su alma y su Patria al mejor postor.<\/p>\n<\/p>\n<p>Pedro Santana no ten\u00eda fe en una rep\u00fablica independiente. Para el todo era sacar a los haitianos y buscar la protecci\u00f3n de los espa\u00f1oles. Sus hateros no cre\u00edan en seguir una senda de libertad y soberan\u00eda. La ley del sable era su consigna, y el someter por la fuerza a los opositores la ordenanza.<\/p>\n<\/p>\n<p>Saludo el primer aniversario de la gesta independentista con un ba\u00f1o de sangre. Santana no consideraba una opci\u00f3n vivir en un pa\u00eds libre. Ten\u00eda genes de esclavo de los espa\u00f1oles  y de colonialista de bueyes y caballos.<\/p>\n<\/p>\n<p>Hoy  hay que estudiar la independencia del 27 de febrero. La divisi\u00f3n siempre ha sido el trauma de los dominicanos. Nunca se ha dado una gran concertaci\u00f3n nacional. Por d\u00e9cadas lo que se ha impuesto es la lucha de grupos, donde el m\u00e1s fuerte sepulta a los otros.<\/p>\n<\/p>\n<p>Vamos a luchar por la gran Independencia Nacional, a continuar la brega que inicio Juan Pablo Duarte, y que tan pronto como en el 1844 las divisiones dieron al traste con la idea emancipadora. A retomar los caminos y a luchar brazo en alto, para que se imponga la libertad, la independencia y la soberan\u00eda. \u00a1Ay!, se me acabo la tinta.<\/p>\n<\/p>\n<\/p>\n<h6> 2019-02-21 23:09:14 <\/h6>\n<p><!--\n<link rel=\"stylesheet\" href=\"css\/bootstrap.min.css\">\n\n\n<ul class=\"pagination\">\n\t    \n\t\n\n<li >\n\t<a href='?page_no=834'>Previous<\/a>\n\t<\/li>\n\n\n       \n    \n\n<li><a href='?page_no=1'>1<\/a><\/li>\n\n\n\n<li><a href='?page_no=2'>2<\/a><\/li>\n\n\n\n<li><a>...<\/a><\/li>\n\n\n\n<li><a href='?page_no=833'>833<\/a><\/li>\n\n\n\n<li><a href='?page_no=834'>834<\/a><\/li>\n\n\n\n<li class='active'><a>835<\/a><\/li>\n\n\n\n<li><a href='?page_no=836'>836<\/a><\/li>\n\n\n\n<li><a href='?page_no=837'>837<\/a><\/li>\n\n\n\n<li><a>...<\/a><\/li>\n\n\n\n<li><a href='?page_no=13611'>13611<\/a><\/li>\n\n\n\n<li><a href='?page_no=13612'>13612<\/a><\/li>\n\n    \n\t\n\n<li >\n\t<a href='?page_no=836'>Next<\/a>\n\t<\/li>\n\n\n    \n\n<li><a href='?page_no=13612'>Last &rsaquo;&rsaquo;<\/a><\/li>\n\n<\/ul>\n\n\n--><br \/>\n<\/body><\/p>\n","protected":false},"excerpt":{"rendered":"<p>Por Manuel Hern\u00e1ndez Villeta La Independencia Nacional sigue inconclusa. En el 1844 se dio el paso al frente con los mosquetes en las manos. Se ech\u00f3 al interventor haitiano, pero las luchas intestinas dejaron a medio el proceso independentista. Juan Pablo Duarte era el m\u00e1s puro y combativo de los Trinitarios, levantando la idea de [&hellip;]<\/p>\n","protected":false},"author":3,"featured_media":0,"comment_status":"open","ping_status":"open","sticky":false,"template":"","format":"standard","meta":{"footnotes":""},"categories":[16],"tags":[],"class_list":["post-45659","post","type-post","status-publish","format-standard","hentry","category-opiniones"],"_links":{"self":[{"href":"https:\/\/diariodominicano.com\/index.php?rest_route=\/wp\/v2\/posts\/45659","targetHints":{"allow":["GET"]}}],"collection":[{"href":"https:\/\/diariodominicano.com\/index.php?rest_route=\/wp\/v2\/posts"}],"about":[{"href":"https:\/\/diariodominicano.com\/index.php?rest_route=\/wp\/v2\/types\/post"}],"author":[{"embeddable":true,"href":"https:\/\/diariodominicano.com\/index.php?rest_route=\/wp\/v2\/users\/3"}],"replies":[{"embeddable":true,"href":"https:\/\/diariodominicano.com\/index.php?rest_route=%2Fwp%2Fv2%2Fcomments&post=45659"}],"version-history":[{"count":0,"href":"https:\/\/diariodominicano.com\/index.php?rest_route=\/wp\/v2\/posts\/45659\/revisions"}],"wp:attachment":[{"href":"https:\/\/diariodominicano.com\/index.php?rest_route=%2Fwp%2Fv2%2Fmedia&parent=45659"}],"wp:term":[{"taxonomy":"category","embeddable":true,"href":"https:\/\/diariodominicano.com\/index.php?rest_route=%2Fwp%2Fv2%2Fcategories&post=45659"},{"taxonomy":"post_tag","embeddable":true,"href":"https:\/\/diariodominicano.com\/index.php?rest_route=%2Fwp%2Fv2%2Ftags&post=45659"}],"curies":[{"name":"wp","href":"https:\/\/api.w.org\/{rel}","templated":true}]}}