{"id":45637,"date":"2019-02-24T20:56:11","date_gmt":"2019-02-24T20:56:11","guid":{"rendered":"http:\/\/diariodominicano.ddns.net\/?p=45637"},"modified":"2019-02-24T20:56:11","modified_gmt":"2019-02-24T20:56:11","slug":"trampa-sistemica","status":"publish","type":"post","link":"https:\/\/diariodominicano.com\/?p=45637","title":{"rendered":"TRAMPA SIST\u00c9MICA"},"content":{"rendered":"<p><body><\/p>\n<p>                                                                                                              Por  Narciso Isa Conde<\/p>\n<\/p>\n<p>Este sistema jur\u00eddico-pol\u00edtico-institucional est\u00e1 conformado para reproducirse incrementando sus vicios y  estructuras de poder al servicio de un empresariado voraz y de una partidocracia insaciable, que asumen el patrimonio estatal y natural de la Naci\u00f3n como propios.<\/p>\n<\/p>\n<p>Los movimientos sociales y agrupaciones pol\u00edticas que  han optado por reformarlo para bien a trav\u00e9s de esta institucionalidad, o han quedado entrampados en sus propias redes, o han sido afueriados o marginalizados.<\/p>\n<\/p>\n<p>Estas caracter\u00edsticas del sistema dominante fueron perfeccionadas a ra\u00edz de las contra-reformas constitucionales del 2010 y ahora con la ley de partidos y ley electoral.<\/p>\n<\/p>\n<p>En la primera ocasi\u00f3n se reforz\u00f3 el poder presidencial y senatorial,  dise\u00f1ados para controlar f\u00e9rreamente todas las instituciones y dar paso a una dictadura constitucional.<\/p>\n<\/p>\n<p>En la segunda, qued\u00f3 consolidado un sistema electoral que favorece el duo-polio corrupto y conservador (oficialismo y oposici\u00f3n), con ventajas a favor del primero.<\/p>\n<\/p>\n<p>En tal contexto es ilusorio esperar que las incursiones en \u00e9l de movimientos y  l\u00edderes pro-reformas o pro cambios estructurales, pueda obtener resultados m\u00e1s felices que los registrados en ocasiones anteriores.<\/p>\n<\/p>\n<p>Al contrario -aun potenciados temporalmente con las nuevas energ\u00edas verdes- si mantienen un perfil independiente, les ir\u00e1 mal; y si se suman a cualquier polo conservador (PRM incluido), pierden no solo su \u00e1ngel, sino su esencia reformadora por contaminaci\u00f3n, gravitaci\u00f3n del empresariado vinculado al negocio pol\u00edtico y entrampamiento dentro del marco institucional vigente.<\/p>\n<\/p>\n<p>Ambas posibilidades negativas tienen ya antecedentes aleccionadores que dan fe de que los liderazgos sociales o pol\u00edticos-sociales, forjados fuera del sistema institucionalizado, no pueden  transferir sus virtudes a un escenario que tiene poder para absorber sus potencialidades alternativas y  condicionarlos a actuar dentro de su l\u00f3gica  dominante.<\/p>\n<\/p>\n<p>Esto es v\u00e1lido para todo lo acumulado desde el espectacular Movimiento Marcha Verde, tanto en cuanto a sus organizaciones confluyentes como  a sus rostros m\u00e1s destacados.<\/p>\n<\/p>\n<p>Salirse de su din\u00e1mica, que ha dejado al sistema de partidos sin poder de convocatoria y bajado a cifras rid\u00edculas los niveles de confianza y aceptaci\u00f3n de la sociedad en ellos, para ahora ponerse en brazos del partidismo tradicional en procura de terciar electoralmente dentro de la podrida institucionalidad  que ha forjado, podr\u00eda ser un salto en el vac\u00edo.<\/p>\n<\/p>\n<p>La l\u00f3gica del cambio real es diametralmente opuesta a esa aventura conservadora movida por aspiraciones personales desmedidas.<\/p>\n<\/p>\n<p>Es politizar los liderazgos sociales, colectivos e individuales, con una propuesta de ruptura de este marco jur\u00eddico institucional, portadora de un proceso constituyente alternativo al poder constituido en descomposici\u00f3n. (El Nacional, 24-02-2019, Santo Domingo, RD)<\/p>\n<\/p>\n<p>Zona de los archivos adjuntos<\/p>\n<h6> 2019-02-24 20:56:11 <\/h6>\n<p><!--\n<link rel=\"stylesheet\" href=\"css\/bootstrap.min.css\">\n\n\n<ul class=\"pagination\">\n\t    \n\t\n\n<li >\n\t<a href='?page_no=832'>Previous<\/a>\n\t<\/li>\n\n\n       \n    \n\n<li><a href='?page_no=1'>1<\/a><\/li>\n\n\n\n<li><a href='?page_no=2'>2<\/a><\/li>\n\n\n\n<li><a>...<\/a><\/li>\n\n\n\n<li><a href='?page_no=831'>831<\/a><\/li>\n\n\n\n<li><a href='?page_no=832'>832<\/a><\/li>\n\n\n\n<li class='active'><a>833<\/a><\/li>\n\n\n\n<li><a href='?page_no=834'>834<\/a><\/li>\n\n\n\n<li><a href='?page_no=835'>835<\/a><\/li>\n\n\n\n<li><a>...<\/a><\/li>\n\n\n\n<li><a href='?page_no=13611'>13611<\/a><\/li>\n\n\n\n<li><a href='?page_no=13612'>13612<\/a><\/li>\n\n    \n\t\n\n<li >\n\t<a href='?page_no=834'>Next<\/a>\n\t<\/li>\n\n\n    \n\n<li><a href='?page_no=13612'>Last &rsaquo;&rsaquo;<\/a><\/li>\n\n<\/ul>\n\n\n--><br \/>\n<\/body><\/p>\n","protected":false},"excerpt":{"rendered":"<p>Por Narciso Isa Conde Este sistema jur\u00eddico-pol\u00edtico-institucional est\u00e1 conformado para reproducirse incrementando sus vicios y estructuras de poder al servicio de un empresariado voraz y de una partidocracia insaciable, que asumen el patrimonio estatal y natural de la Naci\u00f3n como propios. Los movimientos sociales y agrupaciones pol\u00edticas que han optado por reformarlo para bien a [&hellip;]<\/p>\n","protected":false},"author":3,"featured_media":0,"comment_status":"open","ping_status":"open","sticky":false,"template":"","format":"standard","meta":{"footnotes":""},"categories":[16],"tags":[],"class_list":["post-45637","post","type-post","status-publish","format-standard","hentry","category-opiniones"],"_links":{"self":[{"href":"https:\/\/diariodominicano.com\/index.php?rest_route=\/wp\/v2\/posts\/45637","targetHints":{"allow":["GET"]}}],"collection":[{"href":"https:\/\/diariodominicano.com\/index.php?rest_route=\/wp\/v2\/posts"}],"about":[{"href":"https:\/\/diariodominicano.com\/index.php?rest_route=\/wp\/v2\/types\/post"}],"author":[{"embeddable":true,"href":"https:\/\/diariodominicano.com\/index.php?rest_route=\/wp\/v2\/users\/3"}],"replies":[{"embeddable":true,"href":"https:\/\/diariodominicano.com\/index.php?rest_route=%2Fwp%2Fv2%2Fcomments&post=45637"}],"version-history":[{"count":0,"href":"https:\/\/diariodominicano.com\/index.php?rest_route=\/wp\/v2\/posts\/45637\/revisions"}],"wp:attachment":[{"href":"https:\/\/diariodominicano.com\/index.php?rest_route=%2Fwp%2Fv2%2Fmedia&parent=45637"}],"wp:term":[{"taxonomy":"category","embeddable":true,"href":"https:\/\/diariodominicano.com\/index.php?rest_route=%2Fwp%2Fv2%2Fcategories&post=45637"},{"taxonomy":"post_tag","embeddable":true,"href":"https:\/\/diariodominicano.com\/index.php?rest_route=%2Fwp%2Fv2%2Ftags&post=45637"}],"curies":[{"name":"wp","href":"https:\/\/api.w.org\/{rel}","templated":true}]}}