{"id":456344,"date":"2023-07-18T23:51:00","date_gmt":"2023-07-19T03:51:00","guid":{"rendered":"http:\/\/diariodominicano.com\/?p=456344"},"modified":"2023-07-19T08:47:36","modified_gmt":"2023-07-19T12:47:36","slug":"fiscalia-sde-y-norte-obtiene-prision-preventiva-contra-hombre-vinculado-a-asalto-en-que-murio-agente-policial-pensionado","status":"publish","type":"post","link":"https:\/\/diariodominicano.com\/?p=456344","title":{"rendered":"Fiscal\u00eda SDE y Norte obtiene prisi\u00f3n preventiva contra hombre vinculado a asalto en que muri\u00f3 agente policial pensionado"},"content":{"rendered":"\n<p>SANTO DOMINGO, Rep\u00fablica Dominicana.- El Ministerio P\u00fablico de Santo Domingo Este y Norte obtuvo tres meses de prisi\u00f3n preventiva en contra de un hombre implicado en la muerte de un agente policial pensionado, durante un asalto ocurrido en el sector Hacienda Estrella, de Santo Domingo Norte, en el que la v\u00edctima fue despojada &nbsp;arma de reglamento y de la motocicleta en la que se transportaba.&nbsp;<\/p>\n\n\n\n<p>La jueza Yenny Mu\u00f1oz, de la Oficina Judicial de Servicios de Atenci\u00f3n Permanente de Santo Domingo Este, le impuso la medida de coerci\u00f3n al imputado Daniel Francisco Jim\u00e9nez S\u00e1nchez (Chiqui o Picota), por la muerte de Ram\u00f3n Antonio Morel Canela.&nbsp;<\/p>\n\n\n\n<p>Jim\u00e9nez S\u00e1nchez fue enviado a la Penitenciar\u00eda Nacional de La Victoria a cumplir la prisi\u00f3n preventiva.&nbsp;<\/p>\n\n\n\n<p>Sobre los hechos,&nbsp;el fiscal investigador Geivis Tapia relata en la solicitud de medida de coerci\u00f3n que el asalto fue perpetrado en fecha 11 de marzo de 2023, alrededor de las 10:00 de la noche, en la calle La Uni\u00f3n, del sector Hacienda Estrella, de Santo Domingo Norte, cuando la v\u00edctima llegaba a su residencia a bordo de una motocicleta.&nbsp;<\/p>\n\n\n\n<p>Indica que, en ese momento, Morel Canela fue interceptado por el encartado Daniel Francisco Jim\u00e9nez S\u00e1nchez, quien cometi\u00f3 el hecho junto a los imputados Jer\u00f3nimo Antonio Rodr\u00edguez Jim\u00e9nez o Antonio Rodr\u00edguez Jim\u00e9nez (Ger\u00f3nimo o Berija) y Yeuribell Henr\u00edquez Francis o Yeribell Henr\u00edquez Franncis (Blondi), quienes tambi\u00e9n est\u00e1n siendo judicializados por el caso.&nbsp;<\/p>\n\n\n\n<p>La instancia refiere que, luego de que la v\u00edctima fue interceptada, se produjo un forcejeo en el que hoy occiso fue despojado del arma de fuego que portaba en su condici\u00f3n de miembro pensionado de la Polic\u00eda Nacional. Posteriormente, los asaltantes lanzaron al piso a la v\u00edctima y le dispararon en el abdomen, lo que le ocasion\u00f3 la muerte.&nbsp;<\/p>\n\n\n\n<p>El Ministerio P\u00fablico, representado por el fiscal litigante \u00c1ngel B. Medina Tav\u00e1rez, mostr\u00f3 suficientes elementos probatorios que vinculan a Jim\u00e9nez S\u00e1nchez con los hechos que se les imputan, los cuales constituyen una violaci\u00f3n a los art\u00edculos 265, 266, 295, 304, 379, 382, 383 y 295 del C\u00f3digo Penal Dominicano, y los art\u00edculos 66 y 67 de la Ley 631-16 para el Control y Regulaci\u00f3n de Armas, Municiones y Materiales Relacionados.&nbsp;<\/p>\n\n\n\n<p>Direcci\u00f3n General de Comunicaci\u00f3n, Prensa, y RRPP<\/p>\n\n\n\n<p>Ministerio P\u00fablico.&nbsp;R.D.<\/p>\n\n\n\n<p>Martes, 18 de julio de 2023.<\/p>\n","protected":false},"excerpt":{"rendered":"<p>SANTO DOMINGO, Rep\u00fablica Dominicana.- El Ministerio P\u00fablico de Santo Domingo Este y Norte obtuvo tres meses de prisi\u00f3n preventiva en contra de un hombre implicado en la muerte de un agente policial pensionado, durante un asalto ocurrido en el sector Hacienda Estrella, de Santo Domingo Norte, en el que la v\u00edctima fue despojada &nbsp;arma de [&hellip;]<\/p>\n","protected":false},"author":28,"featured_media":265615,"comment_status":"closed","ping_status":"","sticky":true,"template":"","format":"standard","meta":{"footnotes":""},"categories":[24,29,27],"tags":[],"class_list":["post-456344","post","type-post","status-publish","format-standard","has-post-thumbnail","hentry","category-justicia-y-derecho","category-policiasucesos","category-portada"],"_links":{"self":[{"href":"https:\/\/diariodominicano.com\/index.php?rest_route=\/wp\/v2\/posts\/456344","targetHints":{"allow":["GET"]}}],"collection":[{"href":"https:\/\/diariodominicano.com\/index.php?rest_route=\/wp\/v2\/posts"}],"about":[{"href":"https:\/\/diariodominicano.com\/index.php?rest_route=\/wp\/v2\/types\/post"}],"author":[{"embeddable":true,"href":"https:\/\/diariodominicano.com\/index.php?rest_route=\/wp\/v2\/users\/28"}],"replies":[{"embeddable":true,"href":"https:\/\/diariodominicano.com\/index.php?rest_route=%2Fwp%2Fv2%2Fcomments&post=456344"}],"version-history":[{"count":2,"href":"https:\/\/diariodominicano.com\/index.php?rest_route=\/wp\/v2\/posts\/456344\/revisions"}],"predecessor-version":[{"id":456369,"href":"https:\/\/diariodominicano.com\/index.php?rest_route=\/wp\/v2\/posts\/456344\/revisions\/456369"}],"wp:featuredmedia":[{"embeddable":true,"href":"https:\/\/diariodominicano.com\/index.php?rest_route=\/wp\/v2\/media\/265615"}],"wp:attachment":[{"href":"https:\/\/diariodominicano.com\/index.php?rest_route=%2Fwp%2Fv2%2Fmedia&parent=456344"}],"wp:term":[{"taxonomy":"category","embeddable":true,"href":"https:\/\/diariodominicano.com\/index.php?rest_route=%2Fwp%2Fv2%2Fcategories&post=456344"},{"taxonomy":"post_tag","embeddable":true,"href":"https:\/\/diariodominicano.com\/index.php?rest_route=%2Fwp%2Fv2%2Ftags&post=456344"}],"curies":[{"name":"wp","href":"https:\/\/api.w.org\/{rel}","templated":true}]}}