{"id":456336,"date":"2023-07-18T23:46:57","date_gmt":"2023-07-19T03:46:57","guid":{"rendered":"http:\/\/diariodominicano.com\/?p=456336"},"modified":"2023-07-18T23:47:59","modified_gmt":"2023-07-19T03:47:59","slug":"autoridades-realizan-diversos-operativos-en-centros-correccionales-de-monte-plata-y-moca","status":"publish","type":"post","link":"https:\/\/diariodominicano.com\/?p=456336","title":{"rendered":"Autoridades realizan diversos operativos en centros correccionales de Monte Plata y Moca"},"content":{"rendered":"\n<p>SANTO DOMINGO, Rep\u00fablica Dominicana.- La Direcci\u00f3n General de Servicios Penitenciarios y Correccionales (DGSPC) inform\u00f3 que las autoridades penitenciarias de los centros correccionales de Monte Plata y La Isleta, de Moca, provincia Espaillat, realizaron operativos m\u00e9dico, as\u00ed como de limpieza de los recintos y requisas en la que ocuparon objetos il\u00edcitos.\u00a0<\/p>\n\n\n\n<figure class=\"wp-block-image size-large\"><img loading=\"lazy\" decoding=\"async\" width=\"1024\" height=\"576\" src=\"https:\/\/diariodominicano.com\/wp-content\/uploads\/2023\/07\/PHOTO-2023-07-16-00-42-07-7-1024x576.jpg\" alt=\"\" class=\"wp-image-456338\" srcset=\"https:\/\/diariodominicano.com\/wp-content\/uploads\/2023\/07\/PHOTO-2023-07-16-00-42-07-7-1024x576.jpg 1024w, https:\/\/diariodominicano.com\/wp-content\/uploads\/2023\/07\/PHOTO-2023-07-16-00-42-07-7-300x169.jpg 300w, https:\/\/diariodominicano.com\/wp-content\/uploads\/2023\/07\/PHOTO-2023-07-16-00-42-07-7-768x432.jpg 768w, https:\/\/diariodominicano.com\/wp-content\/uploads\/2023\/07\/PHOTO-2023-07-16-00-42-07-7-1536x864.jpg 1536w, https:\/\/diariodominicano.com\/wp-content\/uploads\/2023\/07\/PHOTO-2023-07-16-00-42-07-7-816x459.jpg 816w, https:\/\/diariodominicano.com\/wp-content\/uploads\/2023\/07\/PHOTO-2023-07-16-00-42-07-7.jpg 1600w\" sizes=\"auto, (max-width: 1024px) 100vw, 1024px\" \/><\/figure>\n\n\n\n<figure class=\"wp-block-image size-large\"><img loading=\"lazy\" decoding=\"async\" width=\"1024\" height=\"576\" src=\"https:\/\/diariodominicano.com\/wp-content\/uploads\/2023\/07\/PHOTO-2023-07-16-00-42-07-1-2-1024x576.jpg\" alt=\"\" class=\"wp-image-456340\" srcset=\"https:\/\/diariodominicano.com\/wp-content\/uploads\/2023\/07\/PHOTO-2023-07-16-00-42-07-1-2-1024x576.jpg 1024w, https:\/\/diariodominicano.com\/wp-content\/uploads\/2023\/07\/PHOTO-2023-07-16-00-42-07-1-2-300x169.jpg 300w, https:\/\/diariodominicano.com\/wp-content\/uploads\/2023\/07\/PHOTO-2023-07-16-00-42-07-1-2-768x432.jpg 768w, https:\/\/diariodominicano.com\/wp-content\/uploads\/2023\/07\/PHOTO-2023-07-16-00-42-07-1-2-1536x864.jpg 1536w, https:\/\/diariodominicano.com\/wp-content\/uploads\/2023\/07\/PHOTO-2023-07-16-00-42-07-1-2-816x459.jpg 816w, https:\/\/diariodominicano.com\/wp-content\/uploads\/2023\/07\/PHOTO-2023-07-16-00-42-07-1-2.jpg 1600w\" sizes=\"auto, (max-width: 1024px) 100vw, 1024px\" \/><\/figure>\n\n\n\n<p>Como parte de las labores fue realizado un operativo odontol\u00f3gico en el CCR Monte Plata, que estuvo a cargo de la Fundaci\u00f3n Jesucristo Misi\u00f3n de Amor y Rescate (Funjemar), en la que participaron las doctoras Yajaira Mer\u00e1n Del Rosario, Danyelin De Los Santos De la cruz, Bernarda Arias Rijo, Ana Yafreisy Mateo Encarnaci\u00f3n, G\u00e9nesis Javier y Felicia Alc\u00e1ntara Moronta.<\/p>\n\n\n\n<p>En el mismo se les brind\u00f3 asistencia a 37 privados de libertad, a quienes les fueron realizadas 29 extracciones y ocho limpiezas.<\/p>\n\n\n\n<figure class=\"wp-block-image size-large\"><img loading=\"lazy\" decoding=\"async\" width=\"425\" height=\"1024\" src=\"https:\/\/diariodominicano.com\/wp-content\/uploads\/2023\/07\/PHOTO-2023-07-15-15-37-57-425x1024.jpg\" alt=\"\" class=\"wp-image-456342\" srcset=\"https:\/\/diariodominicano.com\/wp-content\/uploads\/2023\/07\/PHOTO-2023-07-15-15-37-57-425x1024.jpg 425w, https:\/\/diariodominicano.com\/wp-content\/uploads\/2023\/07\/PHOTO-2023-07-15-15-37-57-125x300.jpg 125w, https:\/\/diariodominicano.com\/wp-content\/uploads\/2023\/07\/PHOTO-2023-07-15-15-37-57.jpg 528w\" sizes=\"auto, (max-width: 425px) 100vw, 425px\" \/><\/figure>\n\n\n\n<p>En tanto que en el CCR La Isleta, de Moca, se estuvo realizando un operativo de limpieza general, donde tambi\u00e9n las autoridades aprovecharon para realizar el retiro de objetos il\u00edcitos que estaban en poder de los internos, con el apoyo del personal de unidades especiales, el administrativo y el de tratamiento.<\/p>\n\n\n\n<p>Durante esta requisa se ocuparon un total de aproximadamente 109 art\u00edculos, entre los que figuran: 40 tel\u00e9fonos celulares inteligentes, dos tel\u00e9fonos no inteligentes denominados \u201cmaquitos\u201d, dos m\u00f3dem de wifi, varias bater\u00edas de tel\u00e9fonos, seis radios port\u00e1tiles, 49 objetos cortopunzantes, una tijera, cinco porciones de marihuana y cuatro andullos de tabaco.<\/p>\n\n\n\n<p>Direcci\u00f3n General de Comunicaci\u00f3n, Prensa, y RRPP<\/p>\n\n\n\n<p>Ministerio P\u00fablico.&nbsp;R.D.<\/p>\n\n\n\n<p>Martes, 18 de julio de 2023.<\/p>\n","protected":false},"excerpt":{"rendered":"<p>SANTO DOMINGO, Rep\u00fablica Dominicana.- La Direcci\u00f3n General de Servicios Penitenciarios y Correccionales (DGSPC) inform\u00f3 que las autoridades penitenciarias de los centros correccionales de Monte Plata y La Isleta, de Moca, provincia Espaillat, realizaron operativos m\u00e9dico, as\u00ed como de limpieza de los recintos y requisas en la que ocuparon objetos il\u00edcitos.\u00a0 Como parte de las labores [&hellip;]<\/p>\n","protected":false},"author":28,"featured_media":456337,"comment_status":"closed","ping_status":"","sticky":false,"template":"","format":"standard","meta":{"footnotes":""},"categories":[24,29],"tags":[],"class_list":["post-456336","post","type-post","status-publish","format-standard","has-post-thumbnail","hentry","category-justicia-y-derecho","category-policiasucesos"],"_links":{"self":[{"href":"https:\/\/diariodominicano.com\/index.php?rest_route=\/wp\/v2\/posts\/456336","targetHints":{"allow":["GET"]}}],"collection":[{"href":"https:\/\/diariodominicano.com\/index.php?rest_route=\/wp\/v2\/posts"}],"about":[{"href":"https:\/\/diariodominicano.com\/index.php?rest_route=\/wp\/v2\/types\/post"}],"author":[{"embeddable":true,"href":"https:\/\/diariodominicano.com\/index.php?rest_route=\/wp\/v2\/users\/28"}],"replies":[{"embeddable":true,"href":"https:\/\/diariodominicano.com\/index.php?rest_route=%2Fwp%2Fv2%2Fcomments&post=456336"}],"version-history":[{"count":3,"href":"https:\/\/diariodominicano.com\/index.php?rest_route=\/wp\/v2\/posts\/456336\/revisions"}],"predecessor-version":[{"id":456343,"href":"https:\/\/diariodominicano.com\/index.php?rest_route=\/wp\/v2\/posts\/456336\/revisions\/456343"}],"wp:featuredmedia":[{"embeddable":true,"href":"https:\/\/diariodominicano.com\/index.php?rest_route=\/wp\/v2\/media\/456337"}],"wp:attachment":[{"href":"https:\/\/diariodominicano.com\/index.php?rest_route=%2Fwp%2Fv2%2Fmedia&parent=456336"}],"wp:term":[{"taxonomy":"category","embeddable":true,"href":"https:\/\/diariodominicano.com\/index.php?rest_route=%2Fwp%2Fv2%2Fcategories&post=456336"},{"taxonomy":"post_tag","embeddable":true,"href":"https:\/\/diariodominicano.com\/index.php?rest_route=%2Fwp%2Fv2%2Ftags&post=456336"}],"curies":[{"name":"wp","href":"https:\/\/api.w.org\/{rel}","templated":true}]}}