{"id":45626,"date":"2019-02-25T06:20:24","date_gmt":"2019-02-25T06:20:24","guid":{"rendered":"http:\/\/diariodominicano.ddns.net\/?p=45626"},"modified":"2019-02-25T06:20:24","modified_gmt":"2019-02-25T06:20:24","slug":"sistema-partidario-debe-transformarsede-analogo-a-digital","status":"publish","type":"post","link":"https:\/\/diariodominicano.com\/?p=45626","title":{"rendered":"\u00a1SISTEMA PARTIDARIO DEBE&#13; TRANSFORMARSE&#13;DE AN\u00c1LOGO A DIGITAL!"},"content":{"rendered":"<p><body><\/p>\n<p><strong>FRANKLIN ALMEYDA<\/strong><\/p>\n<\/p>\n<p>Durante todo febrero se celebraron talleres electorales para las 32 provincias del pa\u00eds, adiestrando sobre el Sistema Inteligente Electoral LF (SIELF). Se trata de la utilizaci\u00f3n de la plataforma electr\u00f3nica y digital para la personalizaci\u00f3n del voto de los 7.3 millones de ciudadanos con derecho a ejercerlo.<\/p>\n<\/p>\n<p>El reto fue lograr el desarrollo de una aplicaci\u00f3n digital para llegarle a todos los electores de manera presencial y virtual. Parec\u00eda  ser lo m\u00e1s dif\u00edcil porque se trabajar\u00eda con una membres\u00eda de un partido an\u00e1logo, no digital.<\/p>\n<\/p>\n<p>En el dise\u00f1o se consider\u00f3 como premisa que esa membres\u00eda estaba dotada de celulares y medios electr\u00f3nicos porque seg\u00fan las cifras dadas a conocer por Indotel,  desde el 2017, en  la poblaci\u00f3n dominicana hay m\u00e1s de 8 millones de celulares y 2 millones de dispositivos con internet.<\/p>\n<\/p>\n<p>Efectivamente, empezando cada taller se formul\u00f3 la pregunta de que levantando sus celulares confirmaran poseerlo, resultando que los asistentes de las provincias econ\u00f3micamente m\u00e1s deprimidas hasta las m\u00e1s activas, todos portaban sus celulares.<\/p>\n<\/p>\n<p>Es evidente que la membres\u00eda es digital. En cambio, no puede decirse lo mismo del Partido. No lo es en su estructura de funcionamiento organizacional, ni en su comunicaci\u00f3n, formaci\u00f3n pol\u00edtica, recaudaci\u00f3n financiera y mucho menos en sus actividades generales. Se ha quedado an\u00e1logo.<\/p>\n<\/p>\n<p>La base te\u00f3rica de los m\u00e9todos de trabajo del PLD descansa en la necesaria incorporaci\u00f3n de la dial\u00e9ctica y el cambio permanente; lo primero se ha descrito en forma tan sencilla como decir que las cosas se construyen  de lo particular a lo general y de lo general de nuevo a lo particular. A su vez, lo del cambio permanente (relativo a que todo cambia en la sociedad y la naturaleza) se invoc\u00f3 como lo \u00fanico permanente.<\/p>\n<\/p>\n<p>Para  pasar de an\u00e1logo a digital, se debe aceptar que el PLD ha dejado atr\u00e1s muchas formas del quehacer partidario. Sin embargo, eso no da\u00f1a, y m\u00e1s bien debe entenderse que lleg\u00f3 el momento de su relanzamiento. <\/p>\n<\/p>\n<p>Se est\u00e1 en presencia de una revoluci\u00f3n mundial tecnol\u00f3gica y digital. A prop\u00f3sito de ella, los m\u00e9todos que se est\u00e1n aplicando en estos talleres electorales han empoderado a la membres\u00eda de la utilizaci\u00f3n de aplicaciones digitales.<\/p>\n<\/p>\n<p>La historia universal nos est\u00e1 pasando por el frente de las casas. Hace alrededor de 4 siglos se produjo desde Inglaterra el inicio de la Revoluci\u00f3n Industrial, la cual no fue m\u00e1s que la incorporaci\u00f3n de la m\u00e1quina de vapor a la producci\u00f3n, dejando atr\u00e1s los talleres manufactureros de producci\u00f3n por v\u00eda de la fuerza muscular humana o animal.<\/p>\n<\/p>\n<p>La Revoluci\u00f3n Industrial aceler\u00f3 la demanda de materia prima y aument\u00f3 la productividad, lo que motoriz\u00f3 riquezas y beneficios en naciones europeas y americanas. Las Trece Colonias americanas terminaron por independizarse dando nacimiento, al finalizar el siglo  XVIII, a los Estados Unidos de Norteam\u00e9rica y en 1789 se produjo la Revoluci\u00f3n Francesa; \u00e9sta liquid\u00f3 el \u00abantiguo r\u00e9gimen, para dar paso al nuevo r\u00e9gimen\u00bb; es decir, liquid\u00f3 el feudalismo mon\u00e1rquico para dar paso al capitalismo republicano. Al siglo siguiente (XIX) se produjeron las independencias de las naciones americanas.<\/p>\n<\/p>\n<p>Hoy se est\u00e1 en presencia de un acontecimiento hist\u00f3rico de mayor proporciones, se trata de la Revolucion Tecnologica y Digital. Nada escapa a ella. Lleg\u00f3 el momento de los partidos pasar de an\u00e1logos a digitales.<\/p>\n<\/p>\n<p><strong>El autor es miembro del CP del PLD, ex Ministro de Interior y ex Rector de la UASD.<\/strong><\/p>\n<\/p>\n<h6> 2019-02-25 06:20:24 <\/h6>\n<p><!--\n<link rel=\"stylesheet\" href=\"css\/bootstrap.min.css\">\n\n\n<ul class=\"pagination\">\n\t    \n\t\n\n<li >\n\t<a href='?page_no=831'>Previous<\/a>\n\t<\/li>\n\n\n       \n    \n\n<li><a href='?page_no=1'>1<\/a><\/li>\n\n\n\n<li><a href='?page_no=2'>2<\/a><\/li>\n\n\n\n<li><a>...<\/a><\/li>\n\n\n\n<li><a href='?page_no=830'>830<\/a><\/li>\n\n\n\n<li><a href='?page_no=831'>831<\/a><\/li>\n\n\n\n<li class='active'><a>832<\/a><\/li>\n\n\n\n<li><a href='?page_no=833'>833<\/a><\/li>\n\n\n\n<li><a href='?page_no=834'>834<\/a><\/li>\n\n\n\n<li><a>...<\/a><\/li>\n\n\n\n<li><a href='?page_no=13611'>13611<\/a><\/li>\n\n\n\n<li><a href='?page_no=13612'>13612<\/a><\/li>\n\n    \n\t\n\n<li >\n\t<a href='?page_no=833'>Next<\/a>\n\t<\/li>\n\n\n    \n\n<li><a href='?page_no=13612'>Last &rsaquo;&rsaquo;<\/a><\/li>\n\n<\/ul>\n\n\n--><br \/>\n<\/body><\/p>\n","protected":false},"excerpt":{"rendered":"<p>FRANKLIN ALMEYDA Durante todo febrero se celebraron talleres electorales para las 32 provincias del pa\u00eds, adiestrando sobre el Sistema Inteligente Electoral LF (SIELF). Se trata de la utilizaci\u00f3n de la plataforma electr\u00f3nica y digital para la personalizaci\u00f3n del voto de los 7.3 millones de ciudadanos con derecho a ejercerlo. El reto fue lograr el desarrollo [&hellip;]<\/p>\n","protected":false},"author":3,"featured_media":0,"comment_status":"open","ping_status":"open","sticky":false,"template":"","format":"standard","meta":{"footnotes":""},"categories":[16],"tags":[],"class_list":["post-45626","post","type-post","status-publish","format-standard","hentry","category-opiniones"],"_links":{"self":[{"href":"https:\/\/diariodominicano.com\/index.php?rest_route=\/wp\/v2\/posts\/45626","targetHints":{"allow":["GET"]}}],"collection":[{"href":"https:\/\/diariodominicano.com\/index.php?rest_route=\/wp\/v2\/posts"}],"about":[{"href":"https:\/\/diariodominicano.com\/index.php?rest_route=\/wp\/v2\/types\/post"}],"author":[{"embeddable":true,"href":"https:\/\/diariodominicano.com\/index.php?rest_route=\/wp\/v2\/users\/3"}],"replies":[{"embeddable":true,"href":"https:\/\/diariodominicano.com\/index.php?rest_route=%2Fwp%2Fv2%2Fcomments&post=45626"}],"version-history":[{"count":0,"href":"https:\/\/diariodominicano.com\/index.php?rest_route=\/wp\/v2\/posts\/45626\/revisions"}],"wp:attachment":[{"href":"https:\/\/diariodominicano.com\/index.php?rest_route=%2Fwp%2Fv2%2Fmedia&parent=45626"}],"wp:term":[{"taxonomy":"category","embeddable":true,"href":"https:\/\/diariodominicano.com\/index.php?rest_route=%2Fwp%2Fv2%2Fcategories&post=45626"},{"taxonomy":"post_tag","embeddable":true,"href":"https:\/\/diariodominicano.com\/index.php?rest_route=%2Fwp%2Fv2%2Ftags&post=45626"}],"curies":[{"name":"wp","href":"https:\/\/api.w.org\/{rel}","templated":true}]}}