{"id":455975,"date":"2023-07-18T00:27:45","date_gmt":"2023-07-18T04:27:45","guid":{"rendered":"http:\/\/diariodominicano.com\/?p=455975"},"modified":"2023-07-18T00:30:44","modified_gmt":"2023-07-18T04:30:44","slug":"vicepresidenta-raquel-pena-valora-como-positivos-resultados-obtenidos-mediante-labor-conjunta-pgr-pn-mide-y-dncd","status":"publish","type":"post","link":"https:\/\/diariodominicano.com\/?p=455975","title":{"rendered":"Vicepresidenta Raquel Pe\u00f1a valora como positivos resultados obtenidos mediante labor conjunta PGR, PN, MIDE y DNCD"},"content":{"rendered":"\n<p>Santo Domingo., RD.-&nbsp;<strong>La vicepresidenta de la Rep\u00fablica, Raquel Pe\u00f1a<\/strong>, valor\u00f3 como positiva la labor conjunta de la&nbsp;<strong>Procuradur\u00eda General (PGR), Polic\u00eda Nacional (PN), Ministerio de Defensa (MIDE) y la Direcci\u00f3n Nacional de Control de Drogas (DNCD),<\/strong>&nbsp;a los fines de continuar disminuyendo los niveles de incidencia delictivas y criminales a nivel nacional.&nbsp;<\/p>\n\n\n\n<p>Al encabezar la&nbsp;<strong>quinta reuni\u00f3n de seguimiento al Plan de Seguridad Ciudadana<\/strong>, que se realiza cada lunes con los titulares y representantes de los referidos organismos de seguridad del Estado en el Club para Oficiales de la Polic\u00eda Nacional, la vicemandataria, en representaci\u00f3n del presidente Luis Abinader, indic\u00f3 que se&nbsp;<strong>continuar\u00e1n reforzando las acciones conjuntas contra todas las manifestaciones delictivas<\/strong>&nbsp;que incluyen el porte ilegal de armas, microtr\u00e1fico, narcotr\u00e1fico, raterismo, entre otros il\u00edcitos.&nbsp;<\/p>\n\n\n\n<p>Durante la reuni\u00f3n, los comandantes regionales, en compa\u00f1\u00eda de los fiscales titulares de sus respectivas demarcaciones, ofrecieron sus&nbsp;<strong>reportes acerca de los resultados obtenidos<\/strong>&nbsp;gracias a las labores desplegadas en todo el pa\u00eds.&nbsp;<\/p>\n\n\n\n<figure class=\"wp-block-image\"><img decoding=\"async\" src=\"https:\/\/presidencia.gob.do\/sites\/default\/files\/inline-images\/_80I4528.JPG\" alt=\"\"\/><\/figure>\n\n\n\n<p><strong>Estad\u00edsticas recientes<\/strong>&nbsp;<\/p>\n\n\n\n<p>En referencia al primer informe estad\u00edstico publicado el jueves 13 de julio en el portal de la Polic\u00eda Nacional, la&nbsp;<strong>tasa de homicidios por cada 100,000 habitantes<\/strong>&nbsp;en Rep\u00fablica Dominicana, que suma las muertes por conflictos sociales y delincuencia, se ha situado en&nbsp;<strong>12.5 % en los primeros 6 meses del a\u00f1o 2023<\/strong>, lo cual evidencia una clara tendencia a la baja, ya que&nbsp;<strong>en el 2022 fue de 13.2 % en igual per\u00edodo.&nbsp;<\/strong><\/p>\n\n\n\n<p><strong>Alcance operativo<\/strong><\/p>\n\n\n\n<p>Asimismo, se inform\u00f3 que gracias al despliegue de las labores operativas a nivel nacional, fueron realizadas decenas de&nbsp;<strong>allanamientos, intervenciones en puntos de drogas, \u00f3rdenes de arrestos de rebeldes, pr\u00f3fugos y condenados<\/strong>.&nbsp;<\/p>\n\n\n\n<p>Esas operaciones, donde tambi\u00e9n trabajan la&nbsp;<strong>Direcci\u00f3n Central de Prevenci\u00f3n y la Direcci\u00f3n Central de Investigaci\u00f3n (DICRIM)<\/strong>, han impactado principalmente el Distrito Nacional, Santo Domingo, Puerto Plata, Montecristi, Santiago, La Vega, Duarte, Saman\u00e1, San Pedro de Macor\u00eds, La Romana, La Altagracia y Monte Plata.&nbsp;<\/p>\n\n\n\n<p>En compa\u00f1\u00eda de la vicepresidenta Raquel Pe\u00f1a, estuvieron presentes el ministro de la Presidencia,&nbsp;<strong>Joel Santos Echavarr\u00eda<\/strong>; en representaci\u00f3n del teniente general Carlos Luciano D\u00edaz Morfa, (ERD), ministro de Defensa, el vicealmirante&nbsp;<strong>Ram\u00f3n Guzm\u00e1n Betances Hern\u00e1ndez<\/strong>&nbsp;(ARD); el ministro de Interior y Polic\u00eda,&nbsp;<strong>Jes\u00fas V\u00e1squez<\/strong>; el director general de la Polic\u00eda Nacional, mayor general&nbsp;<strong>Eduardo Alberto Then<\/strong>&nbsp;y el titular de la Direcci\u00f3n Nacional de Control de Drogas (DNCD), vicealmirante&nbsp;<strong>Jos\u00e9 Cabrera Ulloa<\/strong>&nbsp;(ARD).&nbsp;<\/p>\n\n\n\n<figure class=\"wp-block-image\"><img decoding=\"async\" src=\"https:\/\/presidencia.gob.do\/sites\/default\/files\/inline-images\/_80I4534.JPG\" alt=\"\"\/><\/figure>\n\n\n\n<p>Junto a ellos, el comandante general de la Armada de Rep\u00fablica Dominicana, vicealmirante&nbsp;<strong>Francisco Antonio Sosa Castillo<\/strong>; el titular de la Direcci\u00f3n General de Seguridad de Tr\u00e1nsito y Transporte Terrestre (DIGESETT), general&nbsp;<strong>Ram\u00f3n Antonio Guzm\u00e1n Peralta<\/strong>; el director Central de la Polic\u00eda de Turismo (POLITUR); general&nbsp;<strong>Minoru Matsunaga<\/strong>, y el director ejecutivo del Sistema Nacional de Atenci\u00f3n a Emergencias y Seguridad 9-1-1, coronel piloto,&nbsp;<strong>Rodolfo Rijo G\u00f3mez<\/strong>, (ERD).&nbsp;<\/p>\n\n\n\n<p>Tambi\u00e9n participaron de este encuentro la procuradora adjunta de la Rep\u00fablica,&nbsp;<strong>Yeni Berenice Reynoso<\/strong>, junto a una comisi\u00f3n de fiscales integrada por la del Distrito Nacional,&nbsp;<strong>Rosalba Ramos<\/strong>; de Santiago,&nbsp;<strong>Osvaldo Bonilla<\/strong>; de San Pedro de Macor\u00eds,&nbsp;<strong>Suleika Mateo<\/strong>; de San Francisco de Macor\u00eds,&nbsp;<strong>Smaily Rodr\u00edguez<\/strong>, y de San Crist\u00f3bal,&nbsp;<strong>Laura Segura Cordero<\/strong>.&nbsp; &nbsp;<\/p>\n\n\n\n<p>De igual forma, estuvo la ejecutiva de la Comisi\u00f3n T\u00e9cnica para la Reestructuraci\u00f3n de la Reforma Educativa de la Polic\u00eda Nacional,&nbsp;<strong>Mu-Kien Adriana Sang Ben<\/strong>; el coordinador del Gabinete de Pol\u00edtica Social,&nbsp;<strong>Tony Pe\u00f1a Guaba<\/strong>, y el asesor del comisionado para la Reforma Policial,&nbsp;<strong>Jos\u00e9 Manuel Luna<\/strong>, entre otros representantes de la seguridad del Estado.&nbsp;<\/p>\n\n\n\n<p>Con estos encuentros, la&nbsp;<strong>Polic\u00eda Nacional&nbsp;<\/strong>reafirma su&nbsp;<strong>compromiso<\/strong>&nbsp;de continuar trabajando arduamente para mantener el<strong>&nbsp;orden p\u00fablico y la seguridad ciudadana.<\/strong><\/p>\n\n\n\n<p>Presidencia de la Rep\u00fablica Dominicana.<\/p>\n","protected":false},"excerpt":{"rendered":"<p>Santo Domingo., RD.-&nbsp;La vicepresidenta de la Rep\u00fablica, Raquel Pe\u00f1a, valor\u00f3 como positiva la labor conjunta de la&nbsp;Procuradur\u00eda General (PGR), Polic\u00eda Nacional (PN), Ministerio de Defensa (MIDE) y la Direcci\u00f3n Nacional de Control de Drogas (DNCD),&nbsp;a los fines de continuar disminuyendo los niveles de incidencia delictivas y criminales a nivel nacional.&nbsp; Al encabezar la&nbsp;quinta reuni\u00f3n de [&hellip;]<\/p>\n","protected":false},"author":28,"featured_media":455976,"comment_status":"closed","ping_status":"","sticky":true,"template":"","format":"standard","meta":{"footnotes":""},"categories":[20,24,29,27],"tags":[],"class_list":["post-455975","post","type-post","status-publish","format-standard","has-post-thumbnail","hentry","category-dominicana-hoy","category-justicia-y-derecho","category-policiasucesos","category-portada"],"_links":{"self":[{"href":"https:\/\/diariodominicano.com\/index.php?rest_route=\/wp\/v2\/posts\/455975","targetHints":{"allow":["GET"]}}],"collection":[{"href":"https:\/\/diariodominicano.com\/index.php?rest_route=\/wp\/v2\/posts"}],"about":[{"href":"https:\/\/diariodominicano.com\/index.php?rest_route=\/wp\/v2\/types\/post"}],"author":[{"embeddable":true,"href":"https:\/\/diariodominicano.com\/index.php?rest_route=\/wp\/v2\/users\/28"}],"replies":[{"embeddable":true,"href":"https:\/\/diariodominicano.com\/index.php?rest_route=%2Fwp%2Fv2%2Fcomments&post=455975"}],"version-history":[{"count":3,"href":"https:\/\/diariodominicano.com\/index.php?rest_route=\/wp\/v2\/posts\/455975\/revisions"}],"predecessor-version":[{"id":455980,"href":"https:\/\/diariodominicano.com\/index.php?rest_route=\/wp\/v2\/posts\/455975\/revisions\/455980"}],"wp:featuredmedia":[{"embeddable":true,"href":"https:\/\/diariodominicano.com\/index.php?rest_route=\/wp\/v2\/media\/455976"}],"wp:attachment":[{"href":"https:\/\/diariodominicano.com\/index.php?rest_route=%2Fwp%2Fv2%2Fmedia&parent=455975"}],"wp:term":[{"taxonomy":"category","embeddable":true,"href":"https:\/\/diariodominicano.com\/index.php?rest_route=%2Fwp%2Fv2%2Fcategories&post=455975"},{"taxonomy":"post_tag","embeddable":true,"href":"https:\/\/diariodominicano.com\/index.php?rest_route=%2Fwp%2Fv2%2Ftags&post=455975"}],"curies":[{"name":"wp","href":"https:\/\/api.w.org\/{rel}","templated":true}]}}