{"id":455953,"date":"2023-07-17T23:53:58","date_gmt":"2023-07-18T03:53:58","guid":{"rendered":"http:\/\/diariodominicano.com\/?p=455953"},"modified":"2023-07-17T23:53:58","modified_gmt":"2023-07-18T03:53:58","slug":"mp-confirma-imputado-luis-emilio-pinales-cumple-prision-preventiva-por-agresion-contra-su-expareja","status":"publish","type":"post","link":"https:\/\/diariodominicano.com\/?p=455953","title":{"rendered":"MP confirma imputado Luis Emilio Pinales cumple prisi\u00f3n preventiva por agresi\u00f3n contra su expareja"},"content":{"rendered":"\n<p><em><u>La instituci\u00f3n destac\u00f3 que contin\u00faan ampliando las investigaciones del hecho por el que su expareja Claribel Rosario ha pedido protecci\u00f3n a trav\u00e9s de un v\u00eddeo que circula en las redes sociales<\/u><\/em><em><u>&nbsp;<\/u><\/em><em><u><\/u><\/em><\/p>\n\n\n\n<p>SANTO DOMINGO (Rep\u00fablica Dominicana).- El Ministerio P\u00fablico confirm\u00f3 este lunes que se encuentra cumpliendo prisi\u00f3n preventiva el imputado Luis Emilio Pinales, quien es procesado por incurrir en delitos de agresi\u00f3n f\u00edsica, verbal y psicol\u00f3gica contra su expareja Claribel Rosario.&nbsp;<\/p>\n\n\n\n<p>El \u00f3rgano de justicia detall\u00f3 en un comunicado de prensa que investiga el caso desde que recibi\u00f3 la denuncia en mayo pasado de los hechos de violencia contra Rosario, quien, a trav\u00e9s de un v\u00eddeo que circula en las redes sociales, donde ofrece detalles de su situaci\u00f3n, pide apoyo y protecci\u00f3n a la procuradora general Miriam Germ\u00e1n Brito.&nbsp;<\/p>\n\n\n\n<p>Claribel Rosario, de 47 a\u00f1os de edad, denunci\u00f3 que su expareja Luis Emilio Pinales, de 68 a\u00f1os, con quien sostuvo una relaci\u00f3n de unos 28 a\u00f1os y procre\u00f3 tres hijos, la ha agredido constantemente de manera f\u00edsica, verbal y psicol\u00f3gica, al tiempo de indicar que el pasado 24 de mayo, alrededor de las 4:00 de la tarde, al llegar a una cafeter\u00eda de su propiedad, ah\u00ed se encontraba el imputado, quien la amenaz\u00f3 y le dijo que le iba a quemar su veh\u00edculo. Detall\u00f3 que cuando se retiraba del lugar en su guagua, el procesado la choc\u00f3 con su camioneta.&nbsp;<\/p>\n\n\n\n<p>La representante del Ministerio P\u00fablico actuante en este caso es la procuradora fiscal del Distrito Nacional adscrita a la Fiscal\u00eda Comunitaria de Gualey, Iris Dania F\u00e9liz.&nbsp;<\/p>\n\n\n\n<p>El Ministerio P\u00fablico indic\u00f3 que luego de recibir la denuncia del caso a trav\u00e9s de la Fiscal\u00eda Comunitaria de Gualey, el pasado 26 de mayo, inmediatamente fue solicitada una orden de arresto contra Luis Emilio Pinales, la cual fue ejecutada, y posteriormente se procedi\u00f3 con su sometimiento a la justicia.&nbsp;<\/p>\n\n\n\n<p>En ese sentido, precis\u00f3 que la Oficina Judicial de Servicios de Atenci\u00f3n Permanente del Distrito Nacional le impuso a Pinales la prisi\u00f3n preventiva por un mes y que le fue ratificada la prisi\u00f3n durante la audiencia para la revisi\u00f3n de dicha medida, por lo que se encuentra en prisi\u00f3n y le ser\u00e1 revisada nuevamente el pr\u00f3ximo 2 de agosto.&nbsp;<\/p>\n\n\n\n<p>El Ministerio P\u00fablico destac\u00f3 que solicit\u00f3 la prisi\u00f3n preventiva contra el imputado como parte de las medidas adoptadas para proteger la vida e integridad de la v\u00edctima de este caso, a quien, adem\u00e1s, dijo que se le ofreci\u00f3 albergue en una casa de acogida para las v\u00edctimas de esos delitos.&nbsp;<\/p>\n\n\n\n<p>Se\u00f1al\u00f3 que el caso ha recibido provisionalmente la calificaci\u00f3n jur\u00eddica de violaci\u00f3n a los art\u00edculos 309-1 y 309-2 del C\u00f3digo Penal Dominicano, modificado por la Ley 24-97 sobre Violencia de G\u00e9nero e Intrafamiliar.&nbsp;<\/p>\n\n\n\n<p>El Ministerio P\u00fablico reiter\u00f3 su compromiso en la lucha contra la violencia dom\u00e9stica y reiter\u00f3 que trabajan para proteger y preservar los derechos de las mujeres.&nbsp;<\/p>\n\n\n\n<p>Dijo que mientras el imputado cumple prisi\u00f3n preventiva por los hechos de violencia, contin\u00faan trabajando para lograr que sea enviado a juicio y condenado como como establecen las leyes en esos casos.&nbsp;<\/p>\n\n\n\n<p><strong>Direcci\u00f3n General de Comunicaci\u00f3n, Prensa, y RRPP<\/strong><strong><\/strong><\/p>\n\n\n\n<p>Ministerio P\u00fablico.&nbsp;R.D.<\/p>\n\n\n\n<p>Lunes, 17 de julio de 2023.<\/p>\n","protected":false},"excerpt":{"rendered":"<p>La instituci\u00f3n destac\u00f3 que contin\u00faan ampliando las investigaciones del hecho por el que su expareja Claribel Rosario ha pedido protecci\u00f3n a trav\u00e9s de un v\u00eddeo que circula en las redes sociales&nbsp; SANTO DOMINGO (Rep\u00fablica Dominicana).- El Ministerio P\u00fablico confirm\u00f3 este lunes que se encuentra cumpliendo prisi\u00f3n preventiva el imputado Luis Emilio Pinales, quien es procesado [&hellip;]<\/p>\n","protected":false},"author":28,"featured_media":0,"comment_status":"closed","ping_status":"","sticky":false,"template":"","format":"standard","meta":{"footnotes":""},"categories":[24,29],"tags":[],"class_list":["post-455953","post","type-post","status-publish","format-standard","hentry","category-justicia-y-derecho","category-policiasucesos"],"_links":{"self":[{"href":"https:\/\/diariodominicano.com\/index.php?rest_route=\/wp\/v2\/posts\/455953","targetHints":{"allow":["GET"]}}],"collection":[{"href":"https:\/\/diariodominicano.com\/index.php?rest_route=\/wp\/v2\/posts"}],"about":[{"href":"https:\/\/diariodominicano.com\/index.php?rest_route=\/wp\/v2\/types\/post"}],"author":[{"embeddable":true,"href":"https:\/\/diariodominicano.com\/index.php?rest_route=\/wp\/v2\/users\/28"}],"replies":[{"embeddable":true,"href":"https:\/\/diariodominicano.com\/index.php?rest_route=%2Fwp%2Fv2%2Fcomments&post=455953"}],"version-history":[{"count":1,"href":"https:\/\/diariodominicano.com\/index.php?rest_route=\/wp\/v2\/posts\/455953\/revisions"}],"predecessor-version":[{"id":455954,"href":"https:\/\/diariodominicano.com\/index.php?rest_route=\/wp\/v2\/posts\/455953\/revisions\/455954"}],"wp:attachment":[{"href":"https:\/\/diariodominicano.com\/index.php?rest_route=%2Fwp%2Fv2%2Fmedia&parent=455953"}],"wp:term":[{"taxonomy":"category","embeddable":true,"href":"https:\/\/diariodominicano.com\/index.php?rest_route=%2Fwp%2Fv2%2Fcategories&post=455953"},{"taxonomy":"post_tag","embeddable":true,"href":"https:\/\/diariodominicano.com\/index.php?rest_route=%2Fwp%2Fv2%2Ftags&post=455953"}],"curies":[{"name":"wp","href":"https:\/\/api.w.org\/{rel}","templated":true}]}}