{"id":455865,"date":"2023-07-17T17:21:33","date_gmt":"2023-07-17T21:21:33","guid":{"rendered":"http:\/\/diariodominicano.com\/?p=455865"},"modified":"2023-07-17T17:21:33","modified_gmt":"2023-07-17T21:21:33","slug":"condenado-a-10-anos-de-prision-supervisor-de-empresa-de-seguridad-que-mato-hombre-en-el-muelle-de-santo-domingo","status":"publish","type":"post","link":"https:\/\/diariodominicano.com\/?p=455865","title":{"rendered":"Condenado a 10 a\u00f1os de prisi\u00f3n supervisor de empresa de seguridad que mat\u00f3 hombre en el muelle de Santo Domingo\u00a0"},"content":{"rendered":"\n<p><\/p>\n\n\n\n<p>SANTO DOMINGO, Rep\u00fablica Dominicana.-Los jueces del Segundo Tribunal Colegiado del Distrito Nacional condenaron a 10 a\u00f1os de prisi\u00f3n a Pedro Moreta Mora, acusado de provocarle la muerte a balazos a Jos\u00e9 Ortiz Castro (Chiqui),\u00a0 cuando trat\u00f3 de mediar en un pleito entre el occiso y dos polic\u00edas, en un hecho ocurrido en marzo del 2008 en las proximidades del Puente Flotante de la Avenida del Puerto, en el Distrito Nacional.\u00a0<\/p>\n\n\n\n<p>El tribunal, que preside la jueza Claribel Nivar Arias e integran las magistradas Gissell Soto Pe\u00f1a y Clara Sobeida Castillo, adopt\u00f3 la decisi\u00f3n luego de acoger en todas sus partes las pruebas documentales, periciales y testimoniales sustentadas por el fiscal litigante Ernis Mella con las que demostr\u00f3 la responsabilidad penal del procesado en el crimen.&nbsp;<\/p>\n\n\n\n<p>El expediente instrumentado por la Fiscal\u00eda del Distrito Nacional destaca que el suceso ocurri\u00f3 alrededor de las 5:00 de la tarde del 2 de marzo del 2008 en momentos en que el empleado de la empresa de seguridad \u201cSeguriasa\u201d se encontraba de servicio en las proximidades del Puente Flotante de la Avenida del Puerto, en su condici\u00f3n de supervisor de los vigilantes del muelle de Santo Domingo.&nbsp;<\/p>\n\n\n\n<p>El incidente se produjo cuando el supervisor de seguridad observ\u00f3 a dos hombres, que resultaron ser la v\u00edctima Jos\u00e9 Ortiz Castro y su hermano Rafael Antonio Ortiz Castro, que discut\u00edan acaloradamente con los miembros de una patrulla policial que le ordenaron detenerse para revisar los documentos de las dos motocicletas en las que se desplazaban, una Honda-70 color verde y otra RX-115, color negro con rojo.&nbsp;&nbsp;<\/p>\n\n\n\n<p>Dice la pieza acusatoria que, al ver la agresividad de los dos civiles en contra de los miembros de la Polic\u00eda, el agresor Pedro Moreta trat\u00f3 de mediar en el conflicto, manipulando un arma que portaba con la que realiz\u00f3 varios disparos al aire, uno de los cuales impact\u00f3 a Jos\u00e9 Ortiz Castro, caus\u00e1ndole una herida en el hemit\u00f3rax izquierdo que le provoc\u00f3 la muerte al instante.&nbsp;<\/p>\n\n\n\n<p>La Fiscal\u00eda del Distrito Nacional otorg\u00f3 al presente caso la calificaci\u00f3n jur\u00eddica de \u201chomicidio voluntario\u201d, delitos que est\u00e1n previstos y sancionados por los art\u00edculos 295 y 304, del C\u00f3digo Penal Dominicano, as\u00ed como los art\u00edculos 66 y 67 de la Ley 631-16 para el Control y Regulaci\u00f3n de Armas, Municiones y Materiales Relacionados en la Rep\u00fablica Dominicana.&nbsp;<\/p>\n\n\n\n<p><strong>Direcci\u00f3n General de Comunicaci\u00f3n, Prensa, y RRPP<\/strong><strong><\/strong><\/p>\n\n\n\n<p>Ministerio P\u00fablico.&nbsp;R.D.<\/p>\n\n\n\n<p>Lunes, 17 de julio de 2023.<\/p>\n","protected":false},"excerpt":{"rendered":"<p>SANTO DOMINGO, Rep\u00fablica Dominicana.-Los jueces del Segundo Tribunal Colegiado del Distrito Nacional condenaron a 10 a\u00f1os de prisi\u00f3n a Pedro Moreta Mora, acusado de provocarle la muerte a balazos a Jos\u00e9 Ortiz Castro (Chiqui),\u00a0 cuando trat\u00f3 de mediar en un pleito entre el occiso y dos polic\u00edas, en un hecho ocurrido en marzo del 2008 [&hellip;]<\/p>\n","protected":false},"author":28,"featured_media":283908,"comment_status":"closed","ping_status":"","sticky":true,"template":"","format":"standard","meta":{"footnotes":""},"categories":[24,29,27],"tags":[],"class_list":["post-455865","post","type-post","status-publish","format-standard","has-post-thumbnail","hentry","category-justicia-y-derecho","category-policiasucesos","category-portada"],"_links":{"self":[{"href":"https:\/\/diariodominicano.com\/index.php?rest_route=\/wp\/v2\/posts\/455865","targetHints":{"allow":["GET"]}}],"collection":[{"href":"https:\/\/diariodominicano.com\/index.php?rest_route=\/wp\/v2\/posts"}],"about":[{"href":"https:\/\/diariodominicano.com\/index.php?rest_route=\/wp\/v2\/types\/post"}],"author":[{"embeddable":true,"href":"https:\/\/diariodominicano.com\/index.php?rest_route=\/wp\/v2\/users\/28"}],"replies":[{"embeddable":true,"href":"https:\/\/diariodominicano.com\/index.php?rest_route=%2Fwp%2Fv2%2Fcomments&post=455865"}],"version-history":[{"count":1,"href":"https:\/\/diariodominicano.com\/index.php?rest_route=\/wp\/v2\/posts\/455865\/revisions"}],"predecessor-version":[{"id":455866,"href":"https:\/\/diariodominicano.com\/index.php?rest_route=\/wp\/v2\/posts\/455865\/revisions\/455866"}],"wp:featuredmedia":[{"embeddable":true,"href":"https:\/\/diariodominicano.com\/index.php?rest_route=\/wp\/v2\/media\/283908"}],"wp:attachment":[{"href":"https:\/\/diariodominicano.com\/index.php?rest_route=%2Fwp%2Fv2%2Fmedia&parent=455865"}],"wp:term":[{"taxonomy":"category","embeddable":true,"href":"https:\/\/diariodominicano.com\/index.php?rest_route=%2Fwp%2Fv2%2Fcategories&post=455865"},{"taxonomy":"post_tag","embeddable":true,"href":"https:\/\/diariodominicano.com\/index.php?rest_route=%2Fwp%2Fv2%2Ftags&post=455865"}],"curies":[{"name":"wp","href":"https:\/\/api.w.org\/{rel}","templated":true}]}}