{"id":455863,"date":"2023-07-17T17:13:54","date_gmt":"2023-07-17T21:13:54","guid":{"rendered":"http:\/\/diariodominicano.com\/?p=455863"},"modified":"2023-07-17T17:13:54","modified_gmt":"2023-07-17T21:13:54","slug":"mp-de-las-matas-de-farfan-obtiene-condena-de-10-anos-de-prision-contra-un-hombre-acusado-de-dedicarse-al-trafico-de-drogas","status":"publish","type":"post","link":"https:\/\/diariodominicano.com\/?p=455863","title":{"rendered":"MP de Las Matas de Farf\u00e1n obtiene condena  de 10 a\u00f1os de prisi\u00f3n contra un hombre acusado de dedicarse al tr\u00e1fico de drogas"},"content":{"rendered":"\n<p>LAS MATAS DE FARF\u00c1N, Rep\u00fablica Dominicana.- El Ministerio P\u00fablico de este distrito judicial obtuvo una condena de 10 a\u00f1os de prisi\u00f3n contra un hombre acusado de dedicarse al tr\u00e1fico de drogas.\u00a0<\/p>\n\n\n\n<p>El Tribunal Colegiado de esta jurisdicci\u00f3n, presidido por el juez Blaury Luciano, dict\u00f3 la sentencia al acusado Iv\u00e1n Narciso Rodr\u00edguez Rosa por traficar con 12.03 kilogramos de coca\u00edna y orden\u00f3 que la cumpla en la c\u00e1rcel p\u00fablica del municipio San Juan de la Maguana.&nbsp;<\/p>\n\n\n\n<p>Rodr\u00edguez Rosa fue arrestado el 19 de agosto del a\u00f1o 2022 durante un operativo realizado por miembros de la Tercera Brigada del Ej\u00e9rcito de la Rep\u00fablica Dominicana.&nbsp;<\/p>\n\n\n\n<p>El \u00f3rgano persecutor, representado por la fiscalizadora Rossy P\u00e9rez, solicit\u00f3 la imposici\u00f3n de 20 a\u00f1os para el acusado, luego de demostrar su responsabilidad penal en el tr\u00e1fico de drogas que transportaba en el interior del veh\u00edculo en que se desplazaba, marca Toyota Corolla, color gris, placa No. A175375, chasis No. 1NXAE94A3MZ237251.&nbsp;&nbsp;<\/p>\n\n\n\n<p>El Ministerio P\u00fablico sustent\u00f3 la acusaci\u00f3n con diferentes pruebas, incluyendo el certificado qu\u00edmico forense No. SCI-2022-08-22-013516, con los resultados del an\u00e1lisis de la sustancia narc\u00f3ticas, que establece que correspond\u00eda a coca\u00edna clorhidratada.&nbsp;<\/p>\n\n\n\n<p>El acusado Rodr\u00edguez Rosa fue sentenciado por violar las disposiciones contenidas en los art\u00edculos 4, literal D; 5, literal A; y 75, p\u00e1rrafo II, de la Ley 50-88, sobre Drogas y Sustancias Controladas.&nbsp;<\/p>\n\n\n\n<p><strong>Direcci\u00f3n General de Comunicaci\u00f3n, Prensa, y RRPP<\/strong><strong><\/strong><\/p>\n\n\n\n<p>Ministerio P\u00fablico.&nbsp;R.D.<\/p>\n\n\n\n<p>Lunes, 17 de julio de 2023.<\/p>\n","protected":false},"excerpt":{"rendered":"<p>LAS MATAS DE FARF\u00c1N, Rep\u00fablica Dominicana.- El Ministerio P\u00fablico de este distrito judicial obtuvo una condena de 10 a\u00f1os de prisi\u00f3n contra un hombre acusado de dedicarse al tr\u00e1fico de drogas.\u00a0 El Tribunal Colegiado de esta jurisdicci\u00f3n, presidido por el juez Blaury Luciano, dict\u00f3 la sentencia al acusado Iv\u00e1n Narciso Rodr\u00edguez Rosa por traficar con [&hellip;]<\/p>\n","protected":false},"author":28,"featured_media":404787,"comment_status":"closed","ping_status":"","sticky":true,"template":"","format":"standard","meta":{"footnotes":""},"categories":[24,29,27],"tags":[],"class_list":["post-455863","post","type-post","status-publish","format-standard","has-post-thumbnail","hentry","category-justicia-y-derecho","category-policiasucesos","category-portada"],"_links":{"self":[{"href":"https:\/\/diariodominicano.com\/index.php?rest_route=\/wp\/v2\/posts\/455863","targetHints":{"allow":["GET"]}}],"collection":[{"href":"https:\/\/diariodominicano.com\/index.php?rest_route=\/wp\/v2\/posts"}],"about":[{"href":"https:\/\/diariodominicano.com\/index.php?rest_route=\/wp\/v2\/types\/post"}],"author":[{"embeddable":true,"href":"https:\/\/diariodominicano.com\/index.php?rest_route=\/wp\/v2\/users\/28"}],"replies":[{"embeddable":true,"href":"https:\/\/diariodominicano.com\/index.php?rest_route=%2Fwp%2Fv2%2Fcomments&post=455863"}],"version-history":[{"count":1,"href":"https:\/\/diariodominicano.com\/index.php?rest_route=\/wp\/v2\/posts\/455863\/revisions"}],"predecessor-version":[{"id":455864,"href":"https:\/\/diariodominicano.com\/index.php?rest_route=\/wp\/v2\/posts\/455863\/revisions\/455864"}],"wp:featuredmedia":[{"embeddable":true,"href":"https:\/\/diariodominicano.com\/index.php?rest_route=\/wp\/v2\/media\/404787"}],"wp:attachment":[{"href":"https:\/\/diariodominicano.com\/index.php?rest_route=%2Fwp%2Fv2%2Fmedia&parent=455863"}],"wp:term":[{"taxonomy":"category","embeddable":true,"href":"https:\/\/diariodominicano.com\/index.php?rest_route=%2Fwp%2Fv2%2Fcategories&post=455863"},{"taxonomy":"post_tag","embeddable":true,"href":"https:\/\/diariodominicano.com\/index.php?rest_route=%2Fwp%2Fv2%2Ftags&post=455863"}],"curies":[{"name":"wp","href":"https:\/\/api.w.org\/{rel}","templated":true}]}}