{"id":455859,"date":"2023-07-17T17:03:40","date_gmt":"2023-07-17T21:03:40","guid":{"rendered":"http:\/\/diariodominicano.com\/?p=455859"},"modified":"2023-07-17T17:03:40","modified_gmt":"2023-07-17T21:03:40","slug":"la-medida-de-coercion-contra-imputados-del-caso-desfalco-ministerio-de-agricultura-sera-conocida-el-proximo-sabado-mp","status":"publish","type":"post","link":"https:\/\/diariodominicano.com\/?p=455859","title":{"rendered":"La medida de coerci\u00f3n contra imputados del \u201cCaso Desfalco Ministerio de Agricultura\u201d ser\u00e1 conocida el pr\u00f3ximo s\u00e1bado: MP"},"content":{"rendered":"\n<p><br><em><u>A los implicados se les imputa el desfalco de 3.8 millones de pesos, a trav\u00e9s de transferencias il\u00edcitas entre los involucrados&nbsp;<\/u><\/em><strong><\/strong><\/p>\n\n\n\n<p><strong>SANTO DOMINGO, Rep\u00fablica Dominicana.-<\/strong>\u00a0La Oficina de Servicios Judiciales de Atenci\u00f3n Permanente del Distrito Nacional aplaz\u00f3 para el pr\u00f3ximo s\u00e1bado 22 de julio\u00a0 el conocimiento de medida de coerci\u00f3n contra Julio Enrique Dom\u00ednguez Solano y Antonio Jos\u00e9 Paredes Elizondo, imputados en el caso \u201cDesfalco Ministerio de Agricultura\u201d.<\/p>\n\n\n\n<p>La jueza Ana Lee acogi\u00f3 la solicitud de la defensa, quienes alegaron necesitaban m\u00e1s tiempo para conocer las piezas del proceso.<\/p>\n\n\n\n<p>Al ser cuestionado por la prensa, a su salida del tribunal, el procurador fiscal Ernesto Guzm\u00e1n Alberto especific\u00f3 que se trata de un caso de desfalco, en el cual se ha visto comprometida la responsabilidad penal de los imputados.<\/p>\n\n\n\n<p>\u201cSe trata de un caso de desfalco, en el cual ha resultado comprometida la responsabilidad penal de estas dos personas, por un monto que asciende a los tres millones ochocientos diez mil pesos (3,810,000), monto que puede aumentar seg\u00fan las pesquisas contin\u00faen\u201d, dijo el miembro del Ministerio P\u00fablico.<\/p>\n\n\n\n<p>Guzm\u00e1n Alberto explic\u00f3 que el desfalco se produjo mediante transferencias il\u00edcitas, utilizando el usuario de NetBanking, que estaba asignado al Viceministerio Administrativo y Financiero del Ministerio de Agricultura y que manejaba en ese entonces Julio Fern\u00e1ndez, padre de Dom\u00ednguez Solano.<\/p>\n\n\n\n<p>\u201cSe transfer\u00edan los fondos desde la cuenta del Viceministerio a la cuenta de Elizondo y Elizondo a la vez retornaba a favor del hijo del viceministro\u201d, detall\u00f3 sobre el m\u00e9todo en el que sustra\u00edan el dinero.<\/p>\n\n\n\n<p>Adem\u00e1s de Guzm\u00e1n Alberto, el Ministerio P\u00fablico estuvo representado por Wilson Camacho, procurador adjunto titular de la Procuradur\u00eda Especializada de Persecuci\u00f3n a la Corrupci\u00f3n Administrativa (Pepca); Mirna Ortiz, coordinadora de Litigaci\u00f3n de la Pepca, y por los procuradores fiscales Yoneiby Gonz\u00e1lez y Aurelio Valdez<\/p>\n\n\n\n<p>Guzm\u00e1n Alberto indic\u00f3 que el Ministerio P\u00fablico no descarta que, con el desarrollo de las investigaciones, el espectro del caso pueda ampliarse.<\/p>\n\n\n\n<p>El representante del \u00f3rgano persecutor, adem\u00e1s precis\u00f3, que han solicitado la prisi\u00f3n preventiva como medida de coerci\u00f3n para ambos imputados.&nbsp;<\/p>\n\n\n\n<p>La Procuradur\u00eda Especializada de Persecuci\u00f3n a la Corrupci\u00f3n Administrativa (Pepca) desarroll\u00f3 la investigaci\u00f3n por la estafa de casi cuatro millones de pesos, luego de que la Direcci\u00f3n General de \u00c9tica e Integridad Gubernamental le presentara la denuncia que recibiera del Ministerio de Agricultura.<\/p>\n\n\n\n<p>Fiscales de la Pepca presentaron la instancia de solicitud de coerci\u00f3n, que consta de 66 p\u00e1ginas, ante la Oficina Judicial de Servicios de Atenci\u00f3n Permanente del Distrito Nacional, al mediod\u00eda de este domingo.<\/p>\n\n\n\n<p>El Ministerio P\u00fablico imputa a Dom\u00ednguez Solano la comisi\u00f3n de los delitos de coalici\u00f3n de funcionarios, desfalco, usurpaci\u00f3n de funciones y asociaci\u00f3n de malhechores.<\/p>\n\n\n\n<p>Tambi\u00e9n, lo acusa de violaci\u00f3n a los art\u00edculos 5, 6 y 14 de la Ley n\u00famero 53-07, contra Cr\u00edmenes y Delitos de Alta Tecnolog\u00eda, as\u00ed como el 66 de la Ley n\u00fam. 631-16, para el Control y Regulaci\u00f3n de Armas, Municiones y Materiales Relacionados.<\/p>\n\n\n\n<p>En tanto, Antonio Jos\u00e9 Paredes Elizondo enfrenta cargos por violaci\u00f3n al art\u00edculo 146, numeral 1, de la Constituci\u00f3n de Rep\u00fablica; art\u00edculos 123, 124, 171 y 172 del C\u00f3digo Penal. Adem\u00e1s, por coautor\u00eda en las conductas delictivas tipificadas en los art\u00edculos 5, 6 y 14 de la Ley n\u00famero 53-07, contra Cr\u00edmenes y Delitos de Alta Tecnolog\u00eda.<\/p>\n\n\n\n<p><strong>Direcci\u00f3n General de Comunicaci\u00f3n, Prensa, y RRPP<\/strong><\/p>\n\n\n\n<p>Ministerio P\u00fablico.&nbsp;R.D.<\/p>\n\n\n\n<p>Lunes, 17 de julio de 2023<\/p>\n","protected":false},"excerpt":{"rendered":"<p>A los implicados se les imputa el desfalco de 3.8 millones de pesos, a trav\u00e9s de transferencias il\u00edcitas entre los involucrados&nbsp; SANTO DOMINGO, Rep\u00fablica Dominicana.-\u00a0La Oficina de Servicios Judiciales de Atenci\u00f3n Permanente del Distrito Nacional aplaz\u00f3 para el pr\u00f3ximo s\u00e1bado 22 de julio\u00a0 el conocimiento de medida de coerci\u00f3n contra Julio Enrique Dom\u00ednguez Solano y [&hellip;]<\/p>\n","protected":false},"author":28,"featured_media":455860,"comment_status":"closed","ping_status":"","sticky":true,"template":"","format":"standard","meta":{"footnotes":""},"categories":[24,29,27],"tags":[],"class_list":["post-455859","post","type-post","status-publish","format-standard","has-post-thumbnail","hentry","category-justicia-y-derecho","category-policiasucesos","category-portada"],"_links":{"self":[{"href":"https:\/\/diariodominicano.com\/index.php?rest_route=\/wp\/v2\/posts\/455859","targetHints":{"allow":["GET"]}}],"collection":[{"href":"https:\/\/diariodominicano.com\/index.php?rest_route=\/wp\/v2\/posts"}],"about":[{"href":"https:\/\/diariodominicano.com\/index.php?rest_route=\/wp\/v2\/types\/post"}],"author":[{"embeddable":true,"href":"https:\/\/diariodominicano.com\/index.php?rest_route=\/wp\/v2\/users\/28"}],"replies":[{"embeddable":true,"href":"https:\/\/diariodominicano.com\/index.php?rest_route=%2Fwp%2Fv2%2Fcomments&post=455859"}],"version-history":[{"count":1,"href":"https:\/\/diariodominicano.com\/index.php?rest_route=\/wp\/v2\/posts\/455859\/revisions"}],"predecessor-version":[{"id":455861,"href":"https:\/\/diariodominicano.com\/index.php?rest_route=\/wp\/v2\/posts\/455859\/revisions\/455861"}],"wp:featuredmedia":[{"embeddable":true,"href":"https:\/\/diariodominicano.com\/index.php?rest_route=\/wp\/v2\/media\/455860"}],"wp:attachment":[{"href":"https:\/\/diariodominicano.com\/index.php?rest_route=%2Fwp%2Fv2%2Fmedia&parent=455859"}],"wp:term":[{"taxonomy":"category","embeddable":true,"href":"https:\/\/diariodominicano.com\/index.php?rest_route=%2Fwp%2Fv2%2Fcategories&post=455859"},{"taxonomy":"post_tag","embeddable":true,"href":"https:\/\/diariodominicano.com\/index.php?rest_route=%2Fwp%2Fv2%2Ftags&post=455859"}],"curies":[{"name":"wp","href":"https:\/\/api.w.org\/{rel}","templated":true}]}}