{"id":455848,"date":"2023-07-17T13:56:05","date_gmt":"2023-07-17T17:56:05","guid":{"rendered":"http:\/\/diariodominicano.com\/?p=455848"},"modified":"2023-07-17T18:15:23","modified_gmt":"2023-07-17T22:15:23","slug":"fiscalia-sdo-realiza-operativos-preventivos-contra-la-criminalidad-en-pantoja","status":"publish","type":"post","link":"https:\/\/diariodominicano.com\/?p=455848","title":{"rendered":"Fiscal\u00eda SDO reporta realiza operativos preventivos contra la criminalidad en Pantoja"},"content":{"rendered":"\n<p>SANTO DOMINGO, Rep\u00fablica Dominicana.- La Fiscal\u00eda de Santo Domingo Oeste, con la colaboraci\u00f3n de miembros de la Polic\u00eda Nacional, contin\u00faan realizando operativos preventivos en distintas localidades del sector Pantoja.<\/p>\n\n\n\n<figure class=\"wp-block-image size-large\"><img loading=\"lazy\" decoding=\"async\" width=\"1024\" height=\"771\" src=\"https:\/\/diariodominicano.com\/wp-content\/uploads\/2023\/07\/IMG_20230714_210400-1024x771.jpg\" alt=\"\" class=\"wp-image-455850\" srcset=\"https:\/\/diariodominicano.com\/wp-content\/uploads\/2023\/07\/IMG_20230714_210400-1024x771.jpg 1024w, https:\/\/diariodominicano.com\/wp-content\/uploads\/2023\/07\/IMG_20230714_210400-300x226.jpg 300w, https:\/\/diariodominicano.com\/wp-content\/uploads\/2023\/07\/IMG_20230714_210400-768x578.jpg 768w, https:\/\/diariodominicano.com\/wp-content\/uploads\/2023\/07\/IMG_20230714_210400-1536x1157.jpg 1536w, https:\/\/diariodominicano.com\/wp-content\/uploads\/2023\/07\/IMG_20230714_210400-2048x1542.jpg 2048w, https:\/\/diariodominicano.com\/wp-content\/uploads\/2023\/07\/IMG_20230714_210400-816x614.jpg 816w\" sizes=\"auto, (max-width: 1024px) 100vw, 1024px\" \/><\/figure>\n\n\n\n<p>Los representantes del Ministerio P\u00fablico M\u00e1ximo Rodr\u00edguez, director de la Fiscal\u00eda Comunitaria de Los Alcarrizos, y Lenin Hern\u00e1ndez, fiscalizador de esta jurisdicci\u00f3n, encabezaron las labores preventivas en conjunto con la Polic\u00eda Nacional, quienes inspeccionaron distintos centros de expendio de bebidas alcoh\u00f3licas que operan en dicho sector.<\/p>\n\n\n\n<p>En el operativo fueron intervenidos cuatro puntos de drogas, as\u00ed como otros seis establecimientos.<\/p>\n\n\n\n<p>Asimismo, fueron depuradas diez personas, entre estas un hombre contra el cual se ejecut\u00f3 una orden de arresto por violencia intrafamiliar y otro por su relaci\u00f3n con un punto de drogas.<\/p>\n\n\n\n<p>De igual modo, fueron retenidas cuatro motocicletas y una pasola para fines de depuraci\u00f3n.<\/p>\n\n\n\n<figure class=\"wp-block-image size-large\"><img loading=\"lazy\" decoding=\"async\" width=\"1024\" height=\"771\" src=\"https:\/\/diariodominicano.com\/wp-content\/uploads\/2023\/07\/IMG_20230714_204840-1-1024x771.jpg\" alt=\"\" class=\"wp-image-455853\" srcset=\"https:\/\/diariodominicano.com\/wp-content\/uploads\/2023\/07\/IMG_20230714_204840-1-1024x771.jpg 1024w, https:\/\/diariodominicano.com\/wp-content\/uploads\/2023\/07\/IMG_20230714_204840-1-300x226.jpg 300w, https:\/\/diariodominicano.com\/wp-content\/uploads\/2023\/07\/IMG_20230714_204840-1-768x578.jpg 768w, https:\/\/diariodominicano.com\/wp-content\/uploads\/2023\/07\/IMG_20230714_204840-1-1536x1157.jpg 1536w, https:\/\/diariodominicano.com\/wp-content\/uploads\/2023\/07\/IMG_20230714_204840-1-2048x1542.jpg 2048w, https:\/\/diariodominicano.com\/wp-content\/uploads\/2023\/07\/IMG_20230714_204840-1-816x614.jpg 816w\" sizes=\"auto, (max-width: 1024px) 100vw, 1024px\" \/><\/figure>\n\n\n\n<p>Los operativos nocturnos que se realizan en Santo Domingo Oeste forman partes de las acciones preventivas de las autoridades para disminuir los niveles de criminalidad.<\/p>\n\n\n\n<p><strong>Direcci\u00f3n General de Comunicaci\u00f3n, Prensa, y RRPP<\/strong><strong><\/strong><\/p>\n\n\n\n<p>Ministerio P\u00fablico.&nbsp;R.D.<\/p>\n\n\n\n<p>Lunes, 17 de julio de 2023.<\/p>\n","protected":false},"excerpt":{"rendered":"<p>SANTO DOMINGO, Rep\u00fablica Dominicana.- La Fiscal\u00eda de Santo Domingo Oeste, con la colaboraci\u00f3n de miembros de la Polic\u00eda Nacional, contin\u00faan realizando operativos preventivos en distintas localidades del sector Pantoja. Los representantes del Ministerio P\u00fablico M\u00e1ximo Rodr\u00edguez, director de la Fiscal\u00eda Comunitaria de Los Alcarrizos, y Lenin Hern\u00e1ndez, fiscalizador de esta jurisdicci\u00f3n, encabezaron las labores preventivas [&hellip;]<\/p>\n","protected":false},"author":28,"featured_media":455849,"comment_status":"closed","ping_status":"","sticky":true,"template":"","format":"standard","meta":{"footnotes":""},"categories":[24,29,27],"tags":[],"class_list":["post-455848","post","type-post","status-publish","format-standard","has-post-thumbnail","hentry","category-justicia-y-derecho","category-policiasucesos","category-portada"],"_links":{"self":[{"href":"https:\/\/diariodominicano.com\/index.php?rest_route=\/wp\/v2\/posts\/455848","targetHints":{"allow":["GET"]}}],"collection":[{"href":"https:\/\/diariodominicano.com\/index.php?rest_route=\/wp\/v2\/posts"}],"about":[{"href":"https:\/\/diariodominicano.com\/index.php?rest_route=\/wp\/v2\/types\/post"}],"author":[{"embeddable":true,"href":"https:\/\/diariodominicano.com\/index.php?rest_route=\/wp\/v2\/users\/28"}],"replies":[{"embeddable":true,"href":"https:\/\/diariodominicano.com\/index.php?rest_route=%2Fwp%2Fv2%2Fcomments&post=455848"}],"version-history":[{"count":4,"href":"https:\/\/diariodominicano.com\/index.php?rest_route=\/wp\/v2\/posts\/455848\/revisions"}],"predecessor-version":[{"id":455856,"href":"https:\/\/diariodominicano.com\/index.php?rest_route=\/wp\/v2\/posts\/455848\/revisions\/455856"}],"wp:featuredmedia":[{"embeddable":true,"href":"https:\/\/diariodominicano.com\/index.php?rest_route=\/wp\/v2\/media\/455849"}],"wp:attachment":[{"href":"https:\/\/diariodominicano.com\/index.php?rest_route=%2Fwp%2Fv2%2Fmedia&parent=455848"}],"wp:term":[{"taxonomy":"category","embeddable":true,"href":"https:\/\/diariodominicano.com\/index.php?rest_route=%2Fwp%2Fv2%2Fcategories&post=455848"},{"taxonomy":"post_tag","embeddable":true,"href":"https:\/\/diariodominicano.com\/index.php?rest_route=%2Fwp%2Fv2%2Ftags&post=455848"}],"curies":[{"name":"wp","href":"https:\/\/api.w.org\/{rel}","templated":true}]}}