{"id":45581,"date":"2019-02-27T23:05:38","date_gmt":"2019-02-27T23:05:38","guid":{"rendered":"http:\/\/diariodominicano.ddns.net\/?p=45581"},"modified":"2019-02-27T23:05:38","modified_gmt":"2019-02-27T23:05:38","slug":"a-pleno-soldiscurso-presidencial-3","status":"publish","type":"post","link":"https:\/\/diariodominicano.com\/?p=45581","title":{"rendered":"&#13;A Pleno Sol&#13;&#13;Discurso presidencial"},"content":{"rendered":"<p><body><\/p>\n<p><strong>Por Manuel Hern\u00e1ndez Villeta<\/strong><\/p>\n<\/p>\n<\/p>\n<p>Los discursos de rendici\u00f3n de cuentas de los 27 de febrero levantan gran pasi\u00f3n. Despu\u00e9s  la revoluci\u00f3n del 1965 el tema de la reelecci\u00f3n es la gran expectativa en esa pieza oratoria. El  de este a\u00f1o fue una buena presentaci\u00f3n, pronunciado en momentos en que el debate pol\u00edtico central es en torno a una eventual reelecci\u00f3n.<\/p>\n<\/p>\n<p>Sin pregonarlo a todos los vientos, el presidente Danilo Medina present\u00f3 un cuadro de que \u00e9l ve necesario el continuismo. Tal vez dio mayor importancia a lo que resta por hacer que a lo que ya se trabaj\u00f3. Se present\u00f3 como un presidente de fondeo, que necesita largo tiempo para ejecutar su obra. El discurso teji\u00f3 el mensaje reeleccionista.<\/p>\n<\/p>\n<p>Se not\u00f3 a las claras en la presentaci\u00f3n de esta memoria  las desigualdades del desarrollo. Una econom\u00eda que el presidente ve s\u00f3lida y avanzando, pero con el pa\u00eds sufriendo las consecuencias de la marginalidad.  Es imposible detener la exclusi\u00f3n  sin una mejor distribuci\u00f3n de las riquezas.<\/p>\n<\/p>\n<p>Camino empedrado porque el gobierno  con la globalizaci\u00f3n econ\u00f3mica se va convirtiendo en moderador con el sector privado, respetando demasiado las reglas de juego de los inversionistas y teniendo que proteger a los asalariados. El aumento de salarios es positivo, pero se tiene que detener la inflaci\u00f3n.<\/p>\n<\/p>\n<p>Los reajustes salariales anunciado por el Presidente Medina  deben ser imitados por el sector privado, que tambi\u00e9n  tiene sueldos totalmente deprimidos. Si no se controlan desde hoy los aumentos de precios de los art\u00edculos de primera necesidad, las medicinas y los servicios, la inflaci\u00f3n se tragar\u00e1 el aumento.<\/p>\n<\/p>\n<p>Del discurso es positivo que se prometa que los nuevos hospitales con alta tecnolog\u00eda van a ir a los pobres. Que se va a  construir m\u00e1s escuelas, que se continuar\u00e1 desarrollando el turismo, pero no s\u00e9 dio un manotazo en la mesa en torno a la seguridad ciudadana. Nadie est\u00e1 seguro en el pa\u00eds.<\/p>\n<\/p>\n<p>Falt\u00f3 tambi\u00e9n la acci\u00f3n de que se va a luchar sin descanso contra la corrupci\u00f3n sea del sector oficias o del privado. La corrupci\u00f3n es un c\u00e1ncer que est\u00e1 haciendo da\u00f1o a toda la sociedad dominicana y tiene que ser sancionada. Talvez el presidente prefiri\u00f3 dejar el tema para aplicaci\u00f3n de la justicia.<\/p>\n<\/p>\n<p>Como todos los 27 de febrero, una presentaci\u00f3n de memorias que cumple con una finalidad de propaganda pol\u00edtica,  y en un a\u00f1o electoral presentar  futuras realizaciones y no hablar de frente sobre el continuismo es una se\u00f1al de que la maquinaria est\u00e1 en marcha. Veremos qu\u00e9 pasa en los venideros meses; el presidente tir\u00f3 los dados el 27. \u00a1Ay!, se me acab\u00f3 la tinta.<\/p>\n<h6> 2019-02-27 23:05:38 <\/h6>\n<p><!--\n<link rel=\"stylesheet\" href=\"css\/bootstrap.min.css\">\n\n\n<ul class=\"pagination\">\n\t    \n\t\n\n<li >\n\t<a href='?page_no=827'>Previous<\/a>\n\t<\/li>\n\n\n       \n    \n\n<li><a href='?page_no=1'>1<\/a><\/li>\n\n\n\n<li><a href='?page_no=2'>2<\/a><\/li>\n\n\n\n<li><a>...<\/a><\/li>\n\n\n\n<li><a href='?page_no=826'>826<\/a><\/li>\n\n\n\n<li><a href='?page_no=827'>827<\/a><\/li>\n\n\n\n<li class='active'><a>828<\/a><\/li>\n\n\n\n<li><a href='?page_no=829'>829<\/a><\/li>\n\n\n\n<li><a href='?page_no=830'>830<\/a><\/li>\n\n\n\n<li><a>...<\/a><\/li>\n\n\n\n<li><a href='?page_no=13611'>13611<\/a><\/li>\n\n\n\n<li><a href='?page_no=13612'>13612<\/a><\/li>\n\n    \n\t\n\n<li >\n\t<a href='?page_no=829'>Next<\/a>\n\t<\/li>\n\n\n    \n\n<li><a href='?page_no=13612'>Last &rsaquo;&rsaquo;<\/a><\/li>\n\n<\/ul>\n\n\n--><br \/>\n<\/body><\/p>\n","protected":false},"excerpt":{"rendered":"<p>Por Manuel Hern\u00e1ndez Villeta Los discursos de rendici\u00f3n de cuentas de los 27 de febrero levantan gran pasi\u00f3n. Despu\u00e9s la revoluci\u00f3n del 1965 el tema de la reelecci\u00f3n es la gran expectativa en esa pieza oratoria. El de este a\u00f1o fue una buena presentaci\u00f3n, pronunciado en momentos en que el debate pol\u00edtico central es en [&hellip;]<\/p>\n","protected":false},"author":3,"featured_media":0,"comment_status":"open","ping_status":"open","sticky":false,"template":"","format":"standard","meta":{"footnotes":""},"categories":[16],"tags":[],"class_list":["post-45581","post","type-post","status-publish","format-standard","hentry","category-opiniones"],"_links":{"self":[{"href":"https:\/\/diariodominicano.com\/index.php?rest_route=\/wp\/v2\/posts\/45581","targetHints":{"allow":["GET"]}}],"collection":[{"href":"https:\/\/diariodominicano.com\/index.php?rest_route=\/wp\/v2\/posts"}],"about":[{"href":"https:\/\/diariodominicano.com\/index.php?rest_route=\/wp\/v2\/types\/post"}],"author":[{"embeddable":true,"href":"https:\/\/diariodominicano.com\/index.php?rest_route=\/wp\/v2\/users\/3"}],"replies":[{"embeddable":true,"href":"https:\/\/diariodominicano.com\/index.php?rest_route=%2Fwp%2Fv2%2Fcomments&post=45581"}],"version-history":[{"count":0,"href":"https:\/\/diariodominicano.com\/index.php?rest_route=\/wp\/v2\/posts\/45581\/revisions"}],"wp:attachment":[{"href":"https:\/\/diariodominicano.com\/index.php?rest_route=%2Fwp%2Fv2%2Fmedia&parent=45581"}],"wp:term":[{"taxonomy":"category","embeddable":true,"href":"https:\/\/diariodominicano.com\/index.php?rest_route=%2Fwp%2Fv2%2Fcategories&post=45581"},{"taxonomy":"post_tag","embeddable":true,"href":"https:\/\/diariodominicano.com\/index.php?rest_route=%2Fwp%2Fv2%2Ftags&post=45581"}],"curies":[{"name":"wp","href":"https:\/\/api.w.org\/{rel}","templated":true}]}}