{"id":455754,"date":"2023-07-17T10:57:32","date_gmt":"2023-07-17T14:57:32","guid":{"rendered":"http:\/\/diariodominicano.com\/?p=455754"},"modified":"2023-07-17T11:00:09","modified_gmt":"2023-07-17T15:00:09","slug":"martin-bauer-dice-programa-mundial-de-alimentos-de-las-naciones-unidas-hizo-recorte-de-fondos-ayuda-alimentaria-haiti","status":"publish","type":"post","link":"https:\/\/diariodominicano.com\/?p=455754","title":{"rendered":"Martin Bauer dice Programa Mundial de Alimentos de las Naciones Unidas hizo recorte de fondos ayuda alimentaria  Hait\u00ed"},"content":{"rendered":"\n<p>diariodominicano.com<\/p>\n\n\n\n<p>Puerto Pr\u00edncipe, 17 jul (Prensa Latina) El Programa Mundial de Alimentos de las Naciones Unidas confirm\u00f3 hoy que el recorte de fondos oblig\u00f3 a reducir en un 25 por ciento el n\u00famero de personas que reciben ayuda alimentaria en Hait\u00ed.<\/p>\n\n\n\n<p>\u201cTr\u00e1gicamente, esto significa que 100 mil de los haitianos m\u00e1s vulnerables se ven obligados a sobrevivir este mes sin ninguna ayuda del PMA\u201d, lament\u00f3 la instancia en un comunicado.<\/p>\n\n\n\n<p>Explic\u00f3 que, con el nivel actual de financiaci\u00f3n para el a\u00f1o, el organismo no cuenta con los recursos para proporcionar ayuda alimentaria a las 750 mil personas que la necesitan con urgencia.<\/p>\n\n\n\n<p>La disminuci\u00f3n de los fondos ocurre en un momento en el que 4,9 millones de haitianos, casi la mitad de la poblaci\u00f3n, enfrenta necesidades humanitarias sin precedentes y no encuentra lo suficiente para comer.<\/p>\n\n\n\n<p>El plan de respuesta del PMA solo est\u00e1 financiado en un 16 por ciento, pese a que ya transcurrieron seis meses de 2023, por lo cual el director del organismo en Hait\u00ed, Martin Bauer, no descarta otros recortes \u201cdevastadores\u201d, a menos que se reciban fondos de forma inmediata.<\/p>\n\n\n\n<p>Es tr\u00e1gico no poder llegar a algunos de los haitianos m\u00e1s vulnerables este mes. Estos recortes no podr\u00edan llegar en peor momento, ya que los haitianos se enfrentan a una crisis humanitaria de m\u00faltiples niveles, con sus vidas y medios de subsistencia trastornados por la violencia, inseguridad, agitaci\u00f3n econ\u00f3mica y las perturbaciones clim\u00e1ticas, dijo Bauer.<\/p>\n\n\n\n<p>Advirti\u00f3 que de enero a julio proveyeron comidas calientes a m\u00e1s de 450 mil estudiantes en todo el pa\u00eds, lo cual constituye, para muchos de ellos, la \u00fanica ingesta completa diaria. \u201cSin una inyecci\u00f3n de fondos, casi la mitad de estos ni\u00f1os dejar\u00e1n de tener acceso a comidas escolares cuando vuelvan a clase tras las vacaciones de verano\u201d, subray\u00f3.<\/p>\n\n\n\n<p>A finales de junio una delegaci\u00f3n liderada por la directora ejecutiva del Fondo de la ONU para la Infancia, Catherine Russell, as\u00ed como Cindy McCain, responsable del PMA, visit\u00f3 el pa\u00eds caribe\u00f1o y alert\u00f3 del hambre y la desnutrici\u00f3n sin precedentes.<\/p>\n\n\n\n<p>Las directoras de la ONU lamentaron que 5,2 millones de personas necesitan ayuda humanitaria urgente, entre ellas casi tres millones de ni\u00f1os.<\/p>\n\n\n\n<p>McCain agreg\u00f3 que, per c\u00e1pita, la proporci\u00f3n de haitianos que se enfrentan a una inseguridad alimentaria de nivel de emergencia es la segunda m\u00e1s alta del mundo, \u201cno podemos abandonarlos\u201d, afirm\u00f3.<\/p>\n\n\n\n<p>Por su parte, Russell asegur\u00f3 que las necesidades humanitarias son mayores que en 2010, cuando un devastador terremoto destruy\u00f3 la capital y cobr\u00f3 m\u00e1s de 200 mil vidas, sin embargo, actualmente cuentan con muchos menos recursos para responder.<\/p>\n\n\n\n<p>La ONU prev\u00e9 que este a\u00f1o m\u00e1s de 115 mil ni\u00f1os menores de cinco a\u00f1os sufran desnutrici\u00f3n potencialmente mortal, lo que supone un aumento del 30 por ciento con relaci\u00f3n a 2022.<\/p>\n\n\n\n<p>mem\/ane<\/p>\n\n\n\n<p><\/p>\n","protected":false},"excerpt":{"rendered":"<p>diariodominicano.com Puerto Pr\u00edncipe, 17 jul (Prensa Latina) El Programa Mundial de Alimentos de las Naciones Unidas confirm\u00f3 hoy que el recorte de fondos oblig\u00f3 a reducir en un 25 por ciento el n\u00famero de personas que reciben ayuda alimentaria en Hait\u00ed. \u201cTr\u00e1gicamente, esto significa que 100 mil de los haitianos m\u00e1s vulnerables se ven obligados [&hellip;]<\/p>\n","protected":false},"author":5,"featured_media":455755,"comment_status":"closed","ping_status":"","sticky":true,"template":"","format":"standard","meta":{"footnotes":""},"categories":[112,23,27],"tags":[],"class_list":["post-455754","post","type-post","status-publish","format-standard","has-post-thumbnail","hentry","category-haiti","category-internacional","category-portada"],"_links":{"self":[{"href":"https:\/\/diariodominicano.com\/index.php?rest_route=\/wp\/v2\/posts\/455754","targetHints":{"allow":["GET"]}}],"collection":[{"href":"https:\/\/diariodominicano.com\/index.php?rest_route=\/wp\/v2\/posts"}],"about":[{"href":"https:\/\/diariodominicano.com\/index.php?rest_route=\/wp\/v2\/types\/post"}],"author":[{"embeddable":true,"href":"https:\/\/diariodominicano.com\/index.php?rest_route=\/wp\/v2\/users\/5"}],"replies":[{"embeddable":true,"href":"https:\/\/diariodominicano.com\/index.php?rest_route=%2Fwp%2Fv2%2Fcomments&post=455754"}],"version-history":[{"count":2,"href":"https:\/\/diariodominicano.com\/index.php?rest_route=\/wp\/v2\/posts\/455754\/revisions"}],"predecessor-version":[{"id":455757,"href":"https:\/\/diariodominicano.com\/index.php?rest_route=\/wp\/v2\/posts\/455754\/revisions\/455757"}],"wp:featuredmedia":[{"embeddable":true,"href":"https:\/\/diariodominicano.com\/index.php?rest_route=\/wp\/v2\/media\/455755"}],"wp:attachment":[{"href":"https:\/\/diariodominicano.com\/index.php?rest_route=%2Fwp%2Fv2%2Fmedia&parent=455754"}],"wp:term":[{"taxonomy":"category","embeddable":true,"href":"https:\/\/diariodominicano.com\/index.php?rest_route=%2Fwp%2Fv2%2Fcategories&post=455754"},{"taxonomy":"post_tag","embeddable":true,"href":"https:\/\/diariodominicano.com\/index.php?rest_route=%2Fwp%2Fv2%2Ftags&post=455754"}],"curies":[{"name":"wp","href":"https:\/\/api.w.org\/{rel}","templated":true}]}}