{"id":455624,"date":"2023-07-16T21:26:17","date_gmt":"2023-07-17T01:26:17","guid":{"rendered":"http:\/\/diariodominicano.com\/?p=455624"},"modified":"2023-07-16T21:26:17","modified_gmt":"2023-07-17T01:26:17","slug":"apresan-presunto-dominicano-policia-acusa-de-asesinar-otro-en-el-alto-manhattan","status":"publish","type":"post","link":"https:\/\/diariodominicano.com\/?p=455624","title":{"rendered":"Apresan presunto dominicano polic\u00eda acusa de asesinar otro en el Alto Manhattan"},"content":{"rendered":"\n<p><strong>Por Ram\u00f3n Mercedes<\/strong><\/p>\n\n\n\n<p><strong>NUEVA YORK.-<\/strong>&nbsp;La polic\u00eda de esta ciudad apres\u00f3 el pasado fin de semana a \u00c1ngel Garc\u00eda, de 43 a\u00f1os y presuntamente dominicano, acusado de supuestamente matar el pasado 5 de julio de un balazo en la cara a \u00c1ngel Cruzeta, de 30 a\u00f1os y tambi\u00e9n presuntamente quisqueyano, en la avenida Vermilyea cerca de la calle 204, en el Alto Manhattan, dijo la polic\u00eda.<\/p>\n\n\n\n<p>Garc\u00eda fue detenido cuando iba a tomar un vuelo hacia Florida por el aeropuerto JFK en Queens. Est\u00e1 acusado de homicidio involuntario y posesi\u00f3n de armas, seg\u00fan la uniformada.<\/p>\n\n\n\n<p>Las autoridades informaron que la v\u00edctima ten\u00eda arrestos sellados y el victimario 19 detenciones previas por diferentes delitos.<\/p>\n\n\n\n<p>Garc\u00eda fue puesto en libertad condicional en marzo despu\u00e9s de cumplir casi cinco a\u00f1os por asalto y conspiraci\u00f3n. Anteriormente hab\u00eda sido puesto en libertad condicional en noviembre de 2005 tras cumplir tres a\u00f1os por intento de robo de un auto.<\/p>\n\n\n\n<p>Todos los cargos son meras acusaciones y se presume que las personas procesadas son inocentes hasta que se pruebe su culpabilidad en un tribunal.&nbsp;<\/p>\n\n\n\n<p>Una nueva encuesta de Siena College (SCRI) revel\u00f3 que 41% de los residentes del estado \u201cnunca\u201d hab\u00edan estado tan preocupados por su seguridad personal como ahora, mientras que un 87% respondi\u00f3 que la delincuencia es un problema \u201cgrave\u201d en el estado y NYC.<\/p>\n","protected":false},"excerpt":{"rendered":"<p>Por Ram\u00f3n Mercedes NUEVA YORK.-&nbsp;La polic\u00eda de esta ciudad apres\u00f3 el pasado fin de semana a \u00c1ngel Garc\u00eda, de 43 a\u00f1os y presuntamente dominicano, acusado de supuestamente matar el pasado 5 de julio de un balazo en la cara a \u00c1ngel Cruzeta, de 30 a\u00f1os y tambi\u00e9n presuntamente quisqueyano, en la avenida Vermilyea cerca de [&hellip;]<\/p>\n","protected":false},"author":28,"featured_media":455625,"comment_status":"closed","ping_status":"","sticky":true,"template":"","format":"standard","meta":{"footnotes":""},"categories":[29],"tags":[],"class_list":["post-455624","post","type-post","status-publish","format-standard","has-post-thumbnail","hentry","category-policiasucesos"],"_links":{"self":[{"href":"https:\/\/diariodominicano.com\/index.php?rest_route=\/wp\/v2\/posts\/455624","targetHints":{"allow":["GET"]}}],"collection":[{"href":"https:\/\/diariodominicano.com\/index.php?rest_route=\/wp\/v2\/posts"}],"about":[{"href":"https:\/\/diariodominicano.com\/index.php?rest_route=\/wp\/v2\/types\/post"}],"author":[{"embeddable":true,"href":"https:\/\/diariodominicano.com\/index.php?rest_route=\/wp\/v2\/users\/28"}],"replies":[{"embeddable":true,"href":"https:\/\/diariodominicano.com\/index.php?rest_route=%2Fwp%2Fv2%2Fcomments&post=455624"}],"version-history":[{"count":1,"href":"https:\/\/diariodominicano.com\/index.php?rest_route=\/wp\/v2\/posts\/455624\/revisions"}],"predecessor-version":[{"id":455626,"href":"https:\/\/diariodominicano.com\/index.php?rest_route=\/wp\/v2\/posts\/455624\/revisions\/455626"}],"wp:featuredmedia":[{"embeddable":true,"href":"https:\/\/diariodominicano.com\/index.php?rest_route=\/wp\/v2\/media\/455625"}],"wp:attachment":[{"href":"https:\/\/diariodominicano.com\/index.php?rest_route=%2Fwp%2Fv2%2Fmedia&parent=455624"}],"wp:term":[{"taxonomy":"category","embeddable":true,"href":"https:\/\/diariodominicano.com\/index.php?rest_route=%2Fwp%2Fv2%2Fcategories&post=455624"},{"taxonomy":"post_tag","embeddable":true,"href":"https:\/\/diariodominicano.com\/index.php?rest_route=%2Fwp%2Fv2%2Ftags&post=455624"}],"curies":[{"name":"wp","href":"https:\/\/api.w.org\/{rel}","templated":true}]}}