{"id":455493,"date":"2023-07-16T15:52:33","date_gmt":"2023-07-16T19:52:33","guid":{"rendered":"http:\/\/diariodominicano.com\/?p=455493"},"modified":"2023-07-16T15:55:11","modified_gmt":"2023-07-16T19:55:11","slug":"ffaa-refuerzan-con-presencia-militar-seguridad-ciudadana-en-santo-domingo-y-santiago-pgr","status":"publish","type":"post","link":"https:\/\/diariodominicano.com\/?p=455493","title":{"rendered":"FFAA refuerzan con presencia militar seguridad ciudadana en Santo Domingo y Santiago: PGR (Fotos)"},"content":{"rendered":"\n<p>SANTO DOMINGO, RD.- Con la finalidad de enfrentar los hechos delictivos que se registran en Rep\u00fablica Dominicana, el Ministerio de Defensa (MIDE), aument\u00f3 la cantidad de militares para respaldar y reforzar las labores de seguridad ciudadana que realiza la Polic\u00eda Nacional en Santo Domingo y Santiago, coordinado y supervisado por los\u00a0 Comandos Conjuntos Metropolitano y norte.<\/p>\n\n\n\n<figure class=\"wp-block-image size-full\"><img loading=\"lazy\" decoding=\"async\" width=\"934\" height=\"452\" src=\"https:\/\/diariodominicano.com\/wp-content\/uploads\/2023\/07\/48f00788-5baa-4c7f-9a0f-312601c167a9.jpg\" alt=\"\" class=\"wp-image-455496\" srcset=\"https:\/\/diariodominicano.com\/wp-content\/uploads\/2023\/07\/48f00788-5baa-4c7f-9a0f-312601c167a9.jpg 934w, https:\/\/diariodominicano.com\/wp-content\/uploads\/2023\/07\/48f00788-5baa-4c7f-9a0f-312601c167a9-300x145.jpg 300w, https:\/\/diariodominicano.com\/wp-content\/uploads\/2023\/07\/48f00788-5baa-4c7f-9a0f-312601c167a9-768x372.jpg 768w, https:\/\/diariodominicano.com\/wp-content\/uploads\/2023\/07\/48f00788-5baa-4c7f-9a0f-312601c167a9-816x395.jpg 816w\" sizes=\"auto, (max-width: 934px) 100vw, 934px\" \/><\/figure>\n\n\n\n<figure class=\"wp-block-image size-large\"><img loading=\"lazy\" decoding=\"async\" width=\"1024\" height=\"683\" src=\"https:\/\/diariodominicano.com\/wp-content\/uploads\/2023\/07\/9c8c58c4-5ca4-46fe-a729-90d8836fb225-1024x683.jpg\" alt=\"\" class=\"wp-image-455498\" srcset=\"https:\/\/diariodominicano.com\/wp-content\/uploads\/2023\/07\/9c8c58c4-5ca4-46fe-a729-90d8836fb225-1024x683.jpg 1024w, https:\/\/diariodominicano.com\/wp-content\/uploads\/2023\/07\/9c8c58c4-5ca4-46fe-a729-90d8836fb225-300x200.jpg 300w, https:\/\/diariodominicano.com\/wp-content\/uploads\/2023\/07\/9c8c58c4-5ca4-46fe-a729-90d8836fb225-768x512.jpg 768w, https:\/\/diariodominicano.com\/wp-content\/uploads\/2023\/07\/9c8c58c4-5ca4-46fe-a729-90d8836fb225-816x544.jpg 816w, https:\/\/diariodominicano.com\/wp-content\/uploads\/2023\/07\/9c8c58c4-5ca4-46fe-a729-90d8836fb225.jpg 1446w\" sizes=\"auto, (max-width: 1024px) 100vw, 1024px\" \/><\/figure>\n\n\n\n<figure class=\"wp-block-image size-large\"><img loading=\"lazy\" decoding=\"async\" width=\"1024\" height=\"461\" src=\"https:\/\/diariodominicano.com\/wp-content\/uploads\/2023\/07\/01-3-1024x461.jpg\" alt=\"\" class=\"wp-image-455499\" srcset=\"https:\/\/diariodominicano.com\/wp-content\/uploads\/2023\/07\/01-3-1024x461.jpg 1024w, https:\/\/diariodominicano.com\/wp-content\/uploads\/2023\/07\/01-3-300x135.jpg 300w, https:\/\/diariodominicano.com\/wp-content\/uploads\/2023\/07\/01-3-768x346.jpg 768w, https:\/\/diariodominicano.com\/wp-content\/uploads\/2023\/07\/01-3-1536x691.jpg 1536w, https:\/\/diariodominicano.com\/wp-content\/uploads\/2023\/07\/01-3-816x367.jpg 816w, https:\/\/diariodominicano.com\/wp-content\/uploads\/2023\/07\/01-3.jpg 1600w\" sizes=\"auto, (max-width: 1024px) 100vw, 1024px\" \/><\/figure>\n\n\n\n<p>El Mide inform\u00f3 en un comunicado de prensa que durante los operativos en Santo Domingo y Santiago, los militares apoyan a la Polic\u00eda Nacional en sus labores de vigilancia, realizando operaciones conjuntas e Interagenciales que apoyan los patrullajes preventivos de la instituci\u00f3n del orden, en las zonas de responsabilidad asignadas en el plan de seguridad Interna y ciudadana.<\/p>\n\n\n\n<p>La disposici\u00f3n, previene la delincuencia com\u00fan y fortalece la seguridad ciudadana 24 horas del d\u00eda, elevando los niveles de presencia militar, como elementos disuasivos para reducir los \u00edndices delincuenciales que se registran en el pa\u00eds.<\/p>\n\n\n\n<p>En los operativos participan 449 militares del Ej\u00e9rcito de Rep\u00fablica Dominicana, 322 de la Armada, 389 de la Fuerza A\u00e9rea, y otros 836 que involucra al personal entrenado de la Fuerza de Tarea Conjunta Ciudad Tranquila (CIUTRAN) y de la Comisi\u00f3n Militar y Policial (COMIPOL) del Ministerio de Obras P\u00fablicas y Comunicaciones.<\/p>\n\n\n\n<p>Se destac\u00f3 que en las labores de patrullaje y puestos de chequeo fueron registradas 7,626 personas y 2,287 motocicletas, de las cuales fueron retenidas 54 que no contaban con la debida documentaci\u00f3n; unos 2,919 veh\u00edculos y detenidas 22 personas para depuraci\u00f3n, entre otros.<\/p>\n\n\n\n<figure class=\"wp-block-image size-large\"><img loading=\"lazy\" decoding=\"async\" width=\"1024\" height=\"683\" src=\"https:\/\/diariodominicano.com\/wp-content\/uploads\/2023\/07\/869d6cbb-721a-47b3-81a7-8ed6a227f7f0-1024x683.jpg\" alt=\"\" class=\"wp-image-455500\" srcset=\"https:\/\/diariodominicano.com\/wp-content\/uploads\/2023\/07\/869d6cbb-721a-47b3-81a7-8ed6a227f7f0-1024x683.jpg 1024w, https:\/\/diariodominicano.com\/wp-content\/uploads\/2023\/07\/869d6cbb-721a-47b3-81a7-8ed6a227f7f0-300x200.jpg 300w, https:\/\/diariodominicano.com\/wp-content\/uploads\/2023\/07\/869d6cbb-721a-47b3-81a7-8ed6a227f7f0-768x512.jpg 768w, https:\/\/diariodominicano.com\/wp-content\/uploads\/2023\/07\/869d6cbb-721a-47b3-81a7-8ed6a227f7f0-816x544.jpg 816w, https:\/\/diariodominicano.com\/wp-content\/uploads\/2023\/07\/869d6cbb-721a-47b3-81a7-8ed6a227f7f0.jpg 1500w\" sizes=\"auto, (max-width: 1024px) 100vw, 1024px\" \/><\/figure>\n\n\n\n<figure class=\"wp-block-image size-large\"><img loading=\"lazy\" decoding=\"async\" width=\"1024\" height=\"683\" src=\"https:\/\/diariodominicano.com\/wp-content\/uploads\/2023\/07\/611a859a-503a-4cec-b2a5-ba7d9dc550ed-1024x683.jpg\" alt=\"\" class=\"wp-image-455501\" srcset=\"https:\/\/diariodominicano.com\/wp-content\/uploads\/2023\/07\/611a859a-503a-4cec-b2a5-ba7d9dc550ed-1024x683.jpg 1024w, https:\/\/diariodominicano.com\/wp-content\/uploads\/2023\/07\/611a859a-503a-4cec-b2a5-ba7d9dc550ed-300x200.jpg 300w, https:\/\/diariodominicano.com\/wp-content\/uploads\/2023\/07\/611a859a-503a-4cec-b2a5-ba7d9dc550ed-768x512.jpg 768w, https:\/\/diariodominicano.com\/wp-content\/uploads\/2023\/07\/611a859a-503a-4cec-b2a5-ba7d9dc550ed-816x544.jpg 816w, https:\/\/diariodominicano.com\/wp-content\/uploads\/2023\/07\/611a859a-503a-4cec-b2a5-ba7d9dc550ed.jpg 1500w\" sizes=\"auto, (max-width: 1024px) 100vw, 1024px\" \/><\/figure>\n\n\n\n<figure class=\"wp-block-image size-large\"><img loading=\"lazy\" decoding=\"async\" width=\"1024\" height=\"683\" src=\"https:\/\/diariodominicano.com\/wp-content\/uploads\/2023\/07\/f5dfbccf-c1b0-48b8-a599-66e11b9fac58-1024x683.jpg\" alt=\"\" class=\"wp-image-455502\" srcset=\"https:\/\/diariodominicano.com\/wp-content\/uploads\/2023\/07\/f5dfbccf-c1b0-48b8-a599-66e11b9fac58-1024x683.jpg 1024w, https:\/\/diariodominicano.com\/wp-content\/uploads\/2023\/07\/f5dfbccf-c1b0-48b8-a599-66e11b9fac58-300x200.jpg 300w, https:\/\/diariodominicano.com\/wp-content\/uploads\/2023\/07\/f5dfbccf-c1b0-48b8-a599-66e11b9fac58-768x512.jpg 768w, https:\/\/diariodominicano.com\/wp-content\/uploads\/2023\/07\/f5dfbccf-c1b0-48b8-a599-66e11b9fac58-816x544.jpg 816w, https:\/\/diariodominicano.com\/wp-content\/uploads\/2023\/07\/f5dfbccf-c1b0-48b8-a599-66e11b9fac58.jpg 1371w\" sizes=\"auto, (max-width: 1024px) 100vw, 1024px\" \/><\/figure>\n\n\n\n<p>Entre los barrios bajo supervisi\u00f3n se encuentran en el gran Santo Domingo, Mar\u00eda Auxiliadora, Villas Agr\u00edcolas, Cristo Rey, mientras que en Santiago se encuentran Barrio Nuevo, Cienfuegos y la Otra Banda, entre otros.<\/p>\n\n\n\n<p>El personal cuenta con radios de comunicaci\u00f3n, chalecos de seguridad de alta visibilidad, linternas, retenes y muros movibles, entre otros.<\/p>\n\n\n\n<p>Tambi\u00e9n cuentan para desplazarse, veh\u00edculos y motores de las tres fuerzas militares, de la Fuerza de Tarea Conjunta Ciudad Tranquila (CIUTRAN) y COMIPOL.<\/p>\n\n\n\n<p><strong><em>Departamento de Prensa<\/em><\/strong><\/p>\n\n\n\n<p><em><strong>Direcci\u00f3n de Asuntos Civiles del Estado Mayor Conjunto, J5<\/strong><\/em><\/p>\n\n\n\n<p><em><strong>Ministerio de Defensa de Rep\u00fablica Dominicana<\/strong><\/em><\/p>\n","protected":false},"excerpt":{"rendered":"<p>SANTO DOMINGO, RD.- Con la finalidad de enfrentar los hechos delictivos que se registran en Rep\u00fablica Dominicana, el Ministerio de Defensa (MIDE), aument\u00f3 la cantidad de militares para respaldar y reforzar las labores de seguridad ciudadana que realiza la Polic\u00eda Nacional en Santo Domingo y Santiago, coordinado y supervisado por los\u00a0 Comandos Conjuntos Metropolitano y [&hellip;]<\/p>\n","protected":false},"author":28,"featured_media":455494,"comment_status":"closed","ping_status":"","sticky":true,"template":"","format":"standard","meta":{"footnotes":""},"categories":[20,29,27],"tags":[],"class_list":["post-455493","post","type-post","status-publish","format-standard","has-post-thumbnail","hentry","category-dominicana-hoy","category-policiasucesos","category-portada"],"_links":{"self":[{"href":"https:\/\/diariodominicano.com\/index.php?rest_route=\/wp\/v2\/posts\/455493","targetHints":{"allow":["GET"]}}],"collection":[{"href":"https:\/\/diariodominicano.com\/index.php?rest_route=\/wp\/v2\/posts"}],"about":[{"href":"https:\/\/diariodominicano.com\/index.php?rest_route=\/wp\/v2\/types\/post"}],"author":[{"embeddable":true,"href":"https:\/\/diariodominicano.com\/index.php?rest_route=\/wp\/v2\/users\/28"}],"replies":[{"embeddable":true,"href":"https:\/\/diariodominicano.com\/index.php?rest_route=%2Fwp%2Fv2%2Fcomments&post=455493"}],"version-history":[{"count":4,"href":"https:\/\/diariodominicano.com\/index.php?rest_route=\/wp\/v2\/posts\/455493\/revisions"}],"predecessor-version":[{"id":455504,"href":"https:\/\/diariodominicano.com\/index.php?rest_route=\/wp\/v2\/posts\/455493\/revisions\/455504"}],"wp:featuredmedia":[{"embeddable":true,"href":"https:\/\/diariodominicano.com\/index.php?rest_route=\/wp\/v2\/media\/455494"}],"wp:attachment":[{"href":"https:\/\/diariodominicano.com\/index.php?rest_route=%2Fwp%2Fv2%2Fmedia&parent=455493"}],"wp:term":[{"taxonomy":"category","embeddable":true,"href":"https:\/\/diariodominicano.com\/index.php?rest_route=%2Fwp%2Fv2%2Fcategories&post=455493"},{"taxonomy":"post_tag","embeddable":true,"href":"https:\/\/diariodominicano.com\/index.php?rest_route=%2Fwp%2Fv2%2Ftags&post=455493"}],"curies":[{"name":"wp","href":"https:\/\/api.w.org\/{rel}","templated":true}]}}