{"id":455392,"date":"2023-07-16T10:41:45","date_gmt":"2023-07-16T14:41:45","guid":{"rendered":"http:\/\/diariodominicano.com\/?p=455392"},"modified":"2023-07-16T10:55:54","modified_gmt":"2023-07-16T14:55:54","slug":"la-fiscalia-de-la-vega-obtiene-10-anos-de-prision-contra-hombre-que-agredio-fisicamente-a-su-pareja","status":"publish","type":"post","link":"https:\/\/diariodominicano.com\/?p=455392","title":{"rendered":"La Fiscal\u00eda de La Vega obtiene 10 a\u00f1os de prisi\u00f3n contra hombre que agredi\u00f3 f\u00edsicamente a su pareja"},"content":{"rendered":"\n<p>LA VEGA, Rep\u00fablica Dominicana.-La Fiscal\u00eda de La Vega obtuvo la pena m\u00e1xima de 10 a\u00f1os de prisi\u00f3n por violencia de g\u00e9nero en contra de un hombre que agredi\u00f3 f\u00edsicamente a su pareja sentimental, a quien propin\u00f3 una golpiza con un palo, en un hecho ocurrido en esta provincia en el mes de diciembre del a\u00f1o 2020.&nbsp;<\/p>\n\n\n\n<p>El Primer Tribunal Colegiado de este distrito judicial acogi\u00f3 la solicitud del Ministerio P\u00fablico y dict\u00f3 la sentencia condenatoria en contra de Manuel de Jes\u00fas Cepeda Ferrera por incurrir en violencia de g\u00e9nero e intrafamiliar agravada en perjuicio de su pareja, de quien se omite su nombre para proteger su derecho a la intimidad.&nbsp;<\/p>\n\n\n\n<p>Sobre el hecho, la Fiscal\u00eda sostiene que ocurri\u00f3 en fecha 25 de diciembre de 2020, alrededor de las 11:43 de la noche, en el sector El Bolsillo, del municipio Jarabacoa, cuando unos amigos de Cepeda Ferrera fueron a buscarlo a su casa porque uno de ellos hab\u00eda tenido problemas con otra persona, para enfrentar la situaci\u00f3n, oponi\u00e9ndose la v\u00edctima a que su pareja salidera de la casa.&nbsp;<\/p>\n\n\n\n<p>Detalla que fue en esas circunstancias que el acusado Cepeda Ferrera reaccion\u00f3 de manera violenta, lanz\u00f3 a la mujer en la cama y la agredi\u00f3 verbal y f\u00edsicamente, golpe\u00e1ndola con un palo en diferentes partes cuerpo, adem\u00e1s de que la amenaz\u00f3 de muerte.&nbsp;<\/p>\n\n\n\n<p>La v\u00edctima result\u00f3 con golpes y heridas cortante en regi\u00f3n parietal izquierda con puntos de sutura, abrasiones, hematomas, edema, inflamaci\u00f3n y laceraciones m\u00faltiples en hemicara izquierda y tabique nasal, y otras lesiones en diferentes partes del cuerpo. Tambi\u00e9n, con quemadura de primer grado, abrasi\u00f3n y laceraciones m\u00faltiples en el hombro derecho, t\u00f3rax posterior y espalda, as\u00ed como hematomas y laceraciones en otras partes del cuerpo.&nbsp;<\/p>\n\n\n\n<p>En fecha 27 del mes de diciembre del a\u00f1o 2020 la mujer present\u00f3 la denuncia del caso ante la Unidad de Atenci\u00f3n Integral a la Violencia de G\u00e9nero, Intrafamiliar y Delitos Sexuales de esta demarcaci\u00f3n, desde donde se le dio seguimiento al caso y se llev\u00f3 el proceso judicial hasta lograr la debida sanci\u00f3n.&nbsp;<\/p>\n\n\n\n<p>En el transcurso de las pesquisas se estableci\u00f3 que el acusado era reincidente en acciones violentas, ya que se determin\u00f3 que en otras ocasiones hab\u00eda amenazado a la v\u00edctima, haci\u00e9ndole advertencias de muerte.&nbsp;<\/p>\n\n\n\n<p>Al lograr la imposici\u00f3n de la pena m\u00e1xima por el caso de violencia de g\u00e9nero, la fiscal titular de La Vega, Aura Luz Garc\u00eda Mart\u00ednez, destac\u00f3 que se hizo una correcta valoraci\u00f3n de las pruebas y de la aplicaci\u00f3n de las normas, al tiempo que resalt\u00f3 el trabajo que viene realizando el Ministerio P\u00fablico para contrarrestar la violencia y todo hecho delictivo.&nbsp;<\/p>\n\n\n\n<p>La fiscal de esta provincia Yamilka De La Cruz present\u00f3 ante las juezas Lucrecia Rodr\u00edguez, Juana Patricia Silverio y Julissa Candelario, diferentes pruebas con las que demostr\u00f3 que Cepeda Ferrera cometi\u00f3 los hechos en violaci\u00f3n a los art\u00edculos 309-2 y 309-03, literales A, B y E, del C\u00f3digo Penal Dominicano, modificado por la Ley 24-97 sobre Violencia de G\u00e9nero e Intrafamiliar, que tipifican y sancionan la violencia intrafamiliar agravada.&nbsp;<\/p>\n\n\n\n<p>La sentencia deber\u00e1 ser cumplida en el Centro de Correcci\u00f3n y Rehabilitaci\u00f3n El Pinito de esta ciudad de La Vega.&nbsp;<\/p>\n\n\n\n<p><strong>Direcci\u00f3n General de Comunicaci\u00f3n, Prensa, y RRPP<\/strong><strong><\/strong><\/p>\n\n\n\n<p>Ministerio P\u00fablico.&nbsp;R.D.<\/p>\n\n\n\n<p>Domingo, 16 de julio de 2023.<\/p>\n","protected":false},"excerpt":{"rendered":"<p>LA VEGA, Rep\u00fablica Dominicana.-La Fiscal\u00eda de La Vega obtuvo la pena m\u00e1xima de 10 a\u00f1os de prisi\u00f3n por violencia de g\u00e9nero en contra de un hombre que agredi\u00f3 f\u00edsicamente a su pareja sentimental, a quien propin\u00f3 una golpiza con un palo, en un hecho ocurrido en esta provincia en el mes de diciembre del a\u00f1o [&hellip;]<\/p>\n","protected":false},"author":28,"featured_media":448307,"comment_status":"closed","ping_status":"","sticky":true,"template":"","format":"standard","meta":{"footnotes":""},"categories":[24,29,27],"tags":[],"class_list":["post-455392","post","type-post","status-publish","format-standard","has-post-thumbnail","hentry","category-justicia-y-derecho","category-policiasucesos","category-portada"],"_links":{"self":[{"href":"https:\/\/diariodominicano.com\/index.php?rest_route=\/wp\/v2\/posts\/455392","targetHints":{"allow":["GET"]}}],"collection":[{"href":"https:\/\/diariodominicano.com\/index.php?rest_route=\/wp\/v2\/posts"}],"about":[{"href":"https:\/\/diariodominicano.com\/index.php?rest_route=\/wp\/v2\/types\/post"}],"author":[{"embeddable":true,"href":"https:\/\/diariodominicano.com\/index.php?rest_route=\/wp\/v2\/users\/28"}],"replies":[{"embeddable":true,"href":"https:\/\/diariodominicano.com\/index.php?rest_route=%2Fwp%2Fv2%2Fcomments&post=455392"}],"version-history":[{"count":2,"href":"https:\/\/diariodominicano.com\/index.php?rest_route=\/wp\/v2\/posts\/455392\/revisions"}],"predecessor-version":[{"id":455407,"href":"https:\/\/diariodominicano.com\/index.php?rest_route=\/wp\/v2\/posts\/455392\/revisions\/455407"}],"wp:featuredmedia":[{"embeddable":true,"href":"https:\/\/diariodominicano.com\/index.php?rest_route=\/wp\/v2\/media\/448307"}],"wp:attachment":[{"href":"https:\/\/diariodominicano.com\/index.php?rest_route=%2Fwp%2Fv2%2Fmedia&parent=455392"}],"wp:term":[{"taxonomy":"category","embeddable":true,"href":"https:\/\/diariodominicano.com\/index.php?rest_route=%2Fwp%2Fv2%2Fcategories&post=455392"},{"taxonomy":"post_tag","embeddable":true,"href":"https:\/\/diariodominicano.com\/index.php?rest_route=%2Fwp%2Fv2%2Ftags&post=455392"}],"curies":[{"name":"wp","href":"https:\/\/api.w.org\/{rel}","templated":true}]}}