{"id":455390,"date":"2023-07-16T10:39:47","date_gmt":"2023-07-16T14:39:47","guid":{"rendered":"http:\/\/diariodominicano.com\/?p=455390"},"modified":"2023-07-16T10:56:21","modified_gmt":"2023-07-16T14:56:21","slug":"condenan-a-30-anos-de-prision-a-hombre-que-mato-a-su-expareja-en-parqueo-de-restaurante-de-la-romana","status":"publish","type":"post","link":"https:\/\/diariodominicano.com\/?p=455390","title":{"rendered":"Condenan a 30 a\u00f1os de prisi\u00f3n a hombre que mat\u00f3 a su expareja en parqueo de restaurante de La Romana"},"content":{"rendered":"\n<p>LA ROMANA, Rep\u00fablica Dominicana.- Acogiendo la solicitud de la Fiscal\u00eda de La Romana, fue condenado a la pena m\u00e1xima de 30 a\u00f1os de prisi\u00f3n un hombre que fue hallado culpable de matar a su expareja a causa de varios disparos de arma de fuego, en un hecho ocurrido en un restaurante de esta ciudad, en el a\u00f1o 2019.&nbsp;<\/p>\n\n\n\n<p>El Tribunal Colegiado de La Romana conden\u00f3 al acusado Julio Manuel Vidal Paula a cumplir la pena en el Centro de Correcci\u00f3n y Rehabilitaci\u00f3n (CCR) Cucama de esta localidad y al pago de RD$4 millones de indemnizaci\u00f3n a los familiares de la v\u00edctima, tras declararlo culpable de provocarle la muerte a Yesenia Garc\u00eda B\u00e1ez.&nbsp;<\/p>\n\n\n\n<p>El expediente detalla que el hecho ocurri\u00f3 el 29 de octubre de 2019, alrededor de las 7:15 de la noche, luego de que el acusado se presentara a bordo de un carro sin placa al \u00e1rea del parqueo del restaurante, localizado en el centro de la ciudad de La Romana.&nbsp;<\/p>\n\n\n\n<p>El procesado acudi\u00f3 al lugar luego de realizarle varias llamadas telef\u00f3nicas a la v\u00edctima Garc\u00eda B\u00e1ez, quien se encontraba en el lugar acompa\u00f1ada de su padre y una hija menor, de quienes se hace reservas de sus nombres.&nbsp;<\/p>\n\n\n\n<p>V\u00eddeos de las c\u00e1maras de seguridad del establecimiento, que formaron parte de las pruebas con las que el Ministerio P\u00fablico demostr\u00f3 los hechos, captaron el momento en que Vidal Paula se desmonta del veh\u00edculo en que se transportaba y sostiene una discusi\u00f3n con la v\u00edctima, siendo en esas circunstancias que el hoy condenado sac\u00f3 su arma de fuego, marca FEG Carandai, calibre 9mm, y le realiz\u00f3 varios disparos a la mujer, impact\u00e1ndola con cinco de ellos en diferentes partes del cuerpo, que le ocasionaron la muerte.&nbsp;<\/p>\n\n\n\n<p>Tras cometer el hecho, el hoy sentenciado huy\u00f3 del lugar, y luego fue arrestado en el municipio Hig\u00fcey, provincia La Altagracia, donde se entreg\u00f3 a la Polic\u00eda Nacional, quienes, desde que ocurri\u00f3 el hecho, activaron de inmediato su localizaci\u00f3n.&nbsp;<\/p>\n\n\n\n<p>El caso fue investigado por la fiscal Johanny L\u00f3pez, mientras que los fiscales litigantes H\u00e9ctor Alfredo de los Santos y Mayerling Rond\u00f3n representaron al Ministerio P\u00fablico en el juicio.&nbsp;<\/p>\n\n\n\n<p>El Ministerio P\u00fablico le atribuy\u00f3 a Vidal Paula la violaci\u00f3n de los art\u00edculos 295, 296, 297 y 302 del C\u00f3digo Penal Dominicano, siendo acogida la acusaci\u00f3n por los jueces del Tribunal Colegiado, magistrados Jossephang Bernhardt Nivar, Idenisse Catedral Ozuna y Johan Manuel Medina, quienes ordenaron el cumplimiento de la sentencia en el Centro de Correcci\u00f3n y Rehabilitaci\u00f3n (CCR) Cucama, de La Romana.&nbsp;<\/p>\n\n\n\n<p><strong>Direcci\u00f3n General de Comunicaci\u00f3n, Prensa, y RRPP<\/strong><strong><\/strong><\/p>\n\n\n\n<p>Ministerio P\u00fablico.&nbsp;R.D.<\/p>\n\n\n\n<p>Domingo, 16 de julio de 2023.<\/p>\n","protected":false},"excerpt":{"rendered":"<p>LA ROMANA, Rep\u00fablica Dominicana.- Acogiendo la solicitud de la Fiscal\u00eda de La Romana, fue condenado a la pena m\u00e1xima de 30 a\u00f1os de prisi\u00f3n un hombre que fue hallado culpable de matar a su expareja a causa de varios disparos de arma de fuego, en un hecho ocurrido en un restaurante de esta ciudad, en [&hellip;]<\/p>\n","protected":false},"author":28,"featured_media":344836,"comment_status":"closed","ping_status":"","sticky":true,"template":"","format":"standard","meta":{"footnotes":""},"categories":[24,29,27],"tags":[],"class_list":["post-455390","post","type-post","status-publish","format-standard","has-post-thumbnail","hentry","category-justicia-y-derecho","category-policiasucesos","category-portada"],"_links":{"self":[{"href":"https:\/\/diariodominicano.com\/index.php?rest_route=\/wp\/v2\/posts\/455390","targetHints":{"allow":["GET"]}}],"collection":[{"href":"https:\/\/diariodominicano.com\/index.php?rest_route=\/wp\/v2\/posts"}],"about":[{"href":"https:\/\/diariodominicano.com\/index.php?rest_route=\/wp\/v2\/types\/post"}],"author":[{"embeddable":true,"href":"https:\/\/diariodominicano.com\/index.php?rest_route=\/wp\/v2\/users\/28"}],"replies":[{"embeddable":true,"href":"https:\/\/diariodominicano.com\/index.php?rest_route=%2Fwp%2Fv2%2Fcomments&post=455390"}],"version-history":[{"count":2,"href":"https:\/\/diariodominicano.com\/index.php?rest_route=\/wp\/v2\/posts\/455390\/revisions"}],"predecessor-version":[{"id":455408,"href":"https:\/\/diariodominicano.com\/index.php?rest_route=\/wp\/v2\/posts\/455390\/revisions\/455408"}],"wp:featuredmedia":[{"embeddable":true,"href":"https:\/\/diariodominicano.com\/index.php?rest_route=\/wp\/v2\/media\/344836"}],"wp:attachment":[{"href":"https:\/\/diariodominicano.com\/index.php?rest_route=%2Fwp%2Fv2%2Fmedia&parent=455390"}],"wp:term":[{"taxonomy":"category","embeddable":true,"href":"https:\/\/diariodominicano.com\/index.php?rest_route=%2Fwp%2Fv2%2Fcategories&post=455390"},{"taxonomy":"post_tag","embeddable":true,"href":"https:\/\/diariodominicano.com\/index.php?rest_route=%2Fwp%2Fv2%2Ftags&post=455390"}],"curies":[{"name":"wp","href":"https:\/\/api.w.org\/{rel}","templated":true}]}}