{"id":455263,"date":"2023-07-15T20:44:25","date_gmt":"2023-07-16T00:44:25","guid":{"rendered":"http:\/\/diariodominicano.com\/?p=455263"},"modified":"2023-07-15T20:44:25","modified_gmt":"2023-07-16T00:44:25","slug":"condenado-a-20-anos-de-prision-un-hombre-que-mato-a-otro-en-un-billar-de-monte-plata","status":"publish","type":"post","link":"https:\/\/diariodominicano.com\/?p=455263","title":{"rendered":"Condenado a 20 a\u00f1os de prisi\u00f3n un hombre que mat\u00f3 a otro en un billar de Monte Plata"},"content":{"rendered":"\n<p>MONTE PLATA, Rep\u00fablica Dominicana.- Una sentencia condenatoria de veinte a\u00f1os de prisi\u00f3n fue dictada en contra de\u00a0un hombre acusado por el Ministerio P\u00fablico de este distrito judicial de provocarle la muerte a otro a causa de heridas de arma blanca mientras jugaban en un billar del Batey Triple Ozama, de la comunidad Don Juan, en un hecho ocurrido en el a\u00f1o 2021.\u00a0<\/p>\n\n\n\n<p>El Tribunal Colegiado de Monte Plata dict\u00f3 la sentencia condenatoria al acusado V\u00edctor Manuel Acevedo Moreno, la cual establece adem\u00e1s que este deber\u00e1 pagar una indemnizaci\u00f3n de un mill\u00f3n quinientos mil pesos a los familiares del hoy occiso Ger\u00f3nimo Napole\u00f3n.&nbsp;&nbsp;<\/p>\n\n\n\n<p>La acusaci\u00f3n presentada por el fiscal Jos\u00e9 del Carmen Garc\u00eda Hern\u00e1ndez y acogida por los magistrados Hilda Nieves S\u00e1nchez Luna (jueza presidenta), Isa\u00edas Ronaldo Mart\u00ednez P\u00e9rez (juez primer sustituto) y Johanna Giselle Reyes Moquete (jueza miembro), establece que el hecho ocurri\u00f3 el 21 de octubre del a\u00f1o 2021, alrededor de las 8:00 de la noche. &nbsp;<\/p>\n\n\n\n<p>El hecho se produjo, de acuerdo con el expediente, porque el acusado Acevedo Moreno hizo fraude, lo que gener\u00f3 un inconveniente entre este y la v\u00edctima, a quien el hoy condenado agredi\u00f3 f\u00edsicamente con un machete.<\/p>\n\n\n\n<p>Seg\u00fan el diagn\u00f3stico m\u00e9dico, Napole\u00f3n result\u00f3 con trauma craneoencef\u00e1lico severo secundario y herida cortante en regi\u00f3n frontal parietal y hematoma subdural, lo que le provoc\u00f3 la muerte.&nbsp;<\/p>\n\n\n\n<p>La sentencia, emitida por la violaci\u00f3n de los art\u00edculos 295 y 304 del C\u00f3digo Penal Dominicano, deber\u00e1 ser cumplida en el Centro de Correcci\u00f3n y Rehabilitaci\u00f3n (CCR) de Monte Plata.&nbsp;<\/p>\n\n\n\n<p><strong>Direcci\u00f3n General de Comunicaci\u00f3n, Prensa, y RRPP<\/strong><strong><\/strong><\/p>\n\n\n\n<p>Ministerio P\u00fablico.&nbsp;R.D.<\/p>\n\n\n\n<p>S\u00e1bado, 15 de julio de 2023.<\/p>\n","protected":false},"excerpt":{"rendered":"<p>MONTE PLATA, Rep\u00fablica Dominicana.- Una sentencia condenatoria de veinte a\u00f1os de prisi\u00f3n fue dictada en contra de\u00a0un hombre acusado por el Ministerio P\u00fablico de este distrito judicial de provocarle la muerte a otro a causa de heridas de arma blanca mientras jugaban en un billar del Batey Triple Ozama, de la comunidad Don Juan, en [&hellip;]<\/p>\n","protected":false},"author":28,"featured_media":329468,"comment_status":"closed","ping_status":"","sticky":false,"template":"","format":"standard","meta":{"footnotes":""},"categories":[24,29],"tags":[],"class_list":["post-455263","post","type-post","status-publish","format-standard","has-post-thumbnail","hentry","category-justicia-y-derecho","category-policiasucesos"],"_links":{"self":[{"href":"https:\/\/diariodominicano.com\/index.php?rest_route=\/wp\/v2\/posts\/455263","targetHints":{"allow":["GET"]}}],"collection":[{"href":"https:\/\/diariodominicano.com\/index.php?rest_route=\/wp\/v2\/posts"}],"about":[{"href":"https:\/\/diariodominicano.com\/index.php?rest_route=\/wp\/v2\/types\/post"}],"author":[{"embeddable":true,"href":"https:\/\/diariodominicano.com\/index.php?rest_route=\/wp\/v2\/users\/28"}],"replies":[{"embeddable":true,"href":"https:\/\/diariodominicano.com\/index.php?rest_route=%2Fwp%2Fv2%2Fcomments&post=455263"}],"version-history":[{"count":1,"href":"https:\/\/diariodominicano.com\/index.php?rest_route=\/wp\/v2\/posts\/455263\/revisions"}],"predecessor-version":[{"id":455264,"href":"https:\/\/diariodominicano.com\/index.php?rest_route=\/wp\/v2\/posts\/455263\/revisions\/455264"}],"wp:featuredmedia":[{"embeddable":true,"href":"https:\/\/diariodominicano.com\/index.php?rest_route=\/wp\/v2\/media\/329468"}],"wp:attachment":[{"href":"https:\/\/diariodominicano.com\/index.php?rest_route=%2Fwp%2Fv2%2Fmedia&parent=455263"}],"wp:term":[{"taxonomy":"category","embeddable":true,"href":"https:\/\/diariodominicano.com\/index.php?rest_route=%2Fwp%2Fv2%2Fcategories&post=455263"},{"taxonomy":"post_tag","embeddable":true,"href":"https:\/\/diariodominicano.com\/index.php?rest_route=%2Fwp%2Fv2%2Ftags&post=455263"}],"curies":[{"name":"wp","href":"https:\/\/api.w.org\/{rel}","templated":true}]}}