{"id":45526,"date":"2019-03-03T22:28:48","date_gmt":"2019-03-03T22:28:48","guid":{"rendered":"http:\/\/diariodominicano.ddns.net\/?p=45526"},"modified":"2019-03-03T22:28:48","modified_gmt":"2019-03-03T22:28:48","slug":"politica-trampa-y-ficcion","status":"publish","type":"post","link":"https:\/\/diariodominicano.com\/?p=45526","title":{"rendered":"POL\u00cdTICA, TRAMPA Y FICCI\u00d3N"},"content":{"rendered":"<p><body><\/p>\n<\/p>\n<p>                                                                         <strong>Por Narciso Isa Conde<\/strong><\/p>\n<\/p>\n<p>Ha tenido lugar una \u00abrendici\u00f3n de cuentos\u00bb presidenciales en un Congreso que por complicidades obvias no puede contarle las cuentas al primer y \u00fanico mandatario de esta Naci\u00f3n neoliberalmente re-colonizada. Mucho menos fiscalizar al gobierno que lo controla y \u00abboronea\u00bb en grande.<\/p>\n<\/p>\n<p> Un Congreso que realmente no es Congreso. Tampoco primer, segundo, tercer o cuarto poder del Estado. Que simplemente es parte integrante del \u00fanico poder existente, que llama democracia a una dictadura constitucional regenteada por  una corporaci\u00f3n corrupta y corruptora estatal-privada.<\/p>\n<\/p>\n<p>Habl\u00f3 en ese escenario el Presidente de esa Corporaci\u00f3n al frente de una democracia inexistente, apelando a una soberan\u00eda que es pura ficci\u00f3n, y si no que se le pregunten a Donald Trump, a Falcondo y Barrick Gold.<\/p>\n<\/p>\n<p>Habl\u00f3 para encubrir sus cuentas y propagar sus cuentos, ambas cosas en aras de su reelecci\u00f3n. Para ocultar sus penas y verg\u00fcenzas (y las de los suyos) en el esc\u00e1ndalo Odebrecht (Punta Catalina de manera especial); y, adem\u00e1s, en las operaciones mafiosas en OISOE, OMSA, CEA, CORDE TRES BRAZOS, GAS PROPANO&#8230;, silenciando de paso  la de pasados presidentes, las cuales solo usa para subordinar y chantajear, nunca para que la justicia mande.<\/p>\n<\/p>\n<p>Habl\u00f3 sin referirse al caos en el transporte, al monto real de la deuda p\u00fablica (en tren de estallar), al d\u00e9ficit fiscal que no baja de cien mil millones anual, a los bancos y sus AFP que atracan los fondos de pensiones, a las ARS privadas que asaltan los de la seguridad social, a la perversi\u00f3n del 4% para educaci\u00f3n, con la que se han fecho h\u00edper-ricos muchos funcionarios y est\u00e1n financiando pre-candidaturas presidenciales y de todo tipo.<\/p>\n<\/p>\n<p>Habl\u00f3 sin hablar que las necesidades crecen m\u00e1s que los proyectos y obras enunciadas. Que el crecimiento del PBI con desigualdades desgarrantes, endeudamiento irresponsable y corrupci\u00f3n, es una formula explosiva. Que en el a\u00f1o del agua hay mas escasez, sequias e incendios que nunca. Que su Ministerio de Medio Ambiente ha depredado y contaminado el patrimonio natural como nunca antes. Y que el Estado delincuente que preside, con una PN, DNCD y DNI  copada por bandas uniformadas asociadas a la delincuencia civil, ha creado un estado de inseguridad ciudadana y popular realmente desesperante.<\/p>\n<\/p>\n<p>Pero es l\u00f3gico que as\u00ed proceda cada a\u00f1o, que sus cuentos no coincidan con las cuentas que  ya le ha sacado el pueblo verde, porque su modestia y sencillez auto-proclamadas  no le alcanzan para auto-inculparse con cargos penales de tal envergadura. Esa es misi\u00f3n del soberano.<\/p>\n<\/p>\n<h6> 2019-03-03 22:28:48 <\/h6>\n<p><!--\n<link rel=\"stylesheet\" href=\"css\/bootstrap.min.css\">\n\n\n<ul class=\"pagination\">\n\t    \n\t\n\n<li >\n\t<a href='?page_no=822'>Previous<\/a>\n\t<\/li>\n\n\n       \n    \n\n<li><a href='?page_no=1'>1<\/a><\/li>\n\n\n\n<li><a href='?page_no=2'>2<\/a><\/li>\n\n\n\n<li><a>...<\/a><\/li>\n\n\n\n<li><a href='?page_no=821'>821<\/a><\/li>\n\n\n\n<li><a href='?page_no=822'>822<\/a><\/li>\n\n\n\n<li class='active'><a>823<\/a><\/li>\n\n\n\n<li><a href='?page_no=824'>824<\/a><\/li>\n\n\n\n<li><a href='?page_no=825'>825<\/a><\/li>\n\n\n\n<li><a>...<\/a><\/li>\n\n\n\n<li><a href='?page_no=13611'>13611<\/a><\/li>\n\n\n\n<li><a href='?page_no=13612'>13612<\/a><\/li>\n\n    \n\t\n\n<li >\n\t<a href='?page_no=824'>Next<\/a>\n\t<\/li>\n\n\n    \n\n<li><a href='?page_no=13612'>Last &rsaquo;&rsaquo;<\/a><\/li>\n\n<\/ul>\n\n\n--><br \/>\n<\/body><\/p>\n","protected":false},"excerpt":{"rendered":"<p>Por Narciso Isa Conde Ha tenido lugar una \u00abrendici\u00f3n de cuentos\u00bb presidenciales en un Congreso que por complicidades obvias no puede contarle las cuentas al primer y \u00fanico mandatario de esta Naci\u00f3n neoliberalmente re-colonizada. Mucho menos fiscalizar al gobierno que lo controla y \u00abboronea\u00bb en grande. Un Congreso que realmente no es Congreso. Tampoco primer, [&hellip;]<\/p>\n","protected":false},"author":3,"featured_media":0,"comment_status":"open","ping_status":"open","sticky":false,"template":"","format":"standard","meta":{"footnotes":""},"categories":[16],"tags":[],"class_list":["post-45526","post","type-post","status-publish","format-standard","hentry","category-opiniones"],"_links":{"self":[{"href":"https:\/\/diariodominicano.com\/index.php?rest_route=\/wp\/v2\/posts\/45526","targetHints":{"allow":["GET"]}}],"collection":[{"href":"https:\/\/diariodominicano.com\/index.php?rest_route=\/wp\/v2\/posts"}],"about":[{"href":"https:\/\/diariodominicano.com\/index.php?rest_route=\/wp\/v2\/types\/post"}],"author":[{"embeddable":true,"href":"https:\/\/diariodominicano.com\/index.php?rest_route=\/wp\/v2\/users\/3"}],"replies":[{"embeddable":true,"href":"https:\/\/diariodominicano.com\/index.php?rest_route=%2Fwp%2Fv2%2Fcomments&post=45526"}],"version-history":[{"count":0,"href":"https:\/\/diariodominicano.com\/index.php?rest_route=\/wp\/v2\/posts\/45526\/revisions"}],"wp:attachment":[{"href":"https:\/\/diariodominicano.com\/index.php?rest_route=%2Fwp%2Fv2%2Fmedia&parent=45526"}],"wp:term":[{"taxonomy":"category","embeddable":true,"href":"https:\/\/diariodominicano.com\/index.php?rest_route=%2Fwp%2Fv2%2Fcategories&post=45526"},{"taxonomy":"post_tag","embeddable":true,"href":"https:\/\/diariodominicano.com\/index.php?rest_route=%2Fwp%2Fv2%2Ftags&post=45526"}],"curies":[{"name":"wp","href":"https:\/\/api.w.org\/{rel}","templated":true}]}}