{"id":45504,"date":"2019-03-04T00:03:00","date_gmt":"2019-03-04T00:03:00","guid":{"rendered":"http:\/\/diariodominicano.ddns.net\/?p=45504"},"modified":"2019-03-04T00:03:00","modified_gmt":"2019-03-04T00:03:00","slug":"ee-uu-termina-el-mes-de-la-historia-de-los-negros-pero-la-resistencia-contra-el-racista-en-jefe-continua","status":"publish","type":"post","link":"https:\/\/diariodominicano.com\/?p=45504","title":{"rendered":"EE.UU.: Termina el \u00abMes de la Historia de los Negros\u00bb, pero la resistencia contra el \u00abracista en jefe\u00bb contin\u00faa"},"content":{"rendered":"<p><body><\/p>\n<p><strong>Amy Goodman y Denis Moynihan<\/strong><\/p>\n<\/p>\n<p>Muchas personas osaron tener la esperanza, tras la elecci\u00f3n de Barack Obama en 2008, de que Estados Unidos podr\u00eda alg\u00fan d\u00eda entrar en una \u00abera pos-racial\u00bb. Ocho a\u00f1os despu\u00e9s, la elecci\u00f3n de Donald Trump para el mismo cargo demostr\u00f3, lamentablemente, que el flagelo del racismo sigue vivito y coleando en el pa\u00eds. Michael Cohen, ex abogado personal de Trump, describi\u00f3 el profundo racismo del presidente estadounidense cuando testific\u00f3 ante el Congreso el mi\u00e9rcoles. Cualquier intento de curar las profundas heridas del racismo que afectan al pa\u00eds debe incluir un desaf\u00edo directo hacia Donald Trump, nuestro \u00abracista en jefe\u00bb.<\/p>\n<\/p>\n<p>Casi al inicio de su declaraci\u00f3n ante el Comit\u00e9 de Supervisi\u00f3n y Reforma de la C\u00e1mara de Representantes estadounidense, Michael Cohen dijo sobre Trump: \u00abS\u00e9 lo que es el se\u00f1or Trump. Es un racista, un estafador, un tramposo. El pa\u00eds ha visto al se\u00f1or Trump cortejar a los supremacistas blancos y a los extremistas. Ustedes lo han escuchado llamar \u00abpa\u00edses de m**\u00bb a los pa\u00edses m\u00e1s pobres. En privado es a\u00fan peor. Una vez me pregunt\u00f3 si pod\u00eda nombrarle un pa\u00eds gobernado por una persona negra que no fuera un ?pa\u00eds de m**?. Esto fue cuando Barack Obama era presidente de Estados Unidos\u00bb.<\/p>\n<\/p>\n<p>Cohen prosigui\u00f3: \u00abUna vez que est\u00e1bamos manejando en Chicago por un vecindario empobrecido, [Trump] coment\u00f3 que solo los negros pod\u00edan vivir de esa forma. Y me dijo que las personas negras nunca lo votar\u00edan porque eran demasiado est\u00fapidas\u00bb.<\/p>\n<\/p>\n<p>La s\u00edntesis descriptiva de Cohen resulta bastante condenatoria, pero el historial de racismo de Trump es mucho m\u00e1s extenso. El mi\u00e9rcoles, el presidente de la Asociaci\u00f3n Nacional para el Progreso de las Personas de Color (NAACP, por su sigla en ingl\u00e9s), Derrick Johnson, declar\u00f3: \u00abLa presidencia de Trump y toda su carrera han sido una afrenta a los derechos civiles, por lo que no hay nada sorprendente en el testimonio de Michael Cohen sobre una persona que hist\u00f3ricamente ha racializado y estigmatizado a los que lo rodean. Desde sus pr\u00e1cticas racistas en torno a la vivienda a su demonizaci\u00f3n del grupo de los Cinco del Central Park, sus acusaciones contra el verdadero lugar de nacimiento del expresidente Obama y la creaci\u00f3n de refugios para los supremacistas blancos, todo esto proyecta las acciones y la personalidad de un mentiroso y un racista\u00bb.<\/p>\n<\/p>\n<p>La discriminaci\u00f3n en relaci\u00f3n con la vivienda que menciona Johnson refiere a una demanda federal de 1973 contra Donald Trump y su padre, Fred Trump, por discriminar a los afroestadounidenses que buscaban apartamentos. A principios de la d\u00e9cada de 1990, en sus intentos de bloquear los casinos tribales que competir\u00edan con sus emprendimientos fallidos en Atlantic City, Trump atac\u00f3 a los ind\u00edgenas norteamericanos, cuestionando su ascendencia. Inst\u00f3 agresivamente a la restauraci\u00f3n de la pena de muerte en Nueva York luego de que cinco j\u00f3venes de color fueran acusados ??de violar a una mujer blanca en el caso de los Cinco del Central Park. Los cinco j\u00f3venes fueron encarcelados durante a\u00f1os pero finalmente sus sentencias fueron anuladas cuando se identific\u00f3 al verdadero culpable. La ciudad de Nueva York les otorg\u00f3 m\u00e1s de 40 millones de d\u00f3lares en reparaci\u00f3n por los da\u00f1os. Trump insiste hasta el d\u00eda de hoy en que son culpables.<\/p>\n<\/p>\n<p>Trump lanz\u00f3 su campa\u00f1a presidencial en 2015 calificando a los mexicanos de asesinos y violadores: \u00abCuando M\u00e9xico env\u00eda a su gente, no env\u00eda a los mejores. No los env\u00edan a ustedes. Env\u00edan a gente que tiene muchos problemas y que trae esos problemas consigo. Traen drogas, traen cr\u00edmenes, traen violaciones. Y algunos, supongo, ser\u00e1n buenas personas\u00bb. La demonizaci\u00f3n y persecuci\u00f3n de los centroamericanos que huyen de la violencia se ha transformado en un pilar de sus xen\u00f3fobas pol\u00edticas de inmigraci\u00f3n, que incluyen la construcci\u00f3n de un muro a lo largo de la frontera sur del pa\u00eds. A poco de asumir como presidente, r\u00e1pidamente intent\u00f3 implementar una prohibici\u00f3n de ingreso al pa\u00eds a ciudadanos de varios pa\u00edses musulmanes. Finalmente se le permiti\u00f3 imponer una versi\u00f3n diluida de esta pol\u00edtica despu\u00e9s de que la Corte Suprema fallara a su favor.<\/p>\n<\/p>\n<p>Un aliado de Trump en el Comit\u00e9 de Supervisi\u00f3n, el republicano Mark Meadows, ten\u00eda sentada en silencio detr\u00e1s de \u00e9l a la funcionaria del Departamento de Vivienda y Desarrollo Urbano Lynne Patton, una mujer afroestadounidense que anteriormente trabajaba como organizadora de fiestas en la Organizaci\u00f3n Trump, como un testimonio vivo de que Trump no podr\u00eda ser un racista. Dos mujeres de color que integran el comit\u00e9, las dem\u00f3cratas Ayanna Pressley y Rashida Tlaib, denunciaron la maniobra de Meadows. Tlaib sostuvo: \u00abEl hecho de que alguien use como recurso a una mujer negra en esta c\u00e1mara, en este comit\u00e9, es un hecho racista en s\u00ed mismo\u00bb<\/p>\n<\/p>\n<p>Febrero es el Mes de la Historia de los Negros y este a\u00f1o, 2019, se cumplen 400 a\u00f1os desde que los primeros africanos secuestrados de sus pa\u00edses de origen fueron llevados por la fuerza a las costas de Am\u00e9rica del Norte para una vida de esclavitud. El legendario abolicionista Frederick Douglass, que logr\u00f3 escapar de la esclavitud en 1838, naci\u00f3 en febrero de 1818. Malcolm X fue asesinado el 21 de febrero de 1965. El adolescente afroestadounidense Trayvon Martin, de 17 a\u00f1os de edad, fue asesinado el 26 de febrero de 2012. El mes m\u00e1s corto del a\u00f1o est\u00e1 dedicado a esta incre\u00edblemente larga y dolorosa historia.<\/p>\n<\/p>\n<p>Este mes, el equipo de Democracy Now! visit\u00f3 el Museo del Legado en Montgomery, Alabama, que cuenta con un museo hist\u00f3rico y, en el exterior, un monumento para recordar a las v\u00edctimas de los linchamientos. Estos dos sitios transmiten la enormidad y el alcance de los cr\u00edmenes cometidos contra los africanos tra\u00eddos aqu\u00ed contra su voluntad, as\u00ed como los cr\u00edmenes perpetrados contra sus descendientes afroestadounidenses. Desde la esclavitud, pasando por Jim Crow y los linchamientos, hasta el encarcelamiento masivo, esta historia es reflejada en su cruda brutalidad. Pero la resistencia al racismo tambi\u00e9n ha sido una constante a lo largo de la historia de Estados Unidos y debe ser parte de nuestro trabajo diario, donde sea que lo encontremos; en nuestras comunidades, en el Congreso o en la Oficina Oval.<\/p>\n<p>Columna01 DE MARZO DE 2019<\/p>\n<p>Column default<\/p>\n<p>EscucheOtros formatos<\/p>\n<p>Estas noticias son patrocinadas por nuestra audiencia.<\/p>\n<p>DONAR<\/p>\n<p>\u00a9 2019 Amy Goodman<\/p>\n<\/p>\n<p>Traducci\u00f3n al espa\u00f1ol del texto en ingl\u00e9s: In\u00e9s Coira. Edici\u00f3n: Mar\u00eda Eva Blotta y Democracy Now! en espa\u00f1ol, spanish@democracynow.org<\/p>\n<\/p>\n<p>Amy Goodman es la conductora de Democracy Now!, un noticiero internacional que se emite diariamente en m\u00e1s de 800 emisoras de radio y televisi\u00f3n en ingl\u00e9s y en m\u00e1s de 450 en espa\u00f1ol. Es co-autora del libro \u00abLos que luchan contra el sistema: H\u00e9roes ordinarios en tiempos extraordinarios en Estados Unidos\u00bb, editado por Le Monde Diplomatique Cono Sur.<\/p>\n<\/p>\n<h6> 2019-03-04 00:03:00 <\/h6>\n<p><!--\n<link rel=\"stylesheet\" href=\"css\/bootstrap.min.css\">\n\n\n<ul class=\"pagination\">\n\t    \n\t\n\n<li >\n\t<a href='?page_no=820'>Previous<\/a>\n\t<\/li>\n\n\n       \n    \n\n<li><a href='?page_no=1'>1<\/a><\/li>\n\n\n\n<li><a href='?page_no=2'>2<\/a><\/li>\n\n\n\n<li><a>...<\/a><\/li>\n\n\n\n<li><a href='?page_no=819'>819<\/a><\/li>\n\n\n\n<li><a href='?page_no=820'>820<\/a><\/li>\n\n\n\n<li class='active'><a>821<\/a><\/li>\n\n\n\n<li><a href='?page_no=822'>822<\/a><\/li>\n\n\n\n<li><a href='?page_no=823'>823<\/a><\/li>\n\n\n\n<li><a>...<\/a><\/li>\n\n\n\n<li><a href='?page_no=13611'>13611<\/a><\/li>\n\n\n\n<li><a href='?page_no=13612'>13612<\/a><\/li>\n\n    \n\t\n\n<li >\n\t<a href='?page_no=822'>Next<\/a>\n\t<\/li>\n\n\n    \n\n<li><a href='?page_no=13612'>Last &rsaquo;&rsaquo;<\/a><\/li>\n\n<\/ul>\n\n\n--><br \/>\n<\/body><\/p>\n","protected":false},"excerpt":{"rendered":"<p>Amy Goodman y Denis Moynihan Muchas personas osaron tener la esperanza, tras la elecci\u00f3n de Barack Obama en 2008, de que Estados Unidos podr\u00eda alg\u00fan d\u00eda entrar en una \u00abera pos-racial\u00bb. Ocho a\u00f1os despu\u00e9s, la elecci\u00f3n de Donald Trump para el mismo cargo demostr\u00f3, lamentablemente, que el flagelo del racismo sigue vivito y coleando en [&hellip;]<\/p>\n","protected":false},"author":3,"featured_media":0,"comment_status":"open","ping_status":"open","sticky":false,"template":"","format":"standard","meta":{"footnotes":""},"categories":[16],"tags":[],"class_list":["post-45504","post","type-post","status-publish","format-standard","hentry","category-opiniones"],"_links":{"self":[{"href":"https:\/\/diariodominicano.com\/index.php?rest_route=\/wp\/v2\/posts\/45504","targetHints":{"allow":["GET"]}}],"collection":[{"href":"https:\/\/diariodominicano.com\/index.php?rest_route=\/wp\/v2\/posts"}],"about":[{"href":"https:\/\/diariodominicano.com\/index.php?rest_route=\/wp\/v2\/types\/post"}],"author":[{"embeddable":true,"href":"https:\/\/diariodominicano.com\/index.php?rest_route=\/wp\/v2\/users\/3"}],"replies":[{"embeddable":true,"href":"https:\/\/diariodominicano.com\/index.php?rest_route=%2Fwp%2Fv2%2Fcomments&post=45504"}],"version-history":[{"count":0,"href":"https:\/\/diariodominicano.com\/index.php?rest_route=\/wp\/v2\/posts\/45504\/revisions"}],"wp:attachment":[{"href":"https:\/\/diariodominicano.com\/index.php?rest_route=%2Fwp%2Fv2%2Fmedia&parent=45504"}],"wp:term":[{"taxonomy":"category","embeddable":true,"href":"https:\/\/diariodominicano.com\/index.php?rest_route=%2Fwp%2Fv2%2Fcategories&post=45504"},{"taxonomy":"post_tag","embeddable":true,"href":"https:\/\/diariodominicano.com\/index.php?rest_route=%2Fwp%2Fv2%2Ftags&post=45504"}],"curies":[{"name":"wp","href":"https:\/\/api.w.org\/{rel}","templated":true}]}}