{"id":45493,"date":"2019-03-04T00:05:10","date_gmt":"2019-03-04T00:05:10","guid":{"rendered":"http:\/\/diariodominicano.ddns.net\/?p=45493"},"modified":"2019-03-04T00:05:10","modified_gmt":"2019-03-04T00:05:10","slug":"por-que-nocultivar-la-virtud","status":"publish","type":"post","link":"https:\/\/diariodominicano.com\/?p=45493","title":{"rendered":"\u00bfPOR QU\u00c9 NO&#13;CULTIVAR LA VIRTUD?"},"content":{"rendered":"<p><body><\/p>\n<p><strong>FRANKLIN ALMEYDA RANCIER<\/strong><\/p>\n<\/p>\n<p>La pregunta es una invitaci\u00f3n a cultivar la virtud. Todo porque predomina la idea de que el dinero lo puede todo. Por ejemplo, le\u00ed a alguien que con cierta desfachatez propon\u00eda al compa\u00f1ero Rufino Morales, pelede\u00edsta de San Pedro de Macoris, \u00abcambiarte para Danilo para que cobres\u00bb. Rufino le respondi\u00f3 con hidalgu\u00eda: \u00abno me dobleg\u00f3\u00bb.<\/p>\n<\/p>\n<p>Ese di\u00e1logo nos hizo rememorar aquello invocado por Juan Bosch ante situaciones similares: \u00abLa gratitud es flor de virtudes que s\u00f3lo se da donde hay otras virtudes\u00bb.<\/p>\n<\/p>\n<p>Si un empleo se obtiene, o retiene, mostrando una fingida lealtad o adhesi\u00f3n, eso no es flor de gratitud que se da donde hay otras virtudes. M\u00e1s bien se alimenta potenciales traidores; se comercializan las ideas y se corrompe el comportamiento social.<\/p>\n<\/p>\n<p>La democracia descansa en la libertad. Imponer comportamientos donde la \u00abgratitud no es flor de virtudes\u00bb, es lo contrapuesta a la democracia. <\/p>\n<\/p>\n<p>Este proceso pol\u00edtico tiene nuevos componentes que est\u00e1n llamados a dar respuestas a situaciones que degeneran la actividad pol\u00edtica. Muchos ciudadanos, de todos los partidos, se animan a presentarse de candidatos, a pesar de no tener el dinero que se dice necesitar. Han descubierto que el predominio de las redes sociales les ofrece los medios para llegarle, si hay mucha creatividad, a los electores.<\/p>\n<\/p>\n<p>Lo costoso en una candidatura ha sido la publicidad y pagar la promoci\u00f3n a los medios de comunicaci\u00f3n. Pero se ha hecho cada vez m\u00e1s evidente que lograr organizarse para intervenir desde las redes sociales utilizando sus t\u00e9cnicas y mucha creatividad, se puede ganar desde ellas. <\/p>\n<\/p>\n<p>La clave es carecer de un perfil mentiroso y de enga\u00f1os. La incoherencia pol\u00edtica resulta inaceptable. A diferencia de los que se dedicaron a hacer dinero, sin cultivar la flor de la  virtud, las redes son para aquellos que se muestran m\u00e1s francos, transparentes, espont\u00e1neos y confiables.<\/p>\n<\/p>\n<p>Desde las redes sociales se puede ejercer a plenitud el derecho a la expresi\u00f3n, sin una censura o limitaci\u00f3n econ\u00f3mica. Los que disponen del dinero recurren a aplicaciones o medios tecnol\u00f3gicos para falsear, pero las mismas redes los denuncian.<\/p>\n<\/p>\n<p>Dar un empleo o quitarlo, por un apoyo pol\u00edtico, se nos parece a aquella expresi\u00f3n utilizada por el profesor Bosch en procesos electorales de d\u00e9cadas atr\u00e1s: \u00abSi te dan c\u00f3gelo y a la hora de votar, vota por lo que te diga tu coraz\u00f3n; porque el coraz\u00f3n nunca enga\u00f1a a su due\u00f1o\u00bb.<\/p>\n<\/p>\n<p>Tratar de imponer una reelecci\u00f3n conduce a imponer comportamientos fingidos. Eso no es democr\u00e1tico, porque limita la libertad. Pero tambi\u00e9n crea una grave situaci\u00f3n y es afectar el comportamiento social.<\/p>\n<\/p>\n<p>Al ciudadano debe recre\u00e1rsele la dignidad y la grandeza; que sean capaces de dar y no buscar; en todo caso servir y no servirse. Quien busca retener el poder, violentando los l\u00edmites constitucionales, generaliza una conducta pol\u00edtica degradante.<\/p>\n<\/p>\n<p>Hacer callar otorgando un salario o quit\u00e1ndolo, termina fracasando porque el poder real reside en las ideas. La grandeza de un gobernante est\u00e1 en conocer y ejercer el poder dentro de los l\u00edmites que norma la Carta Magna. La gloria de una naci\u00f3n se consolida cuando sus gobernantes respetan su propia grandeza y el legado hist\u00f3rico de su pa\u00eds.<\/p>\n<\/p>\n<p>Presidente Medina, Ud lo sabe, creamos esta organizaci\u00f3n para cultivar la flor de la virtud; ella est\u00e1 en la Constituci\u00f3n.<\/p>\n<p><strong>El autor es miembro del CP del PLD, ex Ministro de Interior y ex Rector de la UASD.<\/strong><\/p>\n<\/p>\n<\/p>\n<\/p>\n<h6> 2019-03-04 00:05:10 <\/h6>\n<p><!--\n<link rel=\"stylesheet\" href=\"css\/bootstrap.min.css\">\n\n\n<ul class=\"pagination\">\n\t    \n\t\n\n<li >\n\t<a href='?page_no=819'>Previous<\/a>\n\t<\/li>\n\n\n       \n    \n\n<li><a href='?page_no=1'>1<\/a><\/li>\n\n\n\n<li><a href='?page_no=2'>2<\/a><\/li>\n\n\n\n<li><a>...<\/a><\/li>\n\n\n\n<li><a href='?page_no=818'>818<\/a><\/li>\n\n\n\n<li><a href='?page_no=819'>819<\/a><\/li>\n\n\n\n<li class='active'><a>820<\/a><\/li>\n\n\n\n<li><a href='?page_no=821'>821<\/a><\/li>\n\n\n\n<li><a href='?page_no=822'>822<\/a><\/li>\n\n\n\n<li><a>...<\/a><\/li>\n\n\n\n<li><a href='?page_no=13611'>13611<\/a><\/li>\n\n\n\n<li><a href='?page_no=13612'>13612<\/a><\/li>\n\n    \n\t\n\n<li >\n\t<a href='?page_no=821'>Next<\/a>\n\t<\/li>\n\n\n    \n\n<li><a href='?page_no=13612'>Last &rsaquo;&rsaquo;<\/a><\/li>\n\n<\/ul>\n\n\n--><br \/>\n<\/body><\/p>\n","protected":false},"excerpt":{"rendered":"<p>FRANKLIN ALMEYDA RANCIER La pregunta es una invitaci\u00f3n a cultivar la virtud. Todo porque predomina la idea de que el dinero lo puede todo. Por ejemplo, le\u00ed a alguien que con cierta desfachatez propon\u00eda al compa\u00f1ero Rufino Morales, pelede\u00edsta de San Pedro de Macoris, \u00abcambiarte para Danilo para que cobres\u00bb. Rufino le respondi\u00f3 con hidalgu\u00eda: [&hellip;]<\/p>\n","protected":false},"author":3,"featured_media":0,"comment_status":"open","ping_status":"open","sticky":false,"template":"","format":"standard","meta":{"footnotes":""},"categories":[16],"tags":[],"class_list":["post-45493","post","type-post","status-publish","format-standard","hentry","category-opiniones"],"_links":{"self":[{"href":"https:\/\/diariodominicano.com\/index.php?rest_route=\/wp\/v2\/posts\/45493","targetHints":{"allow":["GET"]}}],"collection":[{"href":"https:\/\/diariodominicano.com\/index.php?rest_route=\/wp\/v2\/posts"}],"about":[{"href":"https:\/\/diariodominicano.com\/index.php?rest_route=\/wp\/v2\/types\/post"}],"author":[{"embeddable":true,"href":"https:\/\/diariodominicano.com\/index.php?rest_route=\/wp\/v2\/users\/3"}],"replies":[{"embeddable":true,"href":"https:\/\/diariodominicano.com\/index.php?rest_route=%2Fwp%2Fv2%2Fcomments&post=45493"}],"version-history":[{"count":0,"href":"https:\/\/diariodominicano.com\/index.php?rest_route=\/wp\/v2\/posts\/45493\/revisions"}],"wp:attachment":[{"href":"https:\/\/diariodominicano.com\/index.php?rest_route=%2Fwp%2Fv2%2Fmedia&parent=45493"}],"wp:term":[{"taxonomy":"category","embeddable":true,"href":"https:\/\/diariodominicano.com\/index.php?rest_route=%2Fwp%2Fv2%2Fcategories&post=45493"},{"taxonomy":"post_tag","embeddable":true,"href":"https:\/\/diariodominicano.com\/index.php?rest_route=%2Fwp%2Fv2%2Ftags&post=45493"}],"curies":[{"name":"wp","href":"https:\/\/api.w.org\/{rel}","templated":true}]}}