{"id":45492,"date":"2020-09-08T14:20:26","date_gmt":"2020-09-08T14:20:26","guid":{"rendered":"http:\/\/diariodominicano.ddns.net\/?p=45492"},"modified":"2020-09-08T14:20:26","modified_gmt":"2020-09-08T14:20:26","slug":"inteligencia-colectiva-e-inteligencia-artificial","status":"publish","type":"post","link":"https:\/\/diariodominicano.com\/?p=45492","title":{"rendered":"INTELIGENCIA COLECTIVA &#13;E INTELIGENCIA ARTIFICIAL&#13;"},"content":{"rendered":"<p><body><\/p>\n<p><strong>INTELIGENCIA COLECTIVA <\/strong><\/p>\n<p><strong>E INTELIGENCIA ARTIFICIAL<\/strong><\/p>\n<p><strong>  <\/strong><\/p>\n<p><strong>FRANKLIN ALMEYDA RANCIER<\/strong><\/p>\n<\/p>\n<p>Todos los miembros del Partido Fuerza del Pueblo nos vamos a reinscribir, empezando por su Presidente el Dr. Leonel Fern\u00e1ndez y todos los integrantes de la Direcci\u00f3n Central y su Direcci\u00f3n Pol\u00edtica.  El prop\u00f3sito es dejar auditado el padr\u00f3n partidario.<\/p>\n<\/p>\n<p>Al mismo tiempo, se abren de par en par las puertas de la organizaci\u00f3n pol\u00edtica para que todo el que desee ingresar lo haga. Esa apertura ser\u00e1 permanente y se podr\u00e1 hacer f\u00edsicamente o por la v\u00eda digital, llenando el registro de afiliaci\u00f3n. Se trata de formar con transparencia y sin sesgo grupal el padr\u00f3n de membres\u00eda partidario.<\/p>\n<\/p>\n<p>Este proceso va con otro paralelo, y lo es la celebraci\u00f3n del \u00abPrimer Congreso del Pueblo Profesor Juan Bosch\u00bb, que se celebrar\u00e1 del 6 de noviembre al 27 de Febrero. <\/p>\n<\/p>\n<p>El Congreso tiene una fase de pre-inicio que ser\u00e1 durante los meses de septiembre y octubre. En estos dos meses se realizar\u00e1n las inscripciones de los miembros del Partido en las diecisiete (17) Mesas Tem\u00e1ticas, en las cuales se discutir\u00e1n igual numero de documentos constitutivos del Partido, de definiciones pol\u00edticas e ideol\u00f3gicas  y de estructuras partidarias.<\/p>\n<\/p>\n<p>La inscripci\u00f3n en cada Mesa Tem\u00e1tica va seguida de la formaci\u00f3n de su bufete directivo y de que \u00e9ste organice \u00abuna lluvia de ideas\u00bb sobre el tema correspondiente a cada Mesa Tem\u00e1tica. Todo antes de iniciar el Congreso el 6 de noviembre.<\/p>\n<\/p>\n<p>Se prev\u00e9 que las Mesas se integrar\u00e1n con cientos de miembros de la organizaci\u00f3n con derecho a voz y voto; los simpatizantes e interesados se podr\u00e1n registrar para opinar y recibir informaciones por los medios digitales y de comunicaci\u00f3n.<\/p>\n<\/p>\n<p><strong>Los temas son: 1.  Declaraci\u00f3n de Principios; 2.  L\u00ednea Organizativa; 3.  Estatutos y Normas Internas; 4.  Estrategia Organizativa Electoral; 5.  M\u00e9todos, Contenidos y Estructura para la Formaci\u00f3n Pol\u00edtica; 6.  M\u00e9todos para la recaudaci\u00f3n financiera; 7.  La Comunicaci\u00f3n, Medios Digitales y Tecnolog\u00eda; 8.  Pol\u00edtica Nacional y Rol de Oposici\u00f3n; 9.  Pol\u00edtica Internacional y Efectos de los Mercados; 10. Dominicanos en Ultramar; 11. Pol\u00edticas para los Gobiernos Locales; 12. L\u00ednea pol\u00edtica del Bloque Legislativo; 13. Pol\u00edticas de Juventud;14. Pol\u00edticas de la Mujer; 15. Desarrollo Sostenible; 16. Relaci\u00f3n Partido Sociedad; y, 17. Transparencia y, Rendici\u00f3n de Cuentas.<\/strong><\/p>\n<p><strong> <\/strong><\/p>\n<p>Como puede verse, se trata de la construcci\u00f3n de una organizaci\u00f3n pol\u00edtica partidaria empezando desde cero. Con un enorme valor agregado, y es que se est\u00e1 convocando a la inteligencia colectiva de los que est\u00e1n en la organizaci\u00f3n y a los interesados fuera de ella.<\/p>\n<\/p>\n<p>Es la fundaci\u00f3n del primer partido pol\u00edtico en Am\u00e9rica usando las herramientas de la revoluci\u00f3n digital y tecnolog\u00eda. Es la celebraci\u00f3n de un evento partidario con la unificaci\u00f3n de la inteligencia colectiva de los participantes, utilizando la inteligencia artificial; hecho que ser\u00e1 \u00fanico en la historia de la humanidad.<\/p>\n<\/p>\n<p>Los medios digitales han venido desarroll\u00e1ndose antes de la pandemia del COVID-19, \u00e9sta ha precipitado su uso masivo para todas las actividades humanas. En el caso de los que integramos la organizaci\u00f3n pol\u00edtica Fuerza del Pueblo, nos hemos adelantado, venciendo la brecha digital y teniendo una meta que no ha logrado ni se ha propuesto partido alguno en pa\u00edses desarrollados.<\/p>\n<\/p>\n<p>Tan importante como eso es que en este proceso se involucra la inteligencia colectiva de los participantes involucrada con los medios tecnol\u00f3gicos de la inteligencia artificial.<\/p>\n<h6> 2020-09-08 14:20:26 <\/h6>\n<p><!--\n<link rel=\"stylesheet\" href=\"css\/bootstrap.min.css\">\n\n\n<ul class=\"pagination\">\n\t    \n\t\n\n<li >\n\t<a href='?page_no=81'>Previous<\/a>\n\t<\/li>\n\n\n       \n    \n\n<li><a href='?page_no=1'>1<\/a><\/li>\n\n\n\n<li><a href='?page_no=2'>2<\/a><\/li>\n\n\n\n<li><a>...<\/a><\/li>\n\n\n\n<li><a href='?page_no=80'>80<\/a><\/li>\n\n\n\n<li><a href='?page_no=81'>81<\/a><\/li>\n\n\n\n<li class='active'><a>82<\/a><\/li>\n\n\n\n<li><a href='?page_no=83'>83<\/a><\/li>\n\n\n\n<li><a href='?page_no=84'>84<\/a><\/li>\n\n\n\n<li><a>...<\/a><\/li>\n\n\n\n<li><a href='?page_no=13611'>13611<\/a><\/li>\n\n\n\n<li><a href='?page_no=13612'>13612<\/a><\/li>\n\n    \n\t\n\n<li >\n\t<a href='?page_no=83'>Next<\/a>\n\t<\/li>\n\n\n    \n\n<li><a href='?page_no=13612'>Last &rsaquo;&rsaquo;<\/a><\/li>\n\n<\/ul>\n\n\n--><br \/>\n<\/body><\/p>\n","protected":false},"excerpt":{"rendered":"<p>INTELIGENCIA COLECTIVA E INTELIGENCIA ARTIFICIAL FRANKLIN ALMEYDA RANCIER Todos los miembros del Partido Fuerza del Pueblo nos vamos a reinscribir, empezando por su Presidente el Dr. Leonel Fern\u00e1ndez y todos los integrantes de la Direcci\u00f3n Central y su Direcci\u00f3n Pol\u00edtica. El prop\u00f3sito es dejar auditado el padr\u00f3n partidario. Al mismo tiempo, se abren de par [&hellip;]<\/p>\n","protected":false},"author":3,"featured_media":0,"comment_status":"open","ping_status":"open","sticky":false,"template":"","format":"standard","meta":{"footnotes":""},"categories":[16],"tags":[],"class_list":["post-45492","post","type-post","status-publish","format-standard","hentry","category-opiniones"],"_links":{"self":[{"href":"https:\/\/diariodominicano.com\/index.php?rest_route=\/wp\/v2\/posts\/45492","targetHints":{"allow":["GET"]}}],"collection":[{"href":"https:\/\/diariodominicano.com\/index.php?rest_route=\/wp\/v2\/posts"}],"about":[{"href":"https:\/\/diariodominicano.com\/index.php?rest_route=\/wp\/v2\/types\/post"}],"author":[{"embeddable":true,"href":"https:\/\/diariodominicano.com\/index.php?rest_route=\/wp\/v2\/users\/3"}],"replies":[{"embeddable":true,"href":"https:\/\/diariodominicano.com\/index.php?rest_route=%2Fwp%2Fv2%2Fcomments&post=45492"}],"version-history":[{"count":0,"href":"https:\/\/diariodominicano.com\/index.php?rest_route=\/wp\/v2\/posts\/45492\/revisions"}],"wp:attachment":[{"href":"https:\/\/diariodominicano.com\/index.php?rest_route=%2Fwp%2Fv2%2Fmedia&parent=45492"}],"wp:term":[{"taxonomy":"category","embeddable":true,"href":"https:\/\/diariodominicano.com\/index.php?rest_route=%2Fwp%2Fv2%2Fcategories&post=45492"},{"taxonomy":"post_tag","embeddable":true,"href":"https:\/\/diariodominicano.com\/index.php?rest_route=%2Fwp%2Fv2%2Ftags&post=45492"}],"curies":[{"name":"wp","href":"https:\/\/api.w.org\/{rel}","templated":true}]}}