{"id":454879,"date":"2023-07-14T10:04:32","date_gmt":"2023-07-14T14:04:32","guid":{"rendered":"http:\/\/diariodominicano.com\/?p=454879"},"modified":"2023-07-14T10:04:32","modified_gmt":"2023-07-14T14:04:32","slug":"haiti-realizara-feria-literaria-y-gastronomica-incluira-espectaculos","status":"publish","type":"post","link":"https:\/\/diariodominicano.com\/?p=454879","title":{"rendered":"Hait\u00ed, realizar\u00e1 feria literaria y gastron\u00f3mica, incluir\u00e1 espect\u00e1culos"},"content":{"rendered":"\n<p>diariodominicano.com<\/p>\n\n\n\n<p>Puerto Pr\u00edncipe, 14 jul (Prensa Latina) El Colegio de Abogados de esta capital inaugura hoy la primera edici\u00f3n de la Feria del Libro, la Cultura y Gastronom\u00eda de Hait\u00ed, que persigue mostrar la riqueza de las tradiciones locales.<\/p>\n\n\n\n<p>El evento que se desarrollar\u00e1 en una jornada tendr\u00e1 como invitado de honor al c\u00e9lebre pintor, dramaturgo, m\u00fasico y poeta Frank\u00e9tienne, autor de m\u00e1s de 40 libros.<\/p>\n\n\n\n<p>Nathalie Wakam Cyprien, miembro del Colegio de Abogados de Puerto Pr\u00edncipe, se\u00f1al\u00f3 en conferencia de prensa que la Feria ser\u00e1 una oportunidad para la convivencia, el intercambio de conocimientos y la promoci\u00f3n del arte, la cultura y la gastronom\u00eda haitianas.<\/p>\n\n\n\n<p>Se espera un programa variado que incluir\u00e1 espect\u00e1culos de artes marciales y una exposici\u00f3n de artes visuales, y constituir\u00e1 una oportunidad para que los letrados tambi\u00e9n exhiban sus talentos art\u00edsticos.<\/p>\n\n\n\n<p>Los visitantes tambi\u00e9n podr\u00e1n participar de los debates y muestras literarias, as\u00ed como presentaciones culinarias.<\/p>\n\n\n\n<p>jha\/ane<\/p>\n","protected":false},"excerpt":{"rendered":"<p>diariodominicano.com Puerto Pr\u00edncipe, 14 jul (Prensa Latina) El Colegio de Abogados de esta capital inaugura hoy la primera edici\u00f3n de la Feria del Libro, la Cultura y Gastronom\u00eda de Hait\u00ed, que persigue mostrar la riqueza de las tradiciones locales. El evento que se desarrollar\u00e1 en una jornada tendr\u00e1 como invitado de honor al c\u00e9lebre pintor, [&hellip;]<\/p>\n","protected":false},"author":5,"featured_media":454880,"comment_status":"closed","ping_status":"","sticky":true,"template":"","format":"standard","meta":{"footnotes":""},"categories":[112,23,27],"tags":[],"class_list":["post-454879","post","type-post","status-publish","format-standard","has-post-thumbnail","hentry","category-haiti","category-internacional","category-portada"],"_links":{"self":[{"href":"https:\/\/diariodominicano.com\/index.php?rest_route=\/wp\/v2\/posts\/454879","targetHints":{"allow":["GET"]}}],"collection":[{"href":"https:\/\/diariodominicano.com\/index.php?rest_route=\/wp\/v2\/posts"}],"about":[{"href":"https:\/\/diariodominicano.com\/index.php?rest_route=\/wp\/v2\/types\/post"}],"author":[{"embeddable":true,"href":"https:\/\/diariodominicano.com\/index.php?rest_route=\/wp\/v2\/users\/5"}],"replies":[{"embeddable":true,"href":"https:\/\/diariodominicano.com\/index.php?rest_route=%2Fwp%2Fv2%2Fcomments&post=454879"}],"version-history":[{"count":1,"href":"https:\/\/diariodominicano.com\/index.php?rest_route=\/wp\/v2\/posts\/454879\/revisions"}],"predecessor-version":[{"id":454881,"href":"https:\/\/diariodominicano.com\/index.php?rest_route=\/wp\/v2\/posts\/454879\/revisions\/454881"}],"wp:featuredmedia":[{"embeddable":true,"href":"https:\/\/diariodominicano.com\/index.php?rest_route=\/wp\/v2\/media\/454880"}],"wp:attachment":[{"href":"https:\/\/diariodominicano.com\/index.php?rest_route=%2Fwp%2Fv2%2Fmedia&parent=454879"}],"wp:term":[{"taxonomy":"category","embeddable":true,"href":"https:\/\/diariodominicano.com\/index.php?rest_route=%2Fwp%2Fv2%2Fcategories&post=454879"},{"taxonomy":"post_tag","embeddable":true,"href":"https:\/\/diariodominicano.com\/index.php?rest_route=%2Fwp%2Fv2%2Ftags&post=454879"}],"curies":[{"name":"wp","href":"https:\/\/api.w.org\/{rel}","templated":true}]}}