{"id":454768,"date":"2023-07-14T01:28:24","date_gmt":"2023-07-14T05:28:24","guid":{"rendered":"http:\/\/diariodominicano.com\/?p=454768"},"modified":"2023-07-14T01:28:24","modified_gmt":"2023-07-14T05:28:24","slug":"provincia-de-la-vega-registra-mayor-disminucion-en-indices-de-criminalidad-de-enero-a-junio-del-ano-2023-mp","status":"publish","type":"post","link":"https:\/\/diariodominicano.com\/?p=454768","title":{"rendered":"Provincia de La Vega registra mayor disminuci\u00f3n en \u00edndices de criminalidad de enero a junio del a\u00f1o 2023: MP"},"content":{"rendered":"\n<p>SANTO DOMINGO (Rep\u00fablica Dominicana).<strong>&#8211;<\/strong> La Fiscal\u00eda de la provincia de La Vega inform\u00f3&nbsp; que registra la mayor disminuci\u00f3n de los \u00edndices de criminalidad en los primeros seis meses del a\u00f1o 2023, tras una evaluaci\u00f3n hecha en las reuniones encabezadas por el presidente Luis Abinader; la directora de Persecuci\u00f3n del Ministerio P\u00fablico, Yeni Berenice Reynoso; el ministro de Interior y Polic\u00eda, Jes\u00fas V\u00e1squez Mart\u00ednez; el director de la Polic\u00eda Nacional, Eduardo Alberto Then, y el director de la Direcci\u00f3n Nacional del Control de Drogas (DNCD), Jos\u00e9 Manuel Cabrera Ulloa.&nbsp;<\/p>\n\n\n\n<p>Los fiscales de las provincias que presentan mayores niveles de criminalidad, quienes trabajan con el objetivo de reducir los delitos y garantizar m\u00e1s seguridad, lo que se traduce en mejores garant\u00edas de seguridad ciudadana, indican que se debe a la labor conjunta del Ministerio P\u00fablico, la Polic\u00eda Nacional y la Direcci\u00f3n Nacional de Control de Drogas (DNCD).&nbsp;<\/p>\n\n\n\n<p>Las autoridades informaron que para lograr reducir los niveles de delincuencia a los m\u00e1s bajos registrados en esta provincia de La Vega, las autoridades cuentan&nbsp;con&nbsp; la colaboraci\u00f3n del Departamento de Inteligencia del Ministerio de Defensa, (Dintel), el Departamento de Investigaciones Criminales, (Dicrim) y la Polic\u00eda Preventiva de la demarcaci\u00f3n,&nbsp;&nbsp;<\/p>\n\n\n\n<p>Tras el encuentro, la fiscal titular de esa Fiscal\u00eda, Aura Luz Garc\u00eda Mart\u00ednez, valor\u00f3 el reconocimiento de las autoridades hacia el trabajo que se est\u00e1 desarrollando para alcanzar la meta de disminuir la criminalidad en esa demarcaci\u00f3n.&nbsp;&nbsp;<\/p>\n\n\n\n<p>La magistrada Garc\u00eda resalt\u00f3 el compromiso y esfuerzo que est\u00e1n desarrollando, para mantener la criminalidad bajo control y seguir trabajando en la construcci\u00f3n de una ciudad m\u00e1s segura para todos.&nbsp;<\/p>\n\n\n\n<p>\u201cEs importante destacar que los esfuerzos conjuntos no se limitan \u00fanicamente a La Vega, sino que se extienden a otras demarcaciones en todo el territorio nacional. Los trabajos contin\u00faan en dichas \u00e1reas con el objetivo de alcanzar las metas de seguridad establecidas, garantizando el bienestar y la tranquilidad de los ciudadanos en todo el pa\u00eds\u201d, sostuvo al ser abordada luego del encuentro de autoridades en la sede de la Polic\u00eda Nacional.&nbsp;<\/p>\n\n\n\n<p>Exhortaron a la ciudadan\u00eda a mantener participaci\u00f3n activa y a denunciar cualquier actividad delictiva que ponga en riesgo la seguridad de la comunidad.&nbsp;<\/p>\n\n\n\n<p><strong>Direcci\u00f3n General de Comunicaci\u00f3n, Prensa, y RRPP<\/strong><strong><\/strong><\/p>\n\n\n\n<p>Ministerio P\u00fablico.&nbsp;R.D.<\/p>\n\n\n\n<p>Jueves, 13 de julio de 2023.<\/p>\n","protected":false},"excerpt":{"rendered":"<p>SANTO DOMINGO (Rep\u00fablica Dominicana).&#8211; La Fiscal\u00eda de la provincia de La Vega inform\u00f3&nbsp; que registra la mayor disminuci\u00f3n de los \u00edndices de criminalidad en los primeros seis meses del a\u00f1o 2023, tras una evaluaci\u00f3n hecha en las reuniones encabezadas por el presidente Luis Abinader; la directora de Persecuci\u00f3n del Ministerio P\u00fablico, Yeni Berenice Reynoso; el [&hellip;]<\/p>\n","protected":false},"author":28,"featured_media":448307,"comment_status":"closed","ping_status":"","sticky":true,"template":"","format":"standard","meta":{"footnotes":""},"categories":[24,29,27],"tags":[],"class_list":["post-454768","post","type-post","status-publish","format-standard","has-post-thumbnail","hentry","category-justicia-y-derecho","category-policiasucesos","category-portada"],"_links":{"self":[{"href":"https:\/\/diariodominicano.com\/index.php?rest_route=\/wp\/v2\/posts\/454768","targetHints":{"allow":["GET"]}}],"collection":[{"href":"https:\/\/diariodominicano.com\/index.php?rest_route=\/wp\/v2\/posts"}],"about":[{"href":"https:\/\/diariodominicano.com\/index.php?rest_route=\/wp\/v2\/types\/post"}],"author":[{"embeddable":true,"href":"https:\/\/diariodominicano.com\/index.php?rest_route=\/wp\/v2\/users\/28"}],"replies":[{"embeddable":true,"href":"https:\/\/diariodominicano.com\/index.php?rest_route=%2Fwp%2Fv2%2Fcomments&post=454768"}],"version-history":[{"count":1,"href":"https:\/\/diariodominicano.com\/index.php?rest_route=\/wp\/v2\/posts\/454768\/revisions"}],"predecessor-version":[{"id":454769,"href":"https:\/\/diariodominicano.com\/index.php?rest_route=\/wp\/v2\/posts\/454768\/revisions\/454769"}],"wp:featuredmedia":[{"embeddable":true,"href":"https:\/\/diariodominicano.com\/index.php?rest_route=\/wp\/v2\/media\/448307"}],"wp:attachment":[{"href":"https:\/\/diariodominicano.com\/index.php?rest_route=%2Fwp%2Fv2%2Fmedia&parent=454768"}],"wp:term":[{"taxonomy":"category","embeddable":true,"href":"https:\/\/diariodominicano.com\/index.php?rest_route=%2Fwp%2Fv2%2Fcategories&post=454768"},{"taxonomy":"post_tag","embeddable":true,"href":"https:\/\/diariodominicano.com\/index.php?rest_route=%2Fwp%2Fv2%2Ftags&post=454768"}],"curies":[{"name":"wp","href":"https:\/\/api.w.org\/{rel}","templated":true}]}}