{"id":454720,"date":"2023-07-13T16:27:20","date_gmt":"2023-07-13T20:27:20","guid":{"rendered":"http:\/\/diariodominicano.com\/?p=454720"},"modified":"2023-07-13T16:30:24","modified_gmt":"2023-07-13T20:30:24","slug":"ciclista-roger-marte-valdez-se-coloca-cuarto-y-logra-camiseta-roja-de-lider-sub-23-del-tour-de-martinica","status":"publish","type":"post","link":"https:\/\/diariodominicano.com\/?p=454720","title":{"rendered":"Ciclista Roger Marte Valdez se coloca cuarto y logra camiseta roja de l\u00edder Sub-23 del Tour de Martinica"},"content":{"rendered":"\n<p><strong>El dominicano Roger Marte Valdez lidera de manera provisional la categor\u00eda Sub-23 del Tour de Martinica 2023.<\/strong><\/p>\n\n\n\n<figure class=\"wp-block-image size-large\"><img loading=\"lazy\" decoding=\"async\" width=\"768\" height=\"1024\" src=\"https:\/\/diariodominicano.com\/wp-content\/uploads\/2023\/07\/Roger-Marte-Valdez-junto-a-un-co-equipero-del-team-CCV-Carrefour-Market-1-768x1024.jpg\" alt=\"\" class=\"wp-image-454724\" srcset=\"https:\/\/diariodominicano.com\/wp-content\/uploads\/2023\/07\/Roger-Marte-Valdez-junto-a-un-co-equipero-del-team-CCV-Carrefour-Market-1-768x1024.jpg 768w, https:\/\/diariodominicano.com\/wp-content\/uploads\/2023\/07\/Roger-Marte-Valdez-junto-a-un-co-equipero-del-team-CCV-Carrefour-Market-1-225x300.jpg 225w, https:\/\/diariodominicano.com\/wp-content\/uploads\/2023\/07\/Roger-Marte-Valdez-junto-a-un-co-equipero-del-team-CCV-Carrefour-Market-1-816x1088.jpg 816w, https:\/\/diariodominicano.com\/wp-content\/uploads\/2023\/07\/Roger-Marte-Valdez-junto-a-un-co-equipero-del-team-CCV-Carrefour-Market-1.jpg 843w\" sizes=\"auto, (max-width: 768px) 100vw, 768px\" \/><figcaption> <strong>El dominicano Roger Marte Valdez con uno de sus co-equiperos del team CCV-Carrefour Market que participa en el Tour de Martinica.<\/strong>  <\/figcaption><\/figure>\n\n\n\n<p> <\/p>\n\n\n\n<p>SANTO DOMINGO, Rep\u00fablica Dominicana.- El prometedor pedalista dominicano Roger Marte Valdez se enfund\u00f3 este jueves el maillot rojo de l\u00edder provisional entre los ciclistas menores de 23 a\u00f1os que participan en el Tour Ciclista Internacional de Martinica 2023.<\/p>\n\n\n\n<p>La informaci\u00f3n fue suministrada por el periodista especializado Mart\u00edn Olivo, quien dijo no sorprenderse por el logro de Marte Valdez, ya que adem\u00e1s de ser talentoso, \u201cLa Cigua \u2013como es tambi\u00e9n conocido\u2013 es muy educado y dedicado a la pr\u00e1ctica de este agonico deporte\u201d.<\/p>\n\n\n\n<p>Marte Valdez, quien es campe\u00f3n nacional de ruta Sub-23, se ubic\u00f3 cuarto en la etapa de monta\u00f1a lo que le vali\u00f3 la obtenci\u00f3n del jersey rojo que lo cataloga como el mejor entre los corredores menores de 23 a\u00f1os.<\/p>\n\n\n\n<p>En la justa caribe\u00f1a, La Cigua Marte forma parte del equipo galo CCV-Carrefour Market que le invit\u00f3 a integrar esa escuder\u00eda por haber mostrado desde hace varios a\u00f1os su talento como buen escalador en las carreras disputadas en Rep\u00fablica Dominicana.<br>El diminuto corredor es parte de la \u00abcamada\u00bb de la Fundaci\u00f3n Dominican Global Cycling que promueve a los equipos INTEJA-IMCA y Doglocy, que presiden los ingenieros Rafael y Fernando Tejada Mart\u00ednez, grandes entusiastas del deporte del aro y el pedal (Molivo Press).<\/p>\n\n\n\n<p>Ramonmart\u00edn Olivo<a target=\"_blank\" href=\"mailto:ramonmartinolivo@yahoo.es\" rel=\"noreferrer noopener\">ramonmartinolivo@yahoo.es<\/a><\/p>\n\n\n\n<p><br><\/p>\n","protected":false},"excerpt":{"rendered":"<p>El dominicano Roger Marte Valdez lidera de manera provisional la categor\u00eda Sub-23 del Tour de Martinica 2023. SANTO DOMINGO, Rep\u00fablica Dominicana.- El prometedor pedalista dominicano Roger Marte Valdez se enfund\u00f3 este jueves el maillot rojo de l\u00edder provisional entre los ciclistas menores de 23 a\u00f1os que participan en el Tour Ciclista Internacional de Martinica 2023. [&hellip;]<\/p>\n","protected":false},"author":28,"featured_media":454721,"comment_status":"closed","ping_status":"","sticky":true,"template":"","format":"standard","meta":{"footnotes":""},"categories":[17,27,32],"tags":[],"class_list":["post-454720","post","type-post","status-publish","format-standard","has-post-thumbnail","hentry","category-deportes","category-portada","category-turismo"],"_links":{"self":[{"href":"https:\/\/diariodominicano.com\/index.php?rest_route=\/wp\/v2\/posts\/454720","targetHints":{"allow":["GET"]}}],"collection":[{"href":"https:\/\/diariodominicano.com\/index.php?rest_route=\/wp\/v2\/posts"}],"about":[{"href":"https:\/\/diariodominicano.com\/index.php?rest_route=\/wp\/v2\/types\/post"}],"author":[{"embeddable":true,"href":"https:\/\/diariodominicano.com\/index.php?rest_route=\/wp\/v2\/users\/28"}],"replies":[{"embeddable":true,"href":"https:\/\/diariodominicano.com\/index.php?rest_route=%2Fwp%2Fv2%2Fcomments&post=454720"}],"version-history":[{"count":3,"href":"https:\/\/diariodominicano.com\/index.php?rest_route=\/wp\/v2\/posts\/454720\/revisions"}],"predecessor-version":[{"id":454725,"href":"https:\/\/diariodominicano.com\/index.php?rest_route=\/wp\/v2\/posts\/454720\/revisions\/454725"}],"wp:featuredmedia":[{"embeddable":true,"href":"https:\/\/diariodominicano.com\/index.php?rest_route=\/wp\/v2\/media\/454721"}],"wp:attachment":[{"href":"https:\/\/diariodominicano.com\/index.php?rest_route=%2Fwp%2Fv2%2Fmedia&parent=454720"}],"wp:term":[{"taxonomy":"category","embeddable":true,"href":"https:\/\/diariodominicano.com\/index.php?rest_route=%2Fwp%2Fv2%2Fcategories&post=454720"},{"taxonomy":"post_tag","embeddable":true,"href":"https:\/\/diariodominicano.com\/index.php?rest_route=%2Fwp%2Fv2%2Ftags&post=454720"}],"curies":[{"name":"wp","href":"https:\/\/api.w.org\/{rel}","templated":true}]}}