{"id":454697,"date":"2023-07-13T15:49:29","date_gmt":"2023-07-13T19:49:29","guid":{"rendered":"http:\/\/diariodominicano.com\/?p=454697"},"modified":"2023-07-13T15:49:49","modified_gmt":"2023-07-13T19:49:49","slug":"tribunal-de-sdo-impone-tres-meses-de-prision-preventiva-a-exponente-urbano-dilon-baby-por-golpear-a-su-madre","status":"publish","type":"post","link":"https:\/\/diariodominicano.com\/?p=454697","title":{"rendered":"Tribunal de SDO impone tres meses de prisi\u00f3n preventiva a exponente urbano Dilon Baby por golpear a su madre"},"content":{"rendered":"\n<p>Externa:<\/p>\n\n\n\n<p>SANTO DOMINGO, Rep\u00fablica Dominicana.- Un juez de la Oficina Judicial de Servicios de Atenci\u00f3n Permanente de Santo Domingo Oeste acogi\u00f3 el pedimento del Ministerio P\u00fablico e impuso tres meses de prisi\u00f3n preventiva, como medida de coerci\u00f3n, contra el exponente urbano Steven Dilon\u00e9 Serrata, alias Dilon Baby, imputado de violencia intrafamiliar por agresi\u00f3n a su madre.<\/p>\n\n\n\n<p>El juez Reyes Rodr\u00edguez dispuso que el imputado Steven Dilon\u00e9 Serrata, alias Dilon Baby, cumpla la medida de coerci\u00f3n en el Centro de Correcci\u00f3n y Rehabilitaci\u00f3n Najayo Hombres, en la provincia San Crist\u00f3bal.<\/p>\n\n\n\n<p>El Ministerio P\u00fablico demostr\u00f3 ante el tribunal que al encartado se le sigue un proceso judicial desde el pasado 20 de mayo del a\u00f1o en curso, luego de que su madre, Carolina Serrata Garc\u00eda, se querellara en su contra por este presentarse en su vivienda acompa\u00f1ado por dos mujeres para agredirla a ella y a su abuela (abuela del imputado).<\/p>\n\n\n\n<p>De acuerdo con la solicitud de medida de coerci\u00f3n, el imputado Baby Dilon enfrenta cargos por presunta violaci\u00f3n al art\u00edculo 309-3, numeral E, del C\u00f3digo Penal Dominicano, modificado por la Ley 24-97, sobre Violencia de G\u00e9nero e Intrafamiliar. Se recuerda que el imputado fue arrestado en Ban\u00ed, provincia Peravia, cuando este se dispon\u00eda a cantar en una discoteca de la referida localidad.<\/p>\n\n\n\n<p><strong>Direcci\u00f3n General de Comunicaci\u00f3n, Prensa, y RRPP<\/strong><strong><\/strong><\/p>\n\n\n\n<p>Ministerio P\u00fablico.&nbsp;R.D.<\/p>\n\n\n\n<p>Jueves, 13 de julio de 2023.<\/p>\n","protected":false},"excerpt":{"rendered":"<p>Externa: SANTO DOMINGO, Rep\u00fablica Dominicana.- Un juez de la Oficina Judicial de Servicios de Atenci\u00f3n Permanente de Santo Domingo Oeste acogi\u00f3 el pedimento del Ministerio P\u00fablico e impuso tres meses de prisi\u00f3n preventiva, como medida de coerci\u00f3n, contra el exponente urbano Steven Dilon\u00e9 Serrata, alias Dilon Baby, imputado de violencia intrafamiliar por agresi\u00f3n a su [&hellip;]<\/p>\n","protected":false},"author":28,"featured_media":454698,"comment_status":"closed","ping_status":"","sticky":true,"template":"","format":"standard","meta":{"footnotes":""},"categories":[24,29,27],"tags":[],"class_list":["post-454697","post","type-post","status-publish","format-standard","has-post-thumbnail","hentry","category-justicia-y-derecho","category-policiasucesos","category-portada"],"_links":{"self":[{"href":"https:\/\/diariodominicano.com\/index.php?rest_route=\/wp\/v2\/posts\/454697","targetHints":{"allow":["GET"]}}],"collection":[{"href":"https:\/\/diariodominicano.com\/index.php?rest_route=\/wp\/v2\/posts"}],"about":[{"href":"https:\/\/diariodominicano.com\/index.php?rest_route=\/wp\/v2\/types\/post"}],"author":[{"embeddable":true,"href":"https:\/\/diariodominicano.com\/index.php?rest_route=\/wp\/v2\/users\/28"}],"replies":[{"embeddable":true,"href":"https:\/\/diariodominicano.com\/index.php?rest_route=%2Fwp%2Fv2%2Fcomments&post=454697"}],"version-history":[{"count":2,"href":"https:\/\/diariodominicano.com\/index.php?rest_route=\/wp\/v2\/posts\/454697\/revisions"}],"predecessor-version":[{"id":454700,"href":"https:\/\/diariodominicano.com\/index.php?rest_route=\/wp\/v2\/posts\/454697\/revisions\/454700"}],"wp:featuredmedia":[{"embeddable":true,"href":"https:\/\/diariodominicano.com\/index.php?rest_route=\/wp\/v2\/media\/454698"}],"wp:attachment":[{"href":"https:\/\/diariodominicano.com\/index.php?rest_route=%2Fwp%2Fv2%2Fmedia&parent=454697"}],"wp:term":[{"taxonomy":"category","embeddable":true,"href":"https:\/\/diariodominicano.com\/index.php?rest_route=%2Fwp%2Fv2%2Fcategories&post=454697"},{"taxonomy":"post_tag","embeddable":true,"href":"https:\/\/diariodominicano.com\/index.php?rest_route=%2Fwp%2Fv2%2Ftags&post=454697"}],"curies":[{"name":"wp","href":"https:\/\/api.w.org\/{rel}","templated":true}]}}