{"id":45448,"date":"2019-03-06T10:26:26","date_gmt":"2019-03-06T10:26:26","guid":{"rendered":"http:\/\/diariodominicano.ddns.net\/?p=45448"},"modified":"2019-03-06T10:26:26","modified_gmt":"2019-03-06T10:26:26","slug":"un-espectaculo-feo-e-inapropiado","status":"publish","type":"post","link":"https:\/\/diariodominicano.com\/?p=45448","title":{"rendered":"UN ESPECTACULO FEO E INAPROPIADO"},"content":{"rendered":"<p><body><\/p>\n<p>EL TIRO RAPIDO<\/p>\n<\/p>\n<\/p>\n<p>No fue precisamente constructiva la jornada de ayer de evaluaci\u00f3n por parte del Consejo Nacional de la Magistratura de los aspirantes a continuar en unos casos, o acceder en otros, a ocupar la alta posici\u00f3n de  magistrado de la Suprema Corte de Justicia.  Ya desde antes su presidente Mariano Germ\u00e1n hab\u00eda adelantado su prop\u00f3sito de dejar vacante el cargo una vez vencido el per\u00edodo de ocho a\u00f1os para el que fue electo.<\/p>\n<\/p>\n<p>Lamentablemente lo que debi\u00f3 resultar en todo momento una jornada de evaluaci\u00f3n de los m\u00e9ritos y experiencia de los aspirantes, sirvi\u00f3 de escenario para un enfrentamiento, a todas luces personal, entre el Procurador General de la Rep\u00fablica, Jean Alain Rodr\u00edguez y la experimentada magistrada Miriam Germ\u00e1n Brito, consecuencia de serias diferencias pasadas, sobre todo en el caso de la Odebrecht y los consiguientes resentimientos acumulados.<\/p>\n<\/p>\n<\/p>\n<p>Estos salieron al desnudo cuando al momento de evaluar a la doctora Germ\u00e1n Brito, el Procurador exhibi\u00f3 tres cartas, dos de ellas an\u00f3nimas, y la tercera firmada por un juez de la provincia Santo Domingo con imputaciones encaminadas a poner en duda la honorabilidad de la magistrada, considerada entre las m\u00e1s capaces y honestas con que cuenta el Poder Judicial.  Esto dio inicio a un feo e inapropiado espect\u00e1culo transmitido por televisi\u00f3n a conocimiento p\u00fablico.<\/p>\n<\/p>\n<\/p>\n<p>No vamos a tomar partido por ninguno para no echar m\u00e1s le\u00f1a al fuego.   La doctora Germ\u00e1n ha recibido sobrado respaldo, incluyendo la Vicepresidenta de Rep\u00fablica y varios de los m\u00e1s distinguidos abogados del foro nacional.  Y en cuanto al Procurador tendr\u00e1 que asumir su propia causa si no encuentra voces de apoyo que le hagan coro.<\/p>\n<\/p>\n<\/p>\n<p>Ahora bien, en un enfoque estrictamente imparcial y legal de este penoso incidente, que ojal\u00e1 no vuelva a repetirse, es de hacer notar los siguientes aspectos.<\/p>\n<\/p>\n<\/p>\n<p>El primero es que la propia ley establece el mecanismo para presentar objeciones del tipo que exhibi\u00f3 el Procurador, pero previo al proceso de entrevistas a los aspirantes, por lo que al hacerlo en ese momento estaba fuera de orden y as\u00ed debi\u00f3 hab\u00e9rsele requerido.<\/p>\n<\/p>\n<\/p>\n<p>Lo segundo es que las denuncias an\u00f3nimas, cuando m\u00e1s constituyen motivo para iniciar  un proceso de investigaci\u00f3n, pero en modo alguno pueden utilizarse como elemento de prueba.  De no ser as\u00ed, todos los ciudadanos estar\u00edamos expuestos a ser v\u00edctimas de denuncias calumniosas.<\/p>\n<\/p>\n<\/p>\n<p>Y lo tercero, es que el juez de la provincia de Santo Domingo que firm\u00f3 la carta en que pone bajo cuestionamiento el proceder de la doctora Germ\u00e1n Brito, conoce perfectamente, mejor que nadie por la propia posici\u00f3n que desempe\u00f1a, que toda imputaci\u00f3n tiene que estar acompa\u00f1ada de elementos probatorios que la sustenten.  Si realmente cuenta con ellos debi\u00f3 anexarlos, o deber\u00e1 hacerlo si formaliza su denuncia en los tribunales.<\/p>\n<\/p>\n<\/p>\n<p>Por lo dem\u00e1s, reiteramos e insistimos, es necesario tomar providencias para que este tipo de situaciones a todas luces irregular no vuelvan a presentarse, dejando en entredicho la seriedad de un proceso que debe estar revestido de la m\u00e1xima solemnidad, y jam\u00e1s permitir que se  convierta en un campo de batalla personal ni un penoso espect\u00e1culo de circo.<\/p>\n<\/p>\n<\/p>\n<\/p>\n<h6> 2019-03-06 10:26:26 <\/h6>\n<p><!--\n<link rel=\"stylesheet\" href=\"css\/bootstrap.min.css\">\n\n\n<ul class=\"pagination\">\n\t    \n\t\n\n<li >\n\t<a href='?page_no=815'>Previous<\/a>\n\t<\/li>\n\n\n       \n    \n\n<li><a href='?page_no=1'>1<\/a><\/li>\n\n\n\n<li><a href='?page_no=2'>2<\/a><\/li>\n\n\n\n<li><a>...<\/a><\/li>\n\n\n\n<li><a href='?page_no=814'>814<\/a><\/li>\n\n\n\n<li><a href='?page_no=815'>815<\/a><\/li>\n\n\n\n<li class='active'><a>816<\/a><\/li>\n\n\n\n<li><a href='?page_no=817'>817<\/a><\/li>\n\n\n\n<li><a href='?page_no=818'>818<\/a><\/li>\n\n\n\n<li><a>...<\/a><\/li>\n\n\n\n<li><a href='?page_no=13611'>13611<\/a><\/li>\n\n\n\n<li><a href='?page_no=13612'>13612<\/a><\/li>\n\n    \n\t\n\n<li >\n\t<a href='?page_no=817'>Next<\/a>\n\t<\/li>\n\n\n    \n\n<li><a href='?page_no=13612'>Last &rsaquo;&rsaquo;<\/a><\/li>\n\n<\/ul>\n\n\n--><br \/>\n<\/body><\/p>\n","protected":false},"excerpt":{"rendered":"<p>EL TIRO RAPIDO No fue precisamente constructiva la jornada de ayer de evaluaci\u00f3n por parte del Consejo Nacional de la Magistratura de los aspirantes a continuar en unos casos, o acceder en otros, a ocupar la alta posici\u00f3n de magistrado de la Suprema Corte de Justicia. Ya desde antes su presidente Mariano Germ\u00e1n hab\u00eda adelantado [&hellip;]<\/p>\n","protected":false},"author":3,"featured_media":0,"comment_status":"open","ping_status":"open","sticky":false,"template":"","format":"standard","meta":{"footnotes":""},"categories":[16],"tags":[],"class_list":["post-45448","post","type-post","status-publish","format-standard","hentry","category-opiniones"],"_links":{"self":[{"href":"https:\/\/diariodominicano.com\/index.php?rest_route=\/wp\/v2\/posts\/45448","targetHints":{"allow":["GET"]}}],"collection":[{"href":"https:\/\/diariodominicano.com\/index.php?rest_route=\/wp\/v2\/posts"}],"about":[{"href":"https:\/\/diariodominicano.com\/index.php?rest_route=\/wp\/v2\/types\/post"}],"author":[{"embeddable":true,"href":"https:\/\/diariodominicano.com\/index.php?rest_route=\/wp\/v2\/users\/3"}],"replies":[{"embeddable":true,"href":"https:\/\/diariodominicano.com\/index.php?rest_route=%2Fwp%2Fv2%2Fcomments&post=45448"}],"version-history":[{"count":0,"href":"https:\/\/diariodominicano.com\/index.php?rest_route=\/wp\/v2\/posts\/45448\/revisions"}],"wp:attachment":[{"href":"https:\/\/diariodominicano.com\/index.php?rest_route=%2Fwp%2Fv2%2Fmedia&parent=45448"}],"wp:term":[{"taxonomy":"category","embeddable":true,"href":"https:\/\/diariodominicano.com\/index.php?rest_route=%2Fwp%2Fv2%2Fcategories&post=45448"},{"taxonomy":"post_tag","embeddable":true,"href":"https:\/\/diariodominicano.com\/index.php?rest_route=%2Fwp%2Fv2%2Ftags&post=45448"}],"curies":[{"name":"wp","href":"https:\/\/api.w.org\/{rel}","templated":true}]}}