{"id":454373,"date":"2023-07-12T17:09:46","date_gmt":"2023-07-12T21:09:46","guid":{"rendered":"http:\/\/diariodominicano.com\/?p=454373"},"modified":"2023-07-12T17:09:46","modified_gmt":"2023-07-12T21:09:46","slug":"mp-de-sde-y-norte-obtiene-20-anos-de-prision-contra-hombre-que-le-cerceno-tres-dedos-de-mano-derecha-a-otro-en-sector-mendoza-de-santo-domingo-este","status":"publish","type":"post","link":"https:\/\/diariodominicano.com\/?p=454373","title":{"rendered":"MP de SDE y Norte obtiene 20 a\u00f1os de prisi\u00f3n contra hombre que le cercen\u00f3 tres dedos de mano derecha a otro en sector Mendoza de Santo Domingo Este"},"content":{"rendered":"\n<p>SANTO DOMINGO, Rep\u00fablica Dominicana.- La Fiscal\u00eda de Santo Domingo Este y Norte obtuvo una condena de 20 a\u00f1os de prisi\u00f3n en contra de un hombre que en medio de una acalorada discusi\u00f3n cuando intentaba quitarle la vida a otro, le cercen\u00f3 tres dedos de la mano derecha, en un suceso ocurrido el a\u00f1o 2021, en el sector Mendoza, de Santo Domingo Este.\u00a0<\/p>\n\n\n\n<p>La condena le fue impuesta por el Quinto Tribunal Colegiado de esa jurisdicci\u00f3n, integrado por los jueces Julio Aybar Ortiz, presidente; Laisa Matos Dur\u00e1n y Nelcy Xiomara Ortega Ram\u00edrez (miembros), a Alberto de Jes\u00fas Flori\u00e1n (Jes\u00fas Flori\u00e1n), quien fue enviado a la Penitenciar\u00eda Nacional de La Victoria por los da\u00f1os causados a Juan Alberto Castro Smith.&nbsp;<\/p>\n\n\n\n<p>El expediente instrumentado por la fiscal investigadora Adalgisa L\u00f3pez relata que el incidente ocurri\u00f3 en fecha 16 de junio de 2021, aproximadamente a las 6:05 de la tarde, mientras el hoy condenado estaba tapando un desag\u00fce, en el sector Mendoza de esta provincia.&nbsp;<\/p>\n\n\n\n<p>Relata, que la v\u00edctima al ver esta acci\u00f3n, le reclam\u00f3 y le dijo que no lo tapara ya que a ambos les afectaba, sin embargo, el hoy procesado, sin mediar palabras, se le abalanz\u00f3 procediendo a agredirlo f\u00edsicamente con un cuchillo, momento en el que la v\u00edctima se defendi\u00f3, pero logr\u00f3 ocasionarle heridas en distintas partes del cuerpo y la p\u00e9rdida de tres dedos de la mano derecha, seg\u00fan consta en un certificado expedido por el Instituto Nacional de Ciencias Forenses (Inacif).&nbsp;<\/p>\n\n\n\n<p>Dos meses despu\u00e9s el hoy condenado fue arrestado mediante la orden judicial No. 937-2021-EMES-08422.&nbsp;<\/p>\n\n\n\n<p>El Ministerio P\u00fablico, representado por el fiscal litigante Juan Alberto Liranzo, durante el juicio demostr\u00f3 con suficientes elementos probatorios, que el hoy condenado viol\u00f3 los art\u00edculos 2, 295 y 304 del C\u00f3digo Penal Dominicano, sobre homicidio, y los art\u00edculos 83, 86, de la ley 631-16, para el control y regulaci\u00f3n de armas, municiones y materiales relacionados.&nbsp;<\/p>\n\n\n\n<p><strong>Direcci\u00f3n General de Comunicaci\u00f3n, Prensa, y RRPP<\/strong><\/p>\n\n\n\n<p>Ministerio P\u00fablico.&nbsp;R.D.<\/p>\n\n\n\n<p>Mi\u00e9rcoles, 12 de julio de 2023.<\/p>\n","protected":false},"excerpt":{"rendered":"<p>SANTO DOMINGO, Rep\u00fablica Dominicana.- La Fiscal\u00eda de Santo Domingo Este y Norte obtuvo una condena de 20 a\u00f1os de prisi\u00f3n en contra de un hombre que en medio de una acalorada discusi\u00f3n cuando intentaba quitarle la vida a otro, le cercen\u00f3 tres dedos de la mano derecha, en un suceso ocurrido el a\u00f1o 2021, en [&hellip;]<\/p>\n","protected":false},"author":28,"featured_media":329468,"comment_status":"closed","ping_status":"","sticky":true,"template":"","format":"standard","meta":{"footnotes":""},"categories":[24,29,27],"tags":[],"class_list":["post-454373","post","type-post","status-publish","format-standard","has-post-thumbnail","hentry","category-justicia-y-derecho","category-policiasucesos","category-portada"],"_links":{"self":[{"href":"https:\/\/diariodominicano.com\/index.php?rest_route=\/wp\/v2\/posts\/454373","targetHints":{"allow":["GET"]}}],"collection":[{"href":"https:\/\/diariodominicano.com\/index.php?rest_route=\/wp\/v2\/posts"}],"about":[{"href":"https:\/\/diariodominicano.com\/index.php?rest_route=\/wp\/v2\/types\/post"}],"author":[{"embeddable":true,"href":"https:\/\/diariodominicano.com\/index.php?rest_route=\/wp\/v2\/users\/28"}],"replies":[{"embeddable":true,"href":"https:\/\/diariodominicano.com\/index.php?rest_route=%2Fwp%2Fv2%2Fcomments&post=454373"}],"version-history":[{"count":1,"href":"https:\/\/diariodominicano.com\/index.php?rest_route=\/wp\/v2\/posts\/454373\/revisions"}],"predecessor-version":[{"id":454374,"href":"https:\/\/diariodominicano.com\/index.php?rest_route=\/wp\/v2\/posts\/454373\/revisions\/454374"}],"wp:featuredmedia":[{"embeddable":true,"href":"https:\/\/diariodominicano.com\/index.php?rest_route=\/wp\/v2\/media\/329468"}],"wp:attachment":[{"href":"https:\/\/diariodominicano.com\/index.php?rest_route=%2Fwp%2Fv2%2Fmedia&parent=454373"}],"wp:term":[{"taxonomy":"category","embeddable":true,"href":"https:\/\/diariodominicano.com\/index.php?rest_route=%2Fwp%2Fv2%2Fcategories&post=454373"},{"taxonomy":"post_tag","embeddable":true,"href":"https:\/\/diariodominicano.com\/index.php?rest_route=%2Fwp%2Fv2%2Ftags&post=454373"}],"curies":[{"name":"wp","href":"https:\/\/api.w.org\/{rel}","templated":true}]}}