{"id":45437,"date":"2019-03-06T14:15:19","date_gmt":"2019-03-06T14:15:19","guid":{"rendered":"http:\/\/diariodominicano.ddns.net\/?p=45437"},"modified":"2019-03-06T14:15:19","modified_gmt":"2019-03-06T14:15:19","slug":"miriam","status":"publish","type":"post","link":"https:\/\/diariodominicano.com\/?p=45437","title":{"rendered":"MIRIAM"},"content":{"rendered":"<p><body><\/p>\n<\/p>\n<p><strong>                                                                                                         Por Narciso Isa Conde<\/strong><\/p>\n<\/p>\n<\/p>\n<\/p>\n<\/p>\n<p><strong> La dignidad no necesita apellido.<\/strong><\/p>\n<\/p>\n<p><strong>Miriam tampoco.<\/strong><\/p>\n<\/p>\n<p>Ella es la dignidad como persona, madre, mujer,  profesional,  jueza&#8230;<\/p>\n<\/p>\n<p>Siempre lo ha sido.<\/p>\n<\/p>\n<p>Se equivocaron de blanco el canalla, su jefe supremo y toda la comparsa mafiosa que la agredi\u00f3: su supina perversidad grupal no puede, no alcanza,  ni ha logrado, ofender  o da\u00f1ar  la dignidad Miriam.<\/p>\n<\/p>\n<p>La prepotencia hubo de juzgarle una tratada.<\/p>\n<\/p>\n<p> Porque una dignidad de ese calibre es invulnerable a esos proyectiles podridos, m\u00e1s cuando el ataque proviene de la Cueva de Al\u00ed Baba, del propio Al\u00ed y sus mandaderos, a la que ahora se suma la abyecta complicidad de la Fiscal del Distrito Nacional y de un p\u00e9rfido juececillo con la formulaci\u00f3n de acusaciones falaces .<\/p>\n<\/p>\n<p>\u00b7   <strong>     Miriam vale por ella misma.<\/strong><\/p>\n<\/p>\n<p> Procede agregar que cada quien vale por s\u00ed mismo, no por sus afectos, amistades, relaciones familiares o v\u00ednculos humanos.<\/p>\n<\/p>\n<p>Miriam vale por ella misma&#8230; hasta hechos y pruebas contrarias a lo que ha sido toda  su  vida.<\/p>\n<\/p>\n<p> Es de la estirpe de Orlando Mart\u00ednez, por eso lo valor\u00f3 tanto y lo lleva en su coraz\u00f3n.<\/p>\n<\/p>\n<p>Por eso lleva el nombre Orlando su \u00fanico hijo var\u00f3n, a quien ama y cuida en su minusvalidez, sin desmedro del cari\u00f1o profesado siempre a sus ni\u00f1as ya adultas.<\/p>\n<\/p>\n<p>Lul\u00fa y yo somos de los que estamos seguros de que Miriam es de la que habr\u00e1 terminar as\u00ed.  No hay riegos en identificarse con su trayectoria, ni posibilidad de flaquezas de su parte frente a una represalia oficial de corte mafioso y brutal intensidad.<\/p>\n<\/p>\n<p>Ella, claro est\u00e1, tiene derecho a la amistad  y al afecto hacia personas que incluso pueden representas lo contrario a su trayectoria y dignidad. Tales sentimientos -incluido el cari\u00f1o- no siempre son arm\u00f3nicos a los principios pol\u00edticos y \u00e9tico morales que se sustentan.<\/p>\n<p><strong> <\/strong><\/p>\n<p><strong>La esfera emocional no tiene moldes ni recetas. <\/strong><\/p>\n<\/p>\n<p>Tambi\u00e9n en esa delicada esfera \u00abnada humano\u00bb debe sernos ajeno y sus expresiones merecen ser tratadas con respeto y prudencia, si no da\u00f1an a terceros y no devela perversidades y\/o complicidades delictivas.<\/p>\n<\/p>\n<p>De ah\u00ed que lo m\u00e1s grave de esa canallada del Procurador de marra sea equiparar unos simples v\u00ednculos amistosos (previamente aclarados) a un delito mayor;  y, adem\u00e1s, reciclarlo en dos panfletos an\u00f3nimos y mezclarlos con un invento que procuraba convertir el tierno esfuerzo de Miriam por preservar la manutenci\u00f3n y seguridad de vida de su Orlandito, en una supuesta asociaci\u00f3n malvada.<\/p>\n<\/p>\n<p>Es para indignarse con la mordida del perro.<\/p>\n<\/p>\n<p>Pero no nos quedemos ah\u00ed.<\/p>\n<\/p>\n<p>March\u00e9mosle a la orden del amo y al mismo amo, que es experto en imitar a la gata de Mar\u00eda Ramos.<\/p>\n<\/p>\n<p>Ese Procurador de la Rep\u00fablica -designado para proteger la delincuencia de Estado y garantizar la impunidad de un poder mafioso del que forma parte- no cay\u00f3 del cielo ni sali\u00f3 del aire: tiene un amo que lo design\u00f3 y una institucionalidad al servicio de la corrupci\u00f3n y la protecci\u00f3n de los corruptos.<\/p>\n<\/p>\n<p>Igual lo concerniente a la Fiscal y el juececillo evidentemente confabulados con el plan.<\/p>\n<\/p>\n<p>No me opongo a que se exija la destituci\u00f3n del instrumento de la canallada.<\/p>\n<\/p>\n<p> Pero es necesario calar m\u00e1s profundo y proponernos hacerle la vida imposible a todos los delincuentes de Estado, a sus protectores y a sus socios privatizado; repudi\u00e1ndolos donde sea, donde se encuentren, donde visiten, donde se metan, aqu\u00ed y en el exterior.<\/p>\n<\/p>\n<p>Y m\u00e1s aun, hay que movilizarse para destituir al amo y su pandilla, para ponerle fin a este sistema podrido, para sustituir y  reconstituir las instituciones,  para desmontar esta dominaci\u00f3n y transformar esta sociedad.<\/p>\n<\/p>\n<p>El desagravio colectivo a Miriam ya est\u00e1 en marcha. Este pueblo no tiene nada de tonto ni de pendejo, menos despu\u00e9s de su  formidable indignaci\u00f3n verde. Lo acumulado en dignidad popular rebrota. No hay lugar para pesimismo ni desesperanza. La siembra siempre habr\u00e1 de dar frutos.<\/p>\n<\/p>\n<p><strong>Gracias, Miriam, por tu decoro.<\/strong><\/p>\n<p><strong> <\/strong><\/p>\n<p><strong>Gracias de mi parte, de Lul\u00fa,  de nuestros hijos e  hijas y nuestra nietada.<\/strong><\/p>\n<p><strong> <\/strong><\/p>\n<p><strong>De la izquierda y la digna subversi\u00f3n comunista en que milito.<\/strong><\/p>\n<p><strong> <\/strong><\/p>\n<p><strong>Del pueblo entero.<\/strong><\/p>\n<\/p>\n<p>Te queremos mucho.<\/p>\n<\/p>\n<h6> 2019-03-06 14:15:19 <\/h6>\n<p><!--\n<link rel=\"stylesheet\" href=\"css\/bootstrap.min.css\">\n\n\n<ul class=\"pagination\">\n\t    \n\t\n\n<li >\n\t<a href='?page_no=814'>Previous<\/a>\n\t<\/li>\n\n\n       \n    \n\n<li><a href='?page_no=1'>1<\/a><\/li>\n\n\n\n<li><a href='?page_no=2'>2<\/a><\/li>\n\n\n\n<li><a>...<\/a><\/li>\n\n\n\n<li><a href='?page_no=813'>813<\/a><\/li>\n\n\n\n<li><a href='?page_no=814'>814<\/a><\/li>\n\n\n\n<li class='active'><a>815<\/a><\/li>\n\n\n\n<li><a href='?page_no=816'>816<\/a><\/li>\n\n\n\n<li><a href='?page_no=817'>817<\/a><\/li>\n\n\n\n<li><a>...<\/a><\/li>\n\n\n\n<li><a href='?page_no=13611'>13611<\/a><\/li>\n\n\n\n<li><a href='?page_no=13612'>13612<\/a><\/li>\n\n    \n\t\n\n<li >\n\t<a href='?page_no=816'>Next<\/a>\n\t<\/li>\n\n\n    \n\n<li><a href='?page_no=13612'>Last &rsaquo;&rsaquo;<\/a><\/li>\n\n<\/ul>\n\n\n--><br \/>\n<\/body><\/p>\n","protected":false},"excerpt":{"rendered":"<p>Por Narciso Isa Conde La dignidad no necesita apellido. Miriam tampoco. Ella es la dignidad como persona, madre, mujer, profesional, jueza&#8230; Siempre lo ha sido. Se equivocaron de blanco el canalla, su jefe supremo y toda la comparsa mafiosa que la agredi\u00f3: su supina perversidad grupal no puede, no alcanza, ni ha logrado, ofender o [&hellip;]<\/p>\n","protected":false},"author":3,"featured_media":0,"comment_status":"open","ping_status":"open","sticky":false,"template":"","format":"standard","meta":{"footnotes":""},"categories":[16],"tags":[],"class_list":["post-45437","post","type-post","status-publish","format-standard","hentry","category-opiniones"],"_links":{"self":[{"href":"https:\/\/diariodominicano.com\/index.php?rest_route=\/wp\/v2\/posts\/45437","targetHints":{"allow":["GET"]}}],"collection":[{"href":"https:\/\/diariodominicano.com\/index.php?rest_route=\/wp\/v2\/posts"}],"about":[{"href":"https:\/\/diariodominicano.com\/index.php?rest_route=\/wp\/v2\/types\/post"}],"author":[{"embeddable":true,"href":"https:\/\/diariodominicano.com\/index.php?rest_route=\/wp\/v2\/users\/3"}],"replies":[{"embeddable":true,"href":"https:\/\/diariodominicano.com\/index.php?rest_route=%2Fwp%2Fv2%2Fcomments&post=45437"}],"version-history":[{"count":0,"href":"https:\/\/diariodominicano.com\/index.php?rest_route=\/wp\/v2\/posts\/45437\/revisions"}],"wp:attachment":[{"href":"https:\/\/diariodominicano.com\/index.php?rest_route=%2Fwp%2Fv2%2Fmedia&parent=45437"}],"wp:term":[{"taxonomy":"category","embeddable":true,"href":"https:\/\/diariodominicano.com\/index.php?rest_route=%2Fwp%2Fv2%2Fcategories&post=45437"},{"taxonomy":"post_tag","embeddable":true,"href":"https:\/\/diariodominicano.com\/index.php?rest_route=%2Fwp%2Fv2%2Ftags&post=45437"}],"curies":[{"name":"wp","href":"https:\/\/api.w.org\/{rel}","templated":true}]}}