{"id":454346,"date":"2023-07-12T16:17:44","date_gmt":"2023-07-12T20:17:44","guid":{"rendered":"http:\/\/diariodominicano.com\/?p=454346"},"modified":"2023-07-12T16:29:26","modified_gmt":"2023-07-12T20:29:26","slug":"el-mp-solicita-prision-preventiva-contra-dos-imputados-de-clonar-tarjetas-de-ayuda-del-gobierno","status":"publish","type":"post","link":"https:\/\/diariodominicano.com\/?p=454346","title":{"rendered":"El MP solicita prisi\u00f3n preventiva contra dos imputados de clonar tarjetas de ayuda del Gobierno"},"content":{"rendered":"\n<p>Archivo:<\/p>\n\n\n\n<p>LA ALTAGRACIA, Rep\u00fablica Dominicana.- El Ministerio P\u00fablico solicit\u00f3 prisi\u00f3n preventiva en contra de Albery Gonz\u00e1lez Santana y Dariem Arias (Franklin y\/o Patr\u00f3n), imputados de abuso de confianza y fraude contra&nbsp; el Estado dominicano a trav\u00e9s de la clonaci\u00f3n de tarjetas de ayuda de la Administradora de Subsidios Sociales (ADESS).&nbsp;&nbsp;<\/p>\n\n\n\n<p>Los dos  imputados fueron detenidos por representantes del Ministerio P\u00fablico y del Departamento de Cr\u00edmenes y Delitos de Alta Tecnolog\u00eda (Dicat) de la Polic\u00eda Nacional en flagrante delito.&nbsp;&nbsp;<\/p>\n\n\n\n<p>El Ministerio P\u00fablico le atribuye la violaci\u00f3n de los art\u00edculos 14 y 15 de la Ley 53-07 que castiga la obtenci\u00f3n de fondos il\u00edcitos y estafa en perjuicio del Estado dominicano, adem\u00e1s de asociaci\u00f3n de malhechores.&nbsp;<\/p>\n\n\n\n<p>Gonz\u00e1lez Santana fue apresado en el municipio Hig\u00fcey, mientras se desplazaba en un carro marca Hyundai en compa\u00f1\u00eda de una persona que colabor\u00f3 con las autoridades en el proceso, ocup\u00e1ndole una funda timbrada de la Asociaci\u00f3n La Nacional de Ahorros y Pr\u00e9stamos con RD$680,000.00, propiedad de la ADESS, y su correspondiente comprobante de retiro.&nbsp;&nbsp;<\/p>\n\n\n\n<p>El Ministerio P\u00fablico indica que Gonz\u00e1lez Santana recibi\u00f3 la indicada suma de dinero. Adem\u00e1s, le fue ocupado un celular.<\/p>\n\n\n\n<p>Mientras que Dariem Arias fue detenido mediante orden de arresto emitida por el Juzgado de la Instrucci\u00f3n del Distrito Judicial de La Altagracia, tras establecerse su vinculaci\u00f3n con la asociaci\u00f3n de malhechores.<\/p>\n\n\n\n<p><strong>Direcci\u00f3n General de Comunicaci\u00f3n, Prensa, y RRPP<\/strong><\/p>\n\n\n\n<p>Ministerio P\u00fablico.&nbsp;R.D.<\/p>\n\n\n\n<p>Mi\u00e9rcoles, 12 de julio de 2023.<\/p>\n","protected":false},"excerpt":{"rendered":"<p>Archivo: LA ALTAGRACIA, Rep\u00fablica Dominicana.- El Ministerio P\u00fablico solicit\u00f3 prisi\u00f3n preventiva en contra de Albery Gonz\u00e1lez Santana y Dariem Arias (Franklin y\/o Patr\u00f3n), imputados de abuso de confianza y fraude contra&nbsp; el Estado dominicano a trav\u00e9s de la clonaci\u00f3n de tarjetas de ayuda de la Administradora de Subsidios Sociales (ADESS).&nbsp;&nbsp; Los dos imputados fueron detenidos [&hellip;]<\/p>\n","protected":false},"author":28,"featured_media":270254,"comment_status":"closed","ping_status":"","sticky":true,"template":"","format":"standard","meta":{"footnotes":""},"categories":[24,29,27],"tags":[],"class_list":["post-454346","post","type-post","status-publish","format-standard","has-post-thumbnail","hentry","category-justicia-y-derecho","category-policiasucesos","category-portada"],"_links":{"self":[{"href":"https:\/\/diariodominicano.com\/index.php?rest_route=\/wp\/v2\/posts\/454346","targetHints":{"allow":["GET"]}}],"collection":[{"href":"https:\/\/diariodominicano.com\/index.php?rest_route=\/wp\/v2\/posts"}],"about":[{"href":"https:\/\/diariodominicano.com\/index.php?rest_route=\/wp\/v2\/types\/post"}],"author":[{"embeddable":true,"href":"https:\/\/diariodominicano.com\/index.php?rest_route=\/wp\/v2\/users\/28"}],"replies":[{"embeddable":true,"href":"https:\/\/diariodominicano.com\/index.php?rest_route=%2Fwp%2Fv2%2Fcomments&post=454346"}],"version-history":[{"count":3,"href":"https:\/\/diariodominicano.com\/index.php?rest_route=\/wp\/v2\/posts\/454346\/revisions"}],"predecessor-version":[{"id":454353,"href":"https:\/\/diariodominicano.com\/index.php?rest_route=\/wp\/v2\/posts\/454346\/revisions\/454353"}],"wp:featuredmedia":[{"embeddable":true,"href":"https:\/\/diariodominicano.com\/index.php?rest_route=\/wp\/v2\/media\/270254"}],"wp:attachment":[{"href":"https:\/\/diariodominicano.com\/index.php?rest_route=%2Fwp%2Fv2%2Fmedia&parent=454346"}],"wp:term":[{"taxonomy":"category","embeddable":true,"href":"https:\/\/diariodominicano.com\/index.php?rest_route=%2Fwp%2Fv2%2Fcategories&post=454346"},{"taxonomy":"post_tag","embeddable":true,"href":"https:\/\/diariodominicano.com\/index.php?rest_route=%2Fwp%2Fv2%2Ftags&post=454346"}],"curies":[{"name":"wp","href":"https:\/\/api.w.org\/{rel}","templated":true}]}}