{"id":454033,"date":"2023-07-11T15:48:31","date_gmt":"2023-07-11T19:48:31","guid":{"rendered":"http:\/\/diariodominicano.com\/?p=454033"},"modified":"2023-07-11T15:48:31","modified_gmt":"2023-07-11T19:48:31","slug":"cancilleria-de-haiti-aclara-que-ariel-henry-no-pidio-excluir-a-haiti-tratado-libre-circulacion-de-caricom","status":"publish","type":"post","link":"https:\/\/diariodominicano.com\/?p=454033","title":{"rendered":"Canciller\u00eda de Hait\u00ed aclara que Ariel Henry No pidi\u00f3 excluir a Hait\u00ed tratado libre circulaci\u00f3n de Caricom"},"content":{"rendered":"\n<p>diariodominicano.com<\/p>\n\n\n\n<p>Puerto Pr\u00edncipe, 11 jul (Prensa Latina) El Gobierno de Hait\u00ed aclar\u00f3 hoy los rumores sobre la supuesta petici\u00f3n del primer ministro Ariel Henry de excluir a su pa\u00eds de los tratados de libre circulaci\u00f3n de la Comunidad del Caribe.<\/p>\n\n\n\n<p>Seg\u00fan una nota del Ministerio de Asuntos Exteriores y Cultos, el jefe de Gobierno nunca pidi\u00f3 que se excluyera al pa\u00eds de las disposiciones de los tratados relativos a la libre circulaci\u00f3n de personas dentro de la Caricom, sino que, se limit\u00f3 a se\u00f1alar que Hait\u00ed no est\u00e1 en condiciones de beneficiarse de esta facilidad en un futuro inmediato.<\/p>\n\n\n\n<p>En los \u00faltimos d\u00edas varios medios de prensa se hicieron eco de la supuesta solicitud del primer ministro de descartar a Puerto Pr\u00edncipe del acuerdo que debe entrar en vigor a inicios del pr\u00f3ximo a\u00f1o, ante la sostenida crisis humanitaria, social y pol\u00edtica.<\/p>\n\n\n\n<p>El convenio fue anunciado la semana pasada, tras la 45 reuni\u00f3n de jefes de Estado y Gobierno de Caricom realizada en Trinidad y Tobago, por el primer ministro de Dominica y presidente entrante de la organizaci\u00f3n regional, Roosevelt Skerrit.<\/p>\n\n\n\n<p>De acuerdo con la Canciller\u00eda, desde su toma de posesi\u00f3n Henry se esforz\u00f3 por estrechar los lazos con la Caricom, e impulsa una nueva din\u00e1mica a la integraci\u00f3n de Hait\u00ed en esta instituci\u00f3n.<\/p>\n\n\n\n<p>De un total de 26 instrumentos jur\u00eddicos, Hait\u00ed solo se ha adherido a 12, de los cuales seis esperan la ratificaci\u00f3n parlamentaria antes de entrar en vigor, precis\u00f3.<\/p>\n\n\n\n<p>Agreg\u00f3 que corresponde a los haitianos seguir por el mismo camino para que, en un futuro no muy lejano, el pa\u00eds est\u00e9 en condiciones de cumplir todos los requisitos de adhesi\u00f3n al Mercado y Econom\u00eda \u00danicos del Caribe.<\/p>\n\n\n\n<p>rgh\/ane<\/p>\n","protected":false},"excerpt":{"rendered":"<p>diariodominicano.com Puerto Pr\u00edncipe, 11 jul (Prensa Latina) El Gobierno de Hait\u00ed aclar\u00f3 hoy los rumores sobre la supuesta petici\u00f3n del primer ministro Ariel Henry de excluir a su pa\u00eds de los tratados de libre circulaci\u00f3n de la Comunidad del Caribe. Seg\u00fan una nota del Ministerio de Asuntos Exteriores y Cultos, el jefe de Gobierno nunca [&hellip;]<\/p>\n","protected":false},"author":5,"featured_media":454034,"comment_status":"closed","ping_status":"","sticky":true,"template":"","format":"standard","meta":{"footnotes":""},"categories":[112,23,27],"tags":[],"class_list":["post-454033","post","type-post","status-publish","format-standard","has-post-thumbnail","hentry","category-haiti","category-internacional","category-portada"],"_links":{"self":[{"href":"https:\/\/diariodominicano.com\/index.php?rest_route=\/wp\/v2\/posts\/454033","targetHints":{"allow":["GET"]}}],"collection":[{"href":"https:\/\/diariodominicano.com\/index.php?rest_route=\/wp\/v2\/posts"}],"about":[{"href":"https:\/\/diariodominicano.com\/index.php?rest_route=\/wp\/v2\/types\/post"}],"author":[{"embeddable":true,"href":"https:\/\/diariodominicano.com\/index.php?rest_route=\/wp\/v2\/users\/5"}],"replies":[{"embeddable":true,"href":"https:\/\/diariodominicano.com\/index.php?rest_route=%2Fwp%2Fv2%2Fcomments&post=454033"}],"version-history":[{"count":1,"href":"https:\/\/diariodominicano.com\/index.php?rest_route=\/wp\/v2\/posts\/454033\/revisions"}],"predecessor-version":[{"id":454035,"href":"https:\/\/diariodominicano.com\/index.php?rest_route=\/wp\/v2\/posts\/454033\/revisions\/454035"}],"wp:featuredmedia":[{"embeddable":true,"href":"https:\/\/diariodominicano.com\/index.php?rest_route=\/wp\/v2\/media\/454034"}],"wp:attachment":[{"href":"https:\/\/diariodominicano.com\/index.php?rest_route=%2Fwp%2Fv2%2Fmedia&parent=454033"}],"wp:term":[{"taxonomy":"category","embeddable":true,"href":"https:\/\/diariodominicano.com\/index.php?rest_route=%2Fwp%2Fv2%2Fcategories&post=454033"},{"taxonomy":"post_tag","embeddable":true,"href":"https:\/\/diariodominicano.com\/index.php?rest_route=%2Fwp%2Fv2%2Ftags&post=454033"}],"curies":[{"name":"wp","href":"https:\/\/api.w.org\/{rel}","templated":true}]}}