{"id":454009,"date":"2023-07-11T14:21:04","date_gmt":"2023-07-11T18:21:04","guid":{"rendered":"http:\/\/diariodominicano.com\/?p=454009"},"modified":"2023-07-11T14:26:28","modified_gmt":"2023-07-11T18:26:28","slug":"presidente-de-la-dncd-decreto-sobre-carrera-del-agente-marca-un-hito-en-la-institucion","status":"publish","type":"post","link":"https:\/\/diariodominicano.com\/?p=454009","title":{"rendered":"Presidente de la DNCD: Decreto sobre carrera del agente marca un hito en la instituci\u00f3n"},"content":{"rendered":"\n<p><\/p>\n\n\n\n<figure class=\"wp-block-image size-large\"><img loading=\"lazy\" decoding=\"async\" width=\"819\" height=\"1024\" src=\"https:\/\/diariodominicano.com\/wp-content\/uploads\/2023\/07\/PHOTO-2023-07-11-12-42-46_5-819x1024.jpg\" alt=\"\" class=\"wp-image-454014\" srcset=\"https:\/\/diariodominicano.com\/wp-content\/uploads\/2023\/07\/PHOTO-2023-07-11-12-42-46_5-819x1024.jpg 819w, https:\/\/diariodominicano.com\/wp-content\/uploads\/2023\/07\/PHOTO-2023-07-11-12-42-46_5-240x300.jpg 240w, https:\/\/diariodominicano.com\/wp-content\/uploads\/2023\/07\/PHOTO-2023-07-11-12-42-46_5-768x960.jpg 768w, https:\/\/diariodominicano.com\/wp-content\/uploads\/2023\/07\/PHOTO-2023-07-11-12-42-46_5-816x1020.jpg 816w, https:\/\/diariodominicano.com\/wp-content\/uploads\/2023\/07\/PHOTO-2023-07-11-12-42-46_5.jpg 1080w\" sizes=\"auto, (max-width: 819px) 100vw, 819px\" \/><figcaption>Presidente Luis Abinader<\/figcaption><\/figure>\n\n\n\n<p><strong><br><\/strong><br><strong>Santo Domingo<\/strong>, RD.- El presidente de la Direcci\u00f3n Nacional de Control de Drogas, (DNCD), vicealmirante Jos\u00e9 M. Cabrera Ulloa, asegur\u00f3 este martes que el decreto Presidencial (301-23), que crea el reglamento de la carrera del agente, marca un hito en toda la historia de la fundaci\u00f3n de la instituci\u00f3n.<br><br>El presidente de la  DNCD, vicealmirante Cabrera Ulloa, salud\u00f3 la disposici\u00f3n Presidencial y afirm\u00f3 que con la medida, se corrige el precario r\u00e9gimen laboral que exist\u00eda con los agentes antinarc\u00f3ticos de la clase civil.<br><br>Anunci\u00f3 que a partir de la fecha inician un proceso de orientaci\u00f3n de todo el personal de la DNCD, para que conozcan de los alcances y beneficios del decreto, que crea el reglamento de la carrera del agente.<br><br>Mediante decreto el Poder Ejecutivo, cre\u00f3 el reglamento de la carrera del Agente de la DNCD, que regula la escala jer\u00e1rquica, requisitos de ingreso, nombramientos, ascensos, incentivos, retiros y otros aspectos.<br><br>\u00abEsta decisi\u00f3n del Ejecutivo fortalece la DNCD y crea un marco institucional que va en beneficio de todos los hombres y mujeres que aspiran tener mejores condiciones de vida, as\u00ed como un retiro digno, que se traduce en bienestar para sus familiares\u00bb<br><br>Adem\u00e1s, se detallan los criterios para la evaluaci\u00f3n del desempe\u00f1o, herramienta indispensable para determinar la permanencia, ascenso y separaci\u00f3n de un agente de carrera.<br><br>De conformidad con el emitido reglamento, el r\u00e9gimen \u00e9tico y disciplinario de todo agente de carrera de la DNCD estar\u00e1 regido por las normativas establecidas en la Ley n\u00fam. 50-88, sobre Drogas y Sustancias Controladas de la Rep\u00fablica Dominicana, en la Ley n\u00fam. 41-08, de Funci\u00f3n P\u00fablica, y en el C\u00f3digo de \u00c9tica Institucional de la DNCD.<br><br>Esta decisi\u00f3n del Presidente Abinader representa un importante paso en la mejora de las condiciones laborales de todos aquellos civiles que d\u00eda tras d\u00eda arriesgan sus vidas en el combate frontal al flagelo de las drogas, siempre apegados al estricto mandato Constitucional y Procesal de la Rep\u00fablica Dominicana.<br><br>Con informaci\u00f3n de la <strong>Direcci\u00f3n de Comunicaciones, DNCD.-<br><br>Martes 11 de julio, 2023.-<\/strong><\/p>\n","protected":false},"excerpt":{"rendered":"<p>Santo Domingo, RD.- El presidente de la Direcci\u00f3n Nacional de Control de Drogas, (DNCD), vicealmirante Jos\u00e9 M. Cabrera Ulloa, asegur\u00f3 este martes que el decreto Presidencial (301-23), que crea el reglamento de la carrera del agente, marca un hito en toda la historia de la fundaci\u00f3n de la instituci\u00f3n. El presidente de la DNCD, vicealmirante [&hellip;]<\/p>\n","protected":false},"author":28,"featured_media":454010,"comment_status":"closed","ping_status":"","sticky":true,"template":"","format":"standard","meta":{"footnotes":""},"categories":[20,29,27],"tags":[],"class_list":["post-454009","post","type-post","status-publish","format-standard","has-post-thumbnail","hentry","category-dominicana-hoy","category-policiasucesos","category-portada"],"_links":{"self":[{"href":"https:\/\/diariodominicano.com\/index.php?rest_route=\/wp\/v2\/posts\/454009","targetHints":{"allow":["GET"]}}],"collection":[{"href":"https:\/\/diariodominicano.com\/index.php?rest_route=\/wp\/v2\/posts"}],"about":[{"href":"https:\/\/diariodominicano.com\/index.php?rest_route=\/wp\/v2\/types\/post"}],"author":[{"embeddable":true,"href":"https:\/\/diariodominicano.com\/index.php?rest_route=\/wp\/v2\/users\/28"}],"replies":[{"embeddable":true,"href":"https:\/\/diariodominicano.com\/index.php?rest_route=%2Fwp%2Fv2%2Fcomments&post=454009"}],"version-history":[{"count":4,"href":"https:\/\/diariodominicano.com\/index.php?rest_route=\/wp\/v2\/posts\/454009\/revisions"}],"predecessor-version":[{"id":454015,"href":"https:\/\/diariodominicano.com\/index.php?rest_route=\/wp\/v2\/posts\/454009\/revisions\/454015"}],"wp:featuredmedia":[{"embeddable":true,"href":"https:\/\/diariodominicano.com\/index.php?rest_route=\/wp\/v2\/media\/454010"}],"wp:attachment":[{"href":"https:\/\/diariodominicano.com\/index.php?rest_route=%2Fwp%2Fv2%2Fmedia&parent=454009"}],"wp:term":[{"taxonomy":"category","embeddable":true,"href":"https:\/\/diariodominicano.com\/index.php?rest_route=%2Fwp%2Fv2%2Fcategories&post=454009"},{"taxonomy":"post_tag","embeddable":true,"href":"https:\/\/diariodominicano.com\/index.php?rest_route=%2Fwp%2Fv2%2Ftags&post=454009"}],"curies":[{"name":"wp","href":"https:\/\/api.w.org\/{rel}","templated":true}]}}