{"id":453848,"date":"2023-07-10T23:38:22","date_gmt":"2023-07-11T03:38:22","guid":{"rendered":"http:\/\/diariodominicano.com\/?p=453848"},"modified":"2023-07-10T23:42:36","modified_gmt":"2023-07-11T03:42:36","slug":"tribunal-acoge-pruebas-presentadas-por-el-ministerio-publico-y-envia-a-juicio-a-todos-los-acusados-de-las-operaciones-coral-y-coral-5g","status":"publish","type":"post","link":"https:\/\/diariodominicano.com\/?p=453848","title":{"rendered":"Sexto Juzgado de la Instrucci\u00f3n del Distrito Nacional acoge pruebas presentadas por el Ministerio P\u00fablico y env\u00eda a juicio a todos los acusados de las operaciones Coral y Coral 5G"},"content":{"rendered":"\n<p><em><u>Wilson Camacho define la decisi\u00f3n como \u201cuna victoria contundente\u201d contra la corrupci\u00f3n y la impunidad.<\/u><\/em><\/p>\n\n\n\n<figure class=\"wp-block-image size-large\"><img loading=\"lazy\" decoding=\"async\" width=\"683\" height=\"1024\" src=\"https:\/\/diariodominicano.com\/wp-content\/uploads\/2023\/07\/DSC04834-683x1024.jpg\" alt=\"\" class=\"wp-image-453851\" srcset=\"https:\/\/diariodominicano.com\/wp-content\/uploads\/2023\/07\/DSC04834-683x1024.jpg 683w, https:\/\/diariodominicano.com\/wp-content\/uploads\/2023\/07\/DSC04834-200x300.jpg 200w, https:\/\/diariodominicano.com\/wp-content\/uploads\/2023\/07\/DSC04834-768x1152.jpg 768w, https:\/\/diariodominicano.com\/wp-content\/uploads\/2023\/07\/DSC04834-1024x1536.jpg 1024w, https:\/\/diariodominicano.com\/wp-content\/uploads\/2023\/07\/DSC04834-1365x2048.jpg 1365w, https:\/\/diariodominicano.com\/wp-content\/uploads\/2023\/07\/DSC04834-816x1224.jpg 816w, https:\/\/diariodominicano.com\/wp-content\/uploads\/2023\/07\/DSC04834-scaled.jpg 1707w\" sizes=\"auto, (max-width: 683px) 100vw, 683px\" \/><\/figure>\n\n\n\n<p>SANTO DOMINGO, Rep\u00fablica Dominicana.- El procurador adjunto Wilson Camacho defini\u00f3 como \u201cuna victoria contundente de este Ministerio P\u00fablico\u201d la decisi\u00f3n de un tribunal de acoger m\u00e1s 3,200 pruebas aportadas por los fiscales y de enviar a juicio a los acusados de integrar la red de corrupci\u00f3n administrativa desmantelada con las operaciones Coral y Coral 5G.<\/p>\n\n\n\n<p>El Sexto Juzgado de la Instrucci\u00f3n del Distrito Nacional dispuso el env\u00edo a juicio del mayor general policial Ad\u00e1n C\u00e1ceres Silvestre, exdirector del Cuerpo de Seguridad Presidencial (Cusep), y el general Juan Carlos Torres Robiou, exdirector del Cuerpo Especializado de Seguridad Tur\u00edstica (Cestur), junto a los dem\u00e1s integrantes de la red de corrupci\u00f3n.<\/p>\n\n\n\n<p>\u201cEl tribunal rechaz\u00f3 todos los incidentes de las defensas y envi\u00f3 a juicio a todos los acusados presentados por el Ministerio P\u00fablico. Acogi\u00f3 en su totalidad la calificaci\u00f3n jur\u00eddica que el Ministerio P\u00fablico present\u00f3 ante estos hechos, y adem\u00e1s acogi\u00f3 aproximadamente el 99,99 por ciento de las pruebas presentadas por el Ministerio P\u00fablico\u201d, dijo Camacho, al responder a los periodistas que lo abordaron a su salida del tribunal.<\/p>\n\n\n\n<figure class=\"wp-block-image size-large\"><img loading=\"lazy\" decoding=\"async\" width=\"1024\" height=\"683\" src=\"https:\/\/diariodominicano.com\/wp-content\/uploads\/2023\/07\/DSC04839-1024x683.jpg\" alt=\"\" class=\"wp-image-453853\" srcset=\"https:\/\/diariodominicano.com\/wp-content\/uploads\/2023\/07\/DSC04839-1024x683.jpg 1024w, https:\/\/diariodominicano.com\/wp-content\/uploads\/2023\/07\/DSC04839-300x200.jpg 300w, https:\/\/diariodominicano.com\/wp-content\/uploads\/2023\/07\/DSC04839-768x512.jpg 768w, https:\/\/diariodominicano.com\/wp-content\/uploads\/2023\/07\/DSC04839-1536x1024.jpg 1536w, https:\/\/diariodominicano.com\/wp-content\/uploads\/2023\/07\/DSC04839-2048x1365.jpg 2048w, https:\/\/diariodominicano.com\/wp-content\/uploads\/2023\/07\/DSC04839-816x544.jpg 816w\" sizes=\"auto, (max-width: 1024px) 100vw, 1024px\" \/><\/figure>\n\n\n\n<p>\u201cHasta este momento el 100 por ciento de los acusados por este Ministerio P\u00fablico ha sido enviado a juicio en cada caso que hemos acudido a una audiencia preliminar\u201d, refiri\u00f3, como una muestra irrefutable de la fortaleza de los procesos que lleva el Ministerio P\u00fablico.<\/p>\n\n\n\n<p>\u201cEn este caso hubo tres empresas que no fueron representadas y que el tribunal fijar\u00e1 una nueva fecha para conocer la audiencia preliminar, el resto en su totalidad ha sido enviado a juicio\u201d, indic\u00f3.<\/p>\n\n\n\n<p>\u201cLa forma m\u00e1s f\u00e1cil de evaluar un proceso en cualquier caso son las pruebas. Hemos dicho que sobreprobamos los casos y en este lo hicimos una vez m\u00e1s y por eso el tribunal acogi\u00f3 m\u00e1s de 3,200 pruebas presentadas por el Ministerio P\u00fablico\u201d, enfatiz\u00f3.<\/p>\n\n\n\n<p>La decisi\u00f3n fue adoptada por la jueza Yanibet Rivas M\u00e9ndez en una audiencia que se extendi\u00f3 por unas seis horas, en las que analiz\u00f3 las pruebas documentales, periciales y testimoniales presentadas por el Ministerio P\u00fablico para dictar el fallo que alcanz\u00f3 a las 29 personas f\u00edsicas imputadas en el proceso.<\/p>\n\n\n\n<p>La magistrada tambi\u00e9n dict\u00f3 auto de apertura a juicio contra 15 de las personas jur\u00eddicas implicadas en esta acusaci\u00f3n y dej\u00f3 pendiente la audiencia preliminar para S.O.S Carretera S.R.L., S.S.A Corporation S.R.L, Meijo Comercial, E.I.R.L y Optumus E.I.R.L.<\/p>\n\n\n\n<p>En el proceso judicial el Ministerio P\u00fablico fue representado por el procurador adjunto Wilson Camacho y la procuradora de corte y coordinadora de Litigaci\u00f3n de la Pepca, Mirna Ortiz. Tambi\u00e9n, por los fiscales Jonathan El\u00edas P\u00e9rez, Emmanuel Ram\u00edrez, Melbin Romero, Marinel Brea, Arolin Lemos y Miguel Collado.<\/p>\n\n\n\n<p>Junto a C\u00e1ceres Silvestre y Torres Robiu fueron enviados a juicio Alejandro Montero, Boanerges Reyes, Carlos Lantigua, Elida Trinidad,&nbsp; Enmanuel Alba, Epifanio Pe\u00f1a, Erasmo Roger P\u00e9rez, Erick Pereira, Esmeralda Ortega, Franklin Mata Flores, Jehohanan Rodr\u00edguez Jim\u00e9nez, Jos\u00e9 Rosario Pir\u00f3n, Julio de los Santos Viola, Kelman Santana, Luc\u00eda de los Santos Viola, Manuel Alba Solano, Miguel Ventura Pichardo, Onoris Soto de los Santos, Pedro Castillo Nolasco, Rafael N\u00fa\u00f1ez de Aza, Ra\u00fal Alejandro Gir\u00f3n, Rossy Guzm\u00e1n, Santiago Su\u00e1rez, Tanner Flete Guzm\u00e1n, Yehudy Guzm\u00e1n Alc\u00e1ntara y Raymel Del Rosario Viola.<\/p>\n\n\n\n<p>Tambi\u00e9n, las personas jur\u00eddicas Randa Internacional Company, Rawel Importadores, RG y Soluciones Financieras, S.O.S Carretera, S.S.A Corporation, \u00danico Real State e Inversiones, Aldom Glass Aluminium, Asociaci\u00f3n Campesina Madre Tierra, CSNA Universo Empresarial, Distribuidor KF, Distribuidora TAFL, Hacienda Kelman, Iglesia Bautista Vida Eterna del Se\u00f1or Jesucristo, Meijo Comercial, Ministerio Jes\u00fas Vino, Viene y Vuelve, MJTRESV Agroindustrial, Optumus E.I.R.L. y RyF Agroindustrial.<\/p>\n\n\n\n<p>El tribunal reconoci\u00f3 el derecho del Ministerio P\u00fablico a bautizar sus operaciones contra redes de corrupci\u00f3n administrativa y, en ese sentido, rechaz\u00f3 el recurso de oposici\u00f3n presentado por algunas defensas.<\/p>\n\n\n\n<p>La lectura \u00edntegra del fallo fue fijada para el 21 de agosto, a las 10:00 am.<\/p>\n\n\n\n<p>Durante la audiencia preliminar el Ministerio P\u00fablico solicit\u00f3 el env\u00edo a juicio de los acusados. El pasado 26 de junio el tribunal fij\u00f3 la lectura del fallo para este lunes 10 de julio.<\/p>\n\n\n\n<p>En el proceso los acusados recibieron distintas medidas de coerci\u00f3n, incluyendo la prisi\u00f3n preventiva por 18 meses, luego de que el Ministerio P\u00fablico demostrara su vinculaci\u00f3n con los hechos de corrupci\u00f3n, logrando adem\u00e1s que el caso fuera declarado de tramitaci\u00f3n compleja.<\/p>\n\n\n\n<p>El \u00f3rgano acusador present\u00f3 cargos en este proceso contra 48 personas, 30 personas f\u00edsicas y 18 personas jur\u00eddicas que son acusadas de defraudar al Estado dominicano con m\u00e1s de 4,000 millones de pesos.<\/p>\n\n\n\n<p>Los involucrados en el entramado de corrupci\u00f3n operaron en perjuicio del Cusep, el Cestur y el Consejo Nacional para la Ni\u00f1ez y la Adolescencia (Conani).<\/p>\n\n\n\n<p>Los cargos por los que son procesados incluyen asociaci\u00f3n de malhechores, estafa contra el Estado dominicano, coalici\u00f3n de funcionarios, falsificaci\u00f3n de documentos p\u00fablicos y lavado de activos entre otros hechos delictivos.<\/p>\n\n\n\n<p>Comunicaciones PGR<a target=\"_blank\" href=\"mailto:comunicaciones@pgr.gob.do\" rel=\"noreferrer noopener\">comunicaciones@pgr.gob.do<\/a><\/p>\n\n\n\n<p><strong>Direcci\u00f3n General de Comunicaci\u00f3n, Prensa, y RRPP<\/strong><\/p>\n\n\n\n<p>Ministerio P\u00fablico.&nbsp;R.D.<\/p>\n\n\n\n<p>Lunes, 10 de julio de 2023.<\/p>\n","protected":false},"excerpt":{"rendered":"<p>Wilson Camacho define la decisi\u00f3n como \u201cuna victoria contundente\u201d contra la corrupci\u00f3n y la impunidad. SANTO DOMINGO, Rep\u00fablica Dominicana.- El procurador adjunto Wilson Camacho defini\u00f3 como \u201cuna victoria contundente de este Ministerio P\u00fablico\u201d la decisi\u00f3n de un tribunal de acoger m\u00e1s 3,200 pruebas aportadas por los fiscales y de enviar a juicio a los acusados [&hellip;]<\/p>\n","protected":false},"author":28,"featured_media":453849,"comment_status":"closed","ping_status":"","sticky":true,"template":"","format":"standard","meta":{"footnotes":""},"categories":[24,29,27],"tags":[],"class_list":["post-453848","post","type-post","status-publish","format-standard","has-post-thumbnail","hentry","category-justicia-y-derecho","category-policiasucesos","category-portada"],"_links":{"self":[{"href":"https:\/\/diariodominicano.com\/index.php?rest_route=\/wp\/v2\/posts\/453848","targetHints":{"allow":["GET"]}}],"collection":[{"href":"https:\/\/diariodominicano.com\/index.php?rest_route=\/wp\/v2\/posts"}],"about":[{"href":"https:\/\/diariodominicano.com\/index.php?rest_route=\/wp\/v2\/types\/post"}],"author":[{"embeddable":true,"href":"https:\/\/diariodominicano.com\/index.php?rest_route=\/wp\/v2\/users\/28"}],"replies":[{"embeddable":true,"href":"https:\/\/diariodominicano.com\/index.php?rest_route=%2Fwp%2Fv2%2Fcomments&post=453848"}],"version-history":[{"count":5,"href":"https:\/\/diariodominicano.com\/index.php?rest_route=\/wp\/v2\/posts\/453848\/revisions"}],"predecessor-version":[{"id":453856,"href":"https:\/\/diariodominicano.com\/index.php?rest_route=\/wp\/v2\/posts\/453848\/revisions\/453856"}],"wp:featuredmedia":[{"embeddable":true,"href":"https:\/\/diariodominicano.com\/index.php?rest_route=\/wp\/v2\/media\/453849"}],"wp:attachment":[{"href":"https:\/\/diariodominicano.com\/index.php?rest_route=%2Fwp%2Fv2%2Fmedia&parent=453848"}],"wp:term":[{"taxonomy":"category","embeddable":true,"href":"https:\/\/diariodominicano.com\/index.php?rest_route=%2Fwp%2Fv2%2Fcategories&post=453848"},{"taxonomy":"post_tag","embeddable":true,"href":"https:\/\/diariodominicano.com\/index.php?rest_route=%2Fwp%2Fv2%2Ftags&post=453848"}],"curies":[{"name":"wp","href":"https:\/\/api.w.org\/{rel}","templated":true}]}}