{"id":45382,"date":"2019-03-08T12:45:52","date_gmt":"2019-03-08T12:45:52","guid":{"rendered":"http:\/\/diariodominicano.ddns.net\/?p=45382"},"modified":"2019-03-08T12:45:52","modified_gmt":"2019-03-08T12:45:52","slug":"un-pais-exportador","status":"publish","type":"post","link":"https:\/\/diariodominicano.com\/?p=45382","title":{"rendered":"UN PAIS EXPORTADOR"},"content":{"rendered":"<p><body><\/p>\n<p>EL TIRO RAPIDO<\/p>\n<\/p>\n<\/p>\n<\/p>\n<p>Convertirnos en tal, dejando de ser un pa\u00eds fundamentalmente importador, es la meta de los industriales dominicanos, cuya m\u00e1xima representaci\u00f3n compareci\u00f3 en el Almuerzo Semanal del Grupo de Comunicaci\u00f3n Corripio, que modera el destacado periodista Juan Bol\u00edvar D\u00edaz.<\/p>\n<\/p>\n<\/p>\n<p>Encabezados por el nuevo presidente de la AIRD, Celso J. Marranzini y su vicepresidenta ejecutiva Circe Alm\u00e1nzar, en el encuentro participaron tambi\u00e9n Julio Brache, vicepresidente de la entidad; Juan Ventura, por la regi\u00f3n norte; Bredyg Disla, presidenta de Asociaci\u00f3n de Industrias de Haina-Regi\u00f3n Sur; Luis Concepci\u00f3n, quien preside la Asociaci\u00f3n de Exportadores y Fernando Espinal de INFADOM.<\/p>\n<\/p>\n<\/p>\n<p>Aumentar las exportaciones es una vieja aspiraci\u00f3n del sector industrial dominicano.  Por a\u00f1os, las importaciones han dominado nuestro comercio exterior superando con mucho la colocaci\u00f3n de nuestros productos en el mercado internacional.  Mientras aquellas han crecido a ritmo vertiginoso, las exportaciones lo han hecho a paso muy moderado, superando penosamente apenas el pasado 2018 la meta de los diez mil millones de d\u00f3lares anuales, gracias principalmente a las zonas francas  y la venta de oro y otros minerales que son renglones perecibles.<\/p>\n<\/p>\n<\/p>\n<p>El resultado es que salvo en el caso de Hait\u00ed, donde registramos un apreciable super\u00e1vit y quiz\u00e1s en muy ligera medida en alg\u00fan otro caso, en pr\u00e1cticamente todos los dem\u00e1s pa\u00edses con los que comerciamos, registramos una balanza desfavorable.  La consecuencia es que de a\u00f1o en a\u00f1o hemos ido acumulando un apreciable d\u00e9ficit de muchos miles de millones de d\u00f3lares, a todas luces insostenible en el tiempo.  Los dos casos m\u00e1s significativos corresponden a nuestro comercio con los Estados Unidos y China Continental, las dos grandes potencias del mercado internacional.<\/p>\n<\/p>\n<\/p>\n<p>En el primer caso, a partir de la firma del DR-CAFTA los t\u00e9rminos de la balanza que hasta entonces presentaba un moderado saldo a favor del pa\u00eds se invirtieron de forma significativa en contra nuestra, con un d\u00e9ficit que ya acumula posiblemente m\u00e1s de veinte mil millones de d\u00f3lares, y que tender\u00e1 a aumentar en la medida en que contin\u00faen desgrav\u00e1ndose progresivamente las importaciones procedentes de los Estados Unidos que entrar\u00edan al pa\u00eds libres de aranceles. <\/p>\n<\/p>\n<\/p>\n<p>Es una situaci\u00f3n que preocupa y lesiona de manera especial al sector agropecuario, al plantearle una competencia en t\u00e9rminos ruinosos que llevar a su desaparici\u00f3n, y por consiguiente amenazar seriamente la meta de garantizar la Soberan\u00eda y Seguridad Alimentaria del pueblo dominicano, que quedar\u00eda peligrosamente cautiva de las importaciones.<\/p>\n<\/p>\n<\/p>\n<p>En cuanto al gigante asi\u00e1tico, hasta ahora los t\u00e9rminos de intercambio no han podido resultar m\u00e1s desfavorables, por cuanto se encuentra en relaci\u00f3n negativa de trece a uno.  Es decir que por cada d\u00f3lar que le vendemos estamos compr\u00e1ndole trece.  Si bien con el establecimiento de relaciones diplom\u00e1ticas con su gobierno, se abre la posible brecha de que podamos aumentar nuestras ventas a China luce muy reducida la cantidad de art\u00edculos que podamos ofrecer para tratar de reducir, \u00a1imposible nivelar\u00a1, la negativa balanza comercial, sin que por otra parte podamos cifrar esa posibilidad en el recibo de turistas chinos en cantidad suficiente.<\/p>\n<\/p>\n<\/p>\n<p>\u00bfQu\u00e9 se necesita para aumentar las exportaciones?  Los industriales han sido muy categ\u00f3ricos en reclamar  una y otra vez el marco no de privilegios sino de incentivos y facilidades de que les permitan acceder al mercado internacional en condiciones competitivas.  Estas est\u00e1n basadas en cuatro factores esenciales: precio, calidad, cumplimiento y  suministro confiable.  (Ojo: imposible pensar en crear mercados estables a base de excedentes.  Hay que producir para exportar de manera estable).<\/p>\n<\/p>\n<\/p>\n<p>Hasta ahora las condiciones han sido adversas y desfavorables para que los industriales dominicanos puedan cumplir a cabalidad con esos requisitos.  Impuestos, obst\u00e1culos y retrasos burocr\u00e1ticos, altos fletes terrestres y mar\u00edtimos, energ\u00eda cara e irregular, cierre de los puertos por  huelgas de transportistas y  otros factores adversos han obstaculizado el camino para poder convertirnos en un pa\u00eds exportador.<\/p>\n<\/p>\n<\/p>\n<p>El gobierno ahora est\u00e1 enviando algunas se\u00f1ales de que comprende a cabalidad el problema y est\u00e1 en disposici\u00f3n de contribuir a superar esas trabas.  La creaci\u00f3n de Pro-Competitividad, poniendo al frente a un  joven y capacitado profesional que como Rafael Paz conoce a cabalidad las necesidades del empresariado, ya ha comenzado a dar sus frutos. <\/p>\n<\/p>\n<\/p>\n<p>Esperemos que a partir de ahora la situaci\u00f3n de un vuelco, y que una firme alianza entre el Gobierno y el sector industrial abra nuevas  y favorables perspectivas que permitan, al menos, poder nivelar la balanza de nuestro comercio exterior. <\/p>\n<\/p>\n<\/p>\n<p>Ya eso solo de por s\u00ed resultar\u00eda un gran paso de avance.<\/p>\n<\/p>\n<h6> 2019-03-08 12:45:52 <\/h6>\n<p><!--\n<link rel=\"stylesheet\" href=\"css\/bootstrap.min.css\">\n\n\n<ul class=\"pagination\">\n\t    \n\t\n\n<li >\n\t<a href='?page_no=809'>Previous<\/a>\n\t<\/li>\n\n\n       \n    \n\n<li><a href='?page_no=1'>1<\/a><\/li>\n\n\n\n<li><a href='?page_no=2'>2<\/a><\/li>\n\n\n\n<li><a>...<\/a><\/li>\n\n\n\n<li><a href='?page_no=808'>808<\/a><\/li>\n\n\n\n<li><a href='?page_no=809'>809<\/a><\/li>\n\n\n\n<li class='active'><a>810<\/a><\/li>\n\n\n\n<li><a href='?page_no=811'>811<\/a><\/li>\n\n\n\n<li><a href='?page_no=812'>812<\/a><\/li>\n\n\n\n<li><a>...<\/a><\/li>\n\n\n\n<li><a href='?page_no=13611'>13611<\/a><\/li>\n\n\n\n<li><a href='?page_no=13612'>13612<\/a><\/li>\n\n    \n\t\n\n<li >\n\t<a href='?page_no=811'>Next<\/a>\n\t<\/li>\n\n\n    \n\n<li><a href='?page_no=13612'>Last &rsaquo;&rsaquo;<\/a><\/li>\n\n<\/ul>\n\n\n--><br \/>\n<\/body><\/p>\n","protected":false},"excerpt":{"rendered":"<p>EL TIRO RAPIDO Convertirnos en tal, dejando de ser un pa\u00eds fundamentalmente importador, es la meta de los industriales dominicanos, cuya m\u00e1xima representaci\u00f3n compareci\u00f3 en el Almuerzo Semanal del Grupo de Comunicaci\u00f3n Corripio, que modera el destacado periodista Juan Bol\u00edvar D\u00edaz. Encabezados por el nuevo presidente de la AIRD, Celso J. Marranzini y su vicepresidenta [&hellip;]<\/p>\n","protected":false},"author":3,"featured_media":0,"comment_status":"open","ping_status":"open","sticky":false,"template":"","format":"standard","meta":{"footnotes":""},"categories":[16],"tags":[],"class_list":["post-45382","post","type-post","status-publish","format-standard","hentry","category-opiniones"],"_links":{"self":[{"href":"https:\/\/diariodominicano.com\/index.php?rest_route=\/wp\/v2\/posts\/45382","targetHints":{"allow":["GET"]}}],"collection":[{"href":"https:\/\/diariodominicano.com\/index.php?rest_route=\/wp\/v2\/posts"}],"about":[{"href":"https:\/\/diariodominicano.com\/index.php?rest_route=\/wp\/v2\/types\/post"}],"author":[{"embeddable":true,"href":"https:\/\/diariodominicano.com\/index.php?rest_route=\/wp\/v2\/users\/3"}],"replies":[{"embeddable":true,"href":"https:\/\/diariodominicano.com\/index.php?rest_route=%2Fwp%2Fv2%2Fcomments&post=45382"}],"version-history":[{"count":0,"href":"https:\/\/diariodominicano.com\/index.php?rest_route=\/wp\/v2\/posts\/45382\/revisions"}],"wp:attachment":[{"href":"https:\/\/diariodominicano.com\/index.php?rest_route=%2Fwp%2Fv2%2Fmedia&parent=45382"}],"wp:term":[{"taxonomy":"category","embeddable":true,"href":"https:\/\/diariodominicano.com\/index.php?rest_route=%2Fwp%2Fv2%2Fcategories&post=45382"},{"taxonomy":"post_tag","embeddable":true,"href":"https:\/\/diariodominicano.com\/index.php?rest_route=%2Fwp%2Fv2%2Ftags&post=45382"}],"curies":[{"name":"wp","href":"https:\/\/api.w.org\/{rel}","templated":true}]}}