{"id":45370,"date":"2019-03-08T21:38:14","date_gmt":"2019-03-08T21:38:14","guid":{"rendered":"http:\/\/diariodominicano.ddns.net\/?p=45370"},"modified":"2019-03-08T21:38:14","modified_gmt":"2019-03-08T21:38:14","slug":"segunda-cumbre-trump-y-kim-fracaso-o-experiencia-manuel-diaz-aponte","status":"publish","type":"post","link":"https:\/\/diariodominicano.com\/?p=45370","title":{"rendered":"Segunda Cumbre Trump y Kim, \u00bffracaso o experiencia? Manuel D\u00edaz Aponte"},"content":{"rendered":"<p><body><\/p>\n<p><strong>Manuel Antonio D\u00edaz Aponte<\/strong><\/p>\n<\/p>\n<p><strong>Manuel D\u00edaz Aponte<\/strong><\/p>\n<\/p>\n<p>En c\u00edrculos pol\u00edticos y diplom\u00e1ticos de Washington se interpreta como un \u00abfiasco y fracaso\u00bb la segunda cumbre entre los presidentes Donald Trump y Kim Jong-un, efectuada en Han\u00f3i, capital de Vietnam.<\/p>\n<\/p>\n<p>Concluy\u00f3 abruptamente con la salida de la delegaci\u00f3n norteamericana del hotel donde se realizaban las deliberaciones ante la imposibilidad de convencer al dirigente norcoreano de deshacerse de su poderoso arsenal nuclear. <\/p>\n<\/p>\n<p>Trump, quien ha afrontado varios esc\u00e1ndalos en su pa\u00eds desde que lleg\u00f3 a la Casa Blanca, admiti\u00f3 que \u00abalgunas veces te tienes que alejar de la mesa y esta fue una de esas ocasiones\u00bb.<\/p>\n<\/p>\n<p>Es l\u00f3gico entender que la tarea no es f\u00e1cil porque deber\u00e1 pasar primero por innumerables obst\u00e1culos de car\u00e1cter estrat\u00e9gico, geopol\u00edtico, seguridad interna y externa y por supuesto, de intereses econ\u00f3micos, militares y hasta de adaptaciones culturales.<\/p>\n<\/p>\n<p>La aplicaci\u00f3n de un nuevo modelo en la sociedad norcoreana llevar\u00e1 mucho tiempo y no creo que el joven Kim se prestar\u00e1 a \u00abtraicionar\u00bb los principios que sustentan la ideolog\u00eda y visi\u00f3n de Estado de la sociedad que dirige,  <\/p>\n<\/p>\n<p>Es ingenuo creer que el liderazgo de Corea del Norte destruir\u00e1 pura y simplemente sus bases bal\u00edsticas de largo alcance, convertida hoy en su principal escudo de protecci\u00f3n ante la posibilidad de un ataque proveniente desde Occidente.<\/p>\n<\/p>\n<p>Aquellos pa\u00edses con armas nucleares incluyendo Estados Unidos \u00bfproceder\u00e1n a desmantelarlas? <\/p>\n<\/p>\n<p>Los norcoreanos se han dado a respetar entre la comunidad internacional precisamente por su fuerza nuclear, la cual ya nadie duda de que posee la capacidad de impactar en el coraz\u00f3n de la principal potencia del mundo.  <\/p>\n<\/p>\n<p>\u00bfAcaso se ha olvidado la crueldad como fue asesinado el l\u00edder libio Muamar el Gadafi as\u00ed como tambi\u00e9n el propio presidente de Irak, Sadam Husein?    <\/p>\n<\/p>\n<p><strong>Seguir Dialogando<\/strong><\/p>\n<\/p>\n<p>El di\u00e1logo directo entre la Casa Blanca y Pyongyang debe seguir y pese a que no haya sido fijada por el momento una tercera ronda de conversaciones, es conveniente para la paz mundial que ello se materialice en el futuro cercano.  <\/p>\n<\/p>\n<p>El segundo encuentro entiendo que m\u00e1s bien se trat\u00f3 de una nueva experiencia para la diplomacia estadounidense que confi\u00f3 en que esta vez, el l\u00edder de la Rep\u00fablica Popular Democr\u00e1tica de Corea del Norte, suscribir\u00eda un acuerdo definitivo para la desnuclearizaci\u00f3n de la zona.<\/p>\n<\/p>\n<p>Trump probablemente fue excesivo hacia los elogios a Kim, a quien lleg\u00f3 a definir como \u00abmi gran amigo\u00bb, en contrastes con las duras expresiones utilizadas contra \u00e9ste desde que asumi\u00f3 el poder el 20 de enero del 2017, convirti\u00e9ndose en el cuadrag\u00e9simo quinto mandatario estadounidense.<\/p>\n<\/p>\n<p>La prensa de EE.UU. ha llegado a comentar que se ha producido alg\u00fan nivel de \u00abqu\u00edmica\u00bb entre Trump y Kim en el proceso de conversaciones que iniciaron en Singapur, aqu\u00e9l recordado 12 de junio de 2018.<\/p>\n<\/p>\n<p>Los apretones de manos, fotograf\u00edas, abrazos, sonrisas, chistes, brindis de copas de vino y champa\u00f1a as\u00ed como la degustaci\u00f3n de platos ex\u00f3ticos pueden reducir las tensiones en la mesa del di\u00e1logo, aunque no solucione la ra\u00edz del problema.<\/p>\n<\/p>\n<p>\u00bfResultados concretos? Parecer\u00eda que hay que esperar una tercera cumbre para apreciar resultados espec\u00edficos, entienden analistas de la diplomacia internacional.<\/p>\n<\/p>\n<p>El propio Trump ha reconocido que hay que seguir conversando y neg\u00f3 que la segunda cumbre haya terminado de manera abrupta.   <\/p>\n<p><strong> <\/strong><\/p>\n<p><strong>Sentido del Humor <\/strong><\/p>\n<\/p>\n<p>Refiri\u00e9ndose a su colega Kim dijo que es \u00abun verdadero personaje\u00bb y que frecuentemente hace gala del buen sentido del humor.<\/p>\n<\/p>\n<p>Las im\u00e1genes visuales proyectan a un l\u00edder parsimonioso que r\u00ede frecuentemente, pero con reacciones impredecibles. Como todo oriental tiene la paciencia de job, evidenciando inteligencia y capacidad para sacar de sus casillas al contrario.   <\/p>\n<\/p>\n<p>Kim Jong-un cuando viaja al exterior prefiere hacerlo en tren en vez de avi\u00f3n, aunque tenga que recorrer m\u00e1s de tres mil kil\u00f3metros en alrededor de 60 horas para conectar entre Pyongyang, capital de Corea del Norte y Han\u00f3i, la capital de Vietnam.<\/p>\n<\/p>\n<p>Se trata de un tren blindado con servicios de alimentos, dormitorios y oficinas con sistema de Internet que el joven Kim utiliza frecuentemente.<\/p>\n<\/p>\n<p>Cuando asisti\u00f3 a la primera cumbre en Singapur lo hizo a bordo de un Boeing 747 de \u00abAir China\u00bb, una clara se\u00f1al de los tradicionales y afectivos v\u00ednculos entre los norcoreanos y la potencia asi\u00e1tica.<\/p>\n<\/p>\n<p>El presidente de la Rep\u00fablica Popular de China, Xi Jinping, est\u00e1 al tanto y ha promovido las dos reuniones entre el l\u00edder norcoreano y el mandatario estadounidense a quienes insta seguir conversando para tratar de lograr un acuerdo definitivo.     <\/p>\n<\/p>\n<p>El punto central de la discordia sigue siendo la desnuclearizaci\u00f3n total de los norcoreanos, pero Kim quiere previamente el levantamiento de todas las sanciones impuestas por Occidente a su pa\u00eds.<\/p>\n<p><strong> <\/strong><\/p>\n<p><strong>Manzana de la Discordia<\/strong><\/p>\n<\/p>\n<p>Informes de organismos de inteligencia de Estados Unidos sostienen que en Corea del Norte hay varios sistemas nucleares esparcidos en zonas estrat\u00e9gicas, lo que revela que se trata de una situaci\u00f3n que no puede ser abordada y definida en tan solo dos platicas.<\/p>\n<\/p>\n<p>En consecuencia, habr\u00e1 que seguir en la mesa de las deliberaciones para ver si finalmente ambas partes arriban a conclusiones concretas.<\/p>\n<\/p>\n<p>El presidente Trump dijo a la cadena Fox News que todav\u00eda Corea del Norte\u00bbno est\u00e1 lista\u00bb para renunciar a su programa nuclear.<\/p>\n<\/p>\n<p>Sin embargo, cree que Kim quiere llegar a un acuerdo, pero ha se\u00f1alado que \u00abeste no era el momento\u00bb.      <\/p>\n<\/p>\n<p>L\u00f3gicamente se ha logrado separar el muro de contenci\u00f3n que alejaba a Trump y Kim, quienes a juzgar por el tono y contenido de sus ataques meses atr\u00e1s parecer\u00eda que se odiaban y buscaban autodestruirse.<\/p>\n<\/p>\n<p>El poder medi\u00e1tico occidental ha rese\u00f1ado las reuniones con menos adjetivos de descalificaci\u00f3n hacia la figura de Kim, quien ahora es mostrado proyectando un rostro alegre, sobrio pero con menos agresividad que antes.   <\/p>\n<\/p>\n<p>Incluso en Vietnam, el l\u00edder norcoreano respondi\u00f3 una pregunta de un reportero sobre si realmente tiene intensi\u00f3n de auspiciar la desnuclearizaci\u00f3n de su pa\u00eds.<\/p>\n<\/p>\n<p>Respondi\u00f3 firmemente expresando que:\u00bbSi no tuviera voluntad de hacerlo, no estar\u00eda ahora aqu\u00ed\u00bb.  <\/p>\n<\/p>\n<p>El planteamiento fue interpretado por su hom\u00f3logo estadounidense de la siguiente manera: \u00abProbablemente la mejor respuesta que hayan o\u00eddos jam\u00e1s\u00bb.<\/p>\n<p><strong> <\/strong><\/p>\n<p><strong>\u00bfSe impondr\u00e1 la Cordura?<\/strong><\/p>\n<\/p>\n<p>Muy atinada es la decisi\u00f3n de los gobiernos de Estados Unidos y Corea del Sur de suspender sus ejercicios militares conjuntos en la frontera con Corea del Norte, abriendo un nuevo espacio a la distensi\u00f3n hacia la superaci\u00f3n definitiva del conflicto en la regi\u00f3n, que lleva m\u00e1s de 60 a\u00f1os.<\/p>\n<\/p>\n<p>Es de esperarse que los pr\u00f3ximos pasos sean el levantamiento de las sanciones econ\u00f3micas a los norcoreanos y por consiguiente, el giro hacia su desnuclearizaci\u00f3n progresiva.<\/p>\n<\/p>\n<p>Mientras tanto, en los principales carnavales del mundo que se vienen celebrando en esta temporada la s\u00e1tira pol\u00edtica ha estado presente con los rostros de Trump y Kim.<\/p>\n<\/p>\n<p>La civilidad, diplomacia y prudencia sobre lo que implica el actual escenario de la geopol\u00edtica mundial parece haber llevado a Trump y Kim hacia la ruta de la cara a cara y optar por una salida negociada antes que una terrible y temible guerra nuclear que en apenas segundos pulverizar\u00eda al planeta.<\/p>\n<\/p>\n<p>Si ello ocurre as\u00ed, entonces la tercera cumbre que no tiene fecha ni lugar elegido todav\u00eda, ser\u00eda simplemente para rubricar un acuerdo definitivo. \u00bfSe lograr\u00e1?<\/p>\n<\/p>\n<p><strong>Art\u00edculo de Manuel D\u00edaz Aponte<\/strong><\/p>\n<\/p>\n<\/p>\n<\/p>\n<\/p>\n<\/p>\n<\/p>\n<\/p>\n<\/p>\n<h6> 2019-03-08 21:38:14 <\/h6>\n<p><!--\n<link rel=\"stylesheet\" href=\"css\/bootstrap.min.css\">\n\n\n<ul class=\"pagination\">\n\t    \n\t\n\n<li >\n\t<a href='?page_no=808'>Previous<\/a>\n\t<\/li>\n\n\n       \n    \n\n<li><a href='?page_no=1'>1<\/a><\/li>\n\n\n\n<li><a href='?page_no=2'>2<\/a><\/li>\n\n\n\n<li><a>...<\/a><\/li>\n\n\n\n<li><a href='?page_no=807'>807<\/a><\/li>\n\n\n\n<li><a href='?page_no=808'>808<\/a><\/li>\n\n\n\n<li class='active'><a>809<\/a><\/li>\n\n\n\n<li><a href='?page_no=810'>810<\/a><\/li>\n\n\n\n<li><a href='?page_no=811'>811<\/a><\/li>\n\n\n\n<li><a>...<\/a><\/li>\n\n\n\n<li><a href='?page_no=13611'>13611<\/a><\/li>\n\n\n\n<li><a href='?page_no=13612'>13612<\/a><\/li>\n\n    \n\t\n\n<li >\n\t<a href='?page_no=810'>Next<\/a>\n\t<\/li>\n\n\n    \n\n<li><a href='?page_no=13612'>Last &rsaquo;&rsaquo;<\/a><\/li>\n\n<\/ul>\n\n\n--><br \/>\n<\/body><\/p>\n","protected":false},"excerpt":{"rendered":"<p>Manuel Antonio D\u00edaz Aponte Manuel D\u00edaz Aponte En c\u00edrculos pol\u00edticos y diplom\u00e1ticos de Washington se interpreta como un \u00abfiasco y fracaso\u00bb la segunda cumbre entre los presidentes Donald Trump y Kim Jong-un, efectuada en Han\u00f3i, capital de Vietnam. Concluy\u00f3 abruptamente con la salida de la delegaci\u00f3n norteamericana del hotel donde se realizaban las deliberaciones ante [&hellip;]<\/p>\n","protected":false},"author":3,"featured_media":0,"comment_status":"open","ping_status":"open","sticky":false,"template":"","format":"standard","meta":{"footnotes":""},"categories":[16],"tags":[],"class_list":["post-45370","post","type-post","status-publish","format-standard","hentry","category-opiniones"],"_links":{"self":[{"href":"https:\/\/diariodominicano.com\/index.php?rest_route=\/wp\/v2\/posts\/45370","targetHints":{"allow":["GET"]}}],"collection":[{"href":"https:\/\/diariodominicano.com\/index.php?rest_route=\/wp\/v2\/posts"}],"about":[{"href":"https:\/\/diariodominicano.com\/index.php?rest_route=\/wp\/v2\/types\/post"}],"author":[{"embeddable":true,"href":"https:\/\/diariodominicano.com\/index.php?rest_route=\/wp\/v2\/users\/3"}],"replies":[{"embeddable":true,"href":"https:\/\/diariodominicano.com\/index.php?rest_route=%2Fwp%2Fv2%2Fcomments&post=45370"}],"version-history":[{"count":0,"href":"https:\/\/diariodominicano.com\/index.php?rest_route=\/wp\/v2\/posts\/45370\/revisions"}],"wp:attachment":[{"href":"https:\/\/diariodominicano.com\/index.php?rest_route=%2Fwp%2Fv2%2Fmedia&parent=45370"}],"wp:term":[{"taxonomy":"category","embeddable":true,"href":"https:\/\/diariodominicano.com\/index.php?rest_route=%2Fwp%2Fv2%2Fcategories&post=45370"},{"taxonomy":"post_tag","embeddable":true,"href":"https:\/\/diariodominicano.com\/index.php?rest_route=%2Fwp%2Fv2%2Ftags&post=45370"}],"curies":[{"name":"wp","href":"https:\/\/api.w.org\/{rel}","templated":true}]}}