{"id":453612,"date":"2023-07-10T00:20:12","date_gmt":"2023-07-10T04:20:12","guid":{"rendered":"http:\/\/diariodominicano.com\/?p=453612"},"modified":"2023-07-10T00:20:12","modified_gmt":"2023-07-10T04:20:12","slug":"nypd-informa-hay-menos-violencia-general-en-nyc","status":"publish","type":"post","link":"https:\/\/diariodominicano.com\/?p=453612","title":{"rendered":"NYPD informa hay menos violencia general en NYC"},"content":{"rendered":"\n<p><strong>Por Ram\u00f3n Mercedes<\/strong><\/p>\n\n\n\n<p><strong>NUEVA YORK.-<\/strong>&nbsp;El comisionado interino de NYPD, el hispano Edward Cab\u00e1n, en su primera rueda de prensa como \u201cjefe\u201d policial sostuvo que los tiroteos en la Gran Manzana han bajado, y en t\u00e9rminos generales la delincuencia en junio fue casi un 4 % inferior en comparaci\u00f3n a la del a\u00f1o pasado.<\/p>\n\n\n\n<p>\u201cY esto no ocurre por accidente, es el resultado directo del enfoque, vigilancia inteligente de la polic\u00eda, y habla sobre el gran esfuerzo de los agentes\u201d, dijo Cab\u00e1n.<\/p>\n\n\n\n<p>Seg\u00fan las \u00faltimas estad\u00edsticas, los tiroteos disminuyeron casi un 25 % durante la primera mitad del a\u00f1o en comparaci\u00f3n al mismo semestre de 2022.<\/p>\n\n\n\n<p>Se han reducido de forma consecutiva en las \u00faltimas 13 semanas, donde hubo 200 v\u00edctimas menos que el a\u00f1o pasado.<\/p>\n\n\n\n<p>\u00abA medida que nos acercamos al verano, confiamos en que, junto con nuestros socios en el gobierno y nuestras comunidades, nuestro trabajo continuar\u00e1 teniendo un impacto positivo\u00bb, subray\u00f3.<\/p>\n\n\n\n<p>Y aunque en el feriado del 4 de julio hubo 23 balaceras, en 2022 se registraron 43.<\/p>\n\n\n\n<p>En cuanto a los delitos en el sistema de tr\u00e1nsito, en el mes de junio se rompi\u00f3 la tendencia a la baja de inicios de a\u00f1o, con 195 incidentes respecto a los 165 de 2022.<\/p>\n\n\n\n<p>Tambi\u00e9n aumentaron en un 23 % los robos de veh\u00edculos, mayormente de Kia y Hyundai. Algo que las autoridades atribuyen a un desaf\u00edo de Tik Tok.<\/p>\n\n\n\n<p>Mientras tanto, la cantidad de persecuciones policiales a veh\u00edculos fue mucho m\u00e1s elevada que en a\u00f1os anteriores, un incremento por el aumento de veh\u00edculos fantasmas, que no tienen placas ni registros y com\u00fanmente est\u00e1n involucrados en cr\u00edmenes.<\/p>\n\n\n\n<p>\u201cEstamos deteniendo a esas personas encontr\u00e1ndolos no solamente con los papeles falsos, pero tambi\u00e9n estas son las personas que est\u00e1n haciendo los robos, que est\u00e1n cargando pistolas, transportando narc\u00f3ticos\u00bb, dijo el portavoz policial Carlos Nieves.<\/p>\n","protected":false},"excerpt":{"rendered":"<p>Por Ram\u00f3n Mercedes NUEVA YORK.-&nbsp;El comisionado interino de NYPD, el hispano Edward Cab\u00e1n, en su primera rueda de prensa como \u201cjefe\u201d policial sostuvo que los tiroteos en la Gran Manzana han bajado, y en t\u00e9rminos generales la delincuencia en junio fue casi un 4 % inferior en comparaci\u00f3n a la del a\u00f1o pasado. \u201cY esto [&hellip;]<\/p>\n","protected":false},"author":28,"featured_media":453613,"comment_status":"closed","ping_status":"","sticky":true,"template":"","format":"standard","meta":{"footnotes":""},"categories":[29,27],"tags":[],"class_list":["post-453612","post","type-post","status-publish","format-standard","has-post-thumbnail","hentry","category-policiasucesos","category-portada"],"_links":{"self":[{"href":"https:\/\/diariodominicano.com\/index.php?rest_route=\/wp\/v2\/posts\/453612","targetHints":{"allow":["GET"]}}],"collection":[{"href":"https:\/\/diariodominicano.com\/index.php?rest_route=\/wp\/v2\/posts"}],"about":[{"href":"https:\/\/diariodominicano.com\/index.php?rest_route=\/wp\/v2\/types\/post"}],"author":[{"embeddable":true,"href":"https:\/\/diariodominicano.com\/index.php?rest_route=\/wp\/v2\/users\/28"}],"replies":[{"embeddable":true,"href":"https:\/\/diariodominicano.com\/index.php?rest_route=%2Fwp%2Fv2%2Fcomments&post=453612"}],"version-history":[{"count":1,"href":"https:\/\/diariodominicano.com\/index.php?rest_route=\/wp\/v2\/posts\/453612\/revisions"}],"predecessor-version":[{"id":453614,"href":"https:\/\/diariodominicano.com\/index.php?rest_route=\/wp\/v2\/posts\/453612\/revisions\/453614"}],"wp:featuredmedia":[{"embeddable":true,"href":"https:\/\/diariodominicano.com\/index.php?rest_route=\/wp\/v2\/media\/453613"}],"wp:attachment":[{"href":"https:\/\/diariodominicano.com\/index.php?rest_route=%2Fwp%2Fv2%2Fmedia&parent=453612"}],"wp:term":[{"taxonomy":"category","embeddable":true,"href":"https:\/\/diariodominicano.com\/index.php?rest_route=%2Fwp%2Fv2%2Fcategories&post=453612"},{"taxonomy":"post_tag","embeddable":true,"href":"https:\/\/diariodominicano.com\/index.php?rest_route=%2Fwp%2Fv2%2Ftags&post=453612"}],"curies":[{"name":"wp","href":"https:\/\/api.w.org\/{rel}","templated":true}]}}