{"id":453512,"date":"2023-07-09T22:49:52","date_gmt":"2023-07-10T02:49:52","guid":{"rendered":"http:\/\/diariodominicano.com\/?p=453512"},"modified":"2023-07-09T22:49:52","modified_gmt":"2023-07-10T02:49:52","slug":"imponen-3-meses-de-prision-preventiva-a-dos-hombres-que-falsificaron-permiso-ambiental-y-cortaron-321-arboles-en-jarabacoa","status":"publish","type":"post","link":"https:\/\/diariodominicano.com\/?p=453512","title":{"rendered":"Imponen 3 meses de prisi\u00f3n preventiva a dos hombres que falsificaron permiso ambiental y cortaron 321 \u00e1rboles en Jarabacoa"},"content":{"rendered":"\n<p><em><u>A una mujer vinculada al caso le fue impuesta presentaci\u00f3n peri\u00f3dica<\/u><\/em><em><u>&nbsp;<\/u><\/em><em><u><\/u><\/em><\/p>\n\n\n\n<figure class=\"wp-block-image size-large\"><img loading=\"lazy\" decoding=\"async\" width=\"1024\" height=\"768\" src=\"https:\/\/diariodominicano.com\/wp-content\/uploads\/2023\/07\/IMG-20230709-WA0000-1024x768.jpg\" alt=\"\" class=\"wp-image-453514\" srcset=\"https:\/\/diariodominicano.com\/wp-content\/uploads\/2023\/07\/IMG-20230709-WA0000-1024x768.jpg 1024w, https:\/\/diariodominicano.com\/wp-content\/uploads\/2023\/07\/IMG-20230709-WA0000-300x225.jpg 300w, https:\/\/diariodominicano.com\/wp-content\/uploads\/2023\/07\/IMG-20230709-WA0000-768x576.jpg 768w, https:\/\/diariodominicano.com\/wp-content\/uploads\/2023\/07\/IMG-20230709-WA0000-1536x1152.jpg 1536w, https:\/\/diariodominicano.com\/wp-content\/uploads\/2023\/07\/IMG-20230709-WA0000-816x612.jpg 816w, https:\/\/diariodominicano.com\/wp-content\/uploads\/2023\/07\/IMG-20230709-WA0000.jpg 1600w\" sizes=\"auto, (max-width: 1024px) 100vw, 1024px\" \/><\/figure>\n\n\n\n<p>SANTO DOMINGO, Rep\u00fablica Dominicana.-. La Procuradur\u00eda Especializada para la Defensa del Medio Ambiente y los Recursos Naturales (Proedemaren) someti\u00f3 a la justicia y logr\u00f3 la imposici\u00f3n de medidas de coerci\u00f3n en contra de dos hombres y una mujer que falsificaron un permiso ambiental y cortaron 321 \u00e1rboles de pino criollo y caribe\u00f1o en una finca de Manabao, del municipio Jarabacoa.\u00a0<\/p>\n\n\n\n<p>La Oficina Judicial de Servicios de Atenci\u00f3n Permanente del Distrito Judicial de La Vega le impuso tres meses de prisi\u00f3n preventiva a Jos\u00e9 Luis Trinidad y a Kelvin Rodr\u00edguez Rodr\u00edguez, mientras que a Carmen Brunilda Flamberg le fue impuesta presentaci\u00f3n peri\u00f3dica, por violaci\u00f3n a la Ley 64-00 de Medio Ambiente y Recursos Naturales.&nbsp;<\/p>\n\n\n\n<p>El magistrado Jos\u00e9 L. Far\u00edas, representante de la Proedemaren en esa provincia inform\u00f3 que las tres personas fueron arrestadas luego de que se ejecutaran en su contra \u00f3rdenes de arrestos, emitidas en respuesta a una solicitud realizada por esa dependencia del Ministerio P\u00fablico.&nbsp;<\/p>\n\n\n\n<figure class=\"wp-block-image size-large\"><img loading=\"lazy\" decoding=\"async\" width=\"768\" height=\"1024\" src=\"https:\/\/diariodominicano.com\/wp-content\/uploads\/2023\/07\/IMG-20230709-WA0002-768x1024.jpg\" alt=\"\" class=\"wp-image-453515\" srcset=\"https:\/\/diariodominicano.com\/wp-content\/uploads\/2023\/07\/IMG-20230709-WA0002-768x1024.jpg 768w, https:\/\/diariodominicano.com\/wp-content\/uploads\/2023\/07\/IMG-20230709-WA0002-225x300.jpg 225w, https:\/\/diariodominicano.com\/wp-content\/uploads\/2023\/07\/IMG-20230709-WA0002-816x1088.jpg 816w, https:\/\/diariodominicano.com\/wp-content\/uploads\/2023\/07\/IMG-20230709-WA0002.jpg 960w\" sizes=\"auto, (max-width: 768px) 100vw, 768px\" \/><\/figure>\n\n\n\n<figure class=\"wp-block-image size-large\"><img loading=\"lazy\" decoding=\"async\" width=\"1024\" height=\"768\" src=\"https:\/\/diariodominicano.com\/wp-content\/uploads\/2023\/07\/IMG-20230709-WA0004-1024x768.jpg\" alt=\"\" class=\"wp-image-453516\" srcset=\"https:\/\/diariodominicano.com\/wp-content\/uploads\/2023\/07\/IMG-20230709-WA0004-1024x768.jpg 1024w, https:\/\/diariodominicano.com\/wp-content\/uploads\/2023\/07\/IMG-20230709-WA0004-300x225.jpg 300w, https:\/\/diariodominicano.com\/wp-content\/uploads\/2023\/07\/IMG-20230709-WA0004-768x576.jpg 768w, https:\/\/diariodominicano.com\/wp-content\/uploads\/2023\/07\/IMG-20230709-WA0004-1536x1152.jpg 1536w, https:\/\/diariodominicano.com\/wp-content\/uploads\/2023\/07\/IMG-20230709-WA0004-816x612.jpg 816w, https:\/\/diariodominicano.com\/wp-content\/uploads\/2023\/07\/IMG-20230709-WA0004.jpg 1600w\" sizes=\"auto, (max-width: 1024px) 100vw, 1024px\" \/><\/figure>\n\n\n\n<p>En la investigaci\u00f3n realizada particip\u00f3 el personal del Ministerio de Medio Ambiente del municipio Jarabacoa, el cual, al recibir la denuncia del caso, la canalizaron a trav\u00e9s del Ministerio P\u00fablico en las personas de los magistrados Jos\u00e9 Luis Far\u00edas y Facundo Gonz\u00e1lez, quienes procedieron con el sometimiento a la acci\u00f3n de la justicia de los imputados.&nbsp;<\/p>\n\n\n\n<p><strong>Direcci\u00f3n General de Comunicaci\u00f3n, Prensa, y RRPP<\/strong><\/p>\n\n\n\n<p>Ministerio P\u00fablico.&nbsp;R.D.<\/p>\n\n\n\n<p>Domingo, 9 de julio de 2023.<\/p>\n","protected":false},"excerpt":{"rendered":"<p>A una mujer vinculada al caso le fue impuesta presentaci\u00f3n peri\u00f3dica&nbsp; SANTO DOMINGO, Rep\u00fablica Dominicana.-. La Procuradur\u00eda Especializada para la Defensa del Medio Ambiente y los Recursos Naturales (Proedemaren) someti\u00f3 a la justicia y logr\u00f3 la imposici\u00f3n de medidas de coerci\u00f3n en contra de dos hombres y una mujer que falsificaron un permiso ambiental y [&hellip;]<\/p>\n","protected":false},"author":28,"featured_media":453513,"comment_status":"closed","ping_status":"","sticky":true,"template":"","format":"standard","meta":{"footnotes":""},"categories":[24,29],"tags":[],"class_list":["post-453512","post","type-post","status-publish","format-standard","has-post-thumbnail","hentry","category-justicia-y-derecho","category-policiasucesos"],"_links":{"self":[{"href":"https:\/\/diariodominicano.com\/index.php?rest_route=\/wp\/v2\/posts\/453512","targetHints":{"allow":["GET"]}}],"collection":[{"href":"https:\/\/diariodominicano.com\/index.php?rest_route=\/wp\/v2\/posts"}],"about":[{"href":"https:\/\/diariodominicano.com\/index.php?rest_route=\/wp\/v2\/types\/post"}],"author":[{"embeddable":true,"href":"https:\/\/diariodominicano.com\/index.php?rest_route=\/wp\/v2\/users\/28"}],"replies":[{"embeddable":true,"href":"https:\/\/diariodominicano.com\/index.php?rest_route=%2Fwp%2Fv2%2Fcomments&post=453512"}],"version-history":[{"count":1,"href":"https:\/\/diariodominicano.com\/index.php?rest_route=\/wp\/v2\/posts\/453512\/revisions"}],"predecessor-version":[{"id":453517,"href":"https:\/\/diariodominicano.com\/index.php?rest_route=\/wp\/v2\/posts\/453512\/revisions\/453517"}],"wp:featuredmedia":[{"embeddable":true,"href":"https:\/\/diariodominicano.com\/index.php?rest_route=\/wp\/v2\/media\/453513"}],"wp:attachment":[{"href":"https:\/\/diariodominicano.com\/index.php?rest_route=%2Fwp%2Fv2%2Fmedia&parent=453512"}],"wp:term":[{"taxonomy":"category","embeddable":true,"href":"https:\/\/diariodominicano.com\/index.php?rest_route=%2Fwp%2Fv2%2Fcategories&post=453512"},{"taxonomy":"post_tag","embeddable":true,"href":"https:\/\/diariodominicano.com\/index.php?rest_route=%2Fwp%2Fv2%2Ftags&post=453512"}],"curies":[{"name":"wp","href":"https:\/\/api.w.org\/{rel}","templated":true}]}}