{"id":453485,"date":"2023-07-09T22:16:35","date_gmt":"2023-07-10T02:16:35","guid":{"rendered":"http:\/\/diariodominicano.com\/?p=453485"},"modified":"2023-07-09T22:16:58","modified_gmt":"2023-07-10T02:16:58","slug":"ministerio-publico-y-dncd-capturan-al-extraditable-elyn-carpio-vinculado-a-red-de-narcotrafico-internacional","status":"publish","type":"post","link":"https:\/\/diariodominicano.com\/?p=453485","title":{"rendered":"Ministerio P\u00fablico y DNCD capturan al extraditable Elyn Carpio, vinculado a red de narcotr\u00e1fico internacional"},"content":{"rendered":"\n<p>SANTO DOMINGO, Rep\u00fablica Dominicana.- La Direcci\u00f3n General de Persecuci\u00f3n del Ministerio P\u00fablico y la Fiscal\u00eda de la provincia La Altagracia, conjuntamente con varias unidades \u00e9lites de la Direcci\u00f3n Nacional de Control de Drogas (DNCD) capturaron la noche del pasado s\u00e1bado al extraditable Elyn Ernesto Carpio Pe\u00f1a, quien es solicitado en extradici\u00f3n por los Estados Unidos Unidos de Am\u00e9rica.<\/p>\n\n\n\n<p>Luego de una b\u00fasqueda que necesit\u00f3 desplegar m\u00faltiples equipos y utilizar t\u00e9cnicas de investigaci\u00f3n propias de las empleadas en los casos de criminalidad organizada, se ejecut\u00f3 el arresto de Carpio Pe\u00f1a en un residencial de B\u00e1varo, Ver\u00f3n, a pesar de realizar m\u00faltiples acciones para escapar, incluyendo internarse en una zona boscosa, en las proximidades de la Autopista del Coral, inform\u00f3 la DNCD a trav\u00e9s de un comunicado de prensa.<\/p>\n\n\n\n<p>En contra de Carpio Pe\u00f1a pesa la orden de arresto para fines de extradici\u00f3n n\u00famero 001-022-2023-SRES-00668, emitida por la Suprema Corte de Justicia,&nbsp;en fecha 3 de mayo del 2023, para que responda a la acusaci\u00f3n formal por estar vinculado a una red narcotr\u00e1fico internacional ante el Tribunal del Distrito de los Estados Unidos para el Distrito Medio de Florida, Divisi\u00f3n de Tampa.<\/p>\n\n\n\n<p>Posterior al arresto, el Ministerio P\u00fablico y la DNCD realizaron m\u00faltiples allanamientos a propiedades del extraditable.<\/p>\n\n\n\n<p>El arresto de Carpio Pe\u00f1a se ejecut\u00f3 en una labor conjunta de las m\u00faltiples que realizan\u00a0la Procuradur\u00eda General de la Rep\u00fablica en la gesti\u00f3n de la procuradora general, Miriam Germ\u00e1n Brito, y la DNCD, bajo la direcci\u00f3n de su presidente vicealmirante Jos\u00e9 M. Cabrera Ulloa, se\u00f1ala el comunicado de prensa suministrado por la DNCD.<\/p>\n\n\n\n<p><strong>Direcci\u00f3n General de Comunicaci\u00f3n, Prensa, y RRPP<\/strong><\/p>\n\n\n\n<p>Ministerio P\u00fablico.&nbsp;R.D.<\/p>\n\n\n\n<p>Domingo, 9 de julio de 2023.<\/p>\n","protected":false},"excerpt":{"rendered":"<p>SANTO DOMINGO, Rep\u00fablica Dominicana.- La Direcci\u00f3n General de Persecuci\u00f3n del Ministerio P\u00fablico y la Fiscal\u00eda de la provincia La Altagracia, conjuntamente con varias unidades \u00e9lites de la Direcci\u00f3n Nacional de Control de Drogas (DNCD) capturaron la noche del pasado s\u00e1bado al extraditable Elyn Ernesto Carpio Pe\u00f1a, quien es solicitado en extradici\u00f3n por los Estados Unidos [&hellip;]<\/p>\n","protected":false},"author":28,"featured_media":417059,"comment_status":"closed","ping_status":"","sticky":true,"template":"","format":"standard","meta":{"footnotes":""},"categories":[24,29,27],"tags":[],"class_list":["post-453485","post","type-post","status-publish","format-standard","has-post-thumbnail","hentry","category-justicia-y-derecho","category-policiasucesos","category-portada"],"_links":{"self":[{"href":"https:\/\/diariodominicano.com\/index.php?rest_route=\/wp\/v2\/posts\/453485","targetHints":{"allow":["GET"]}}],"collection":[{"href":"https:\/\/diariodominicano.com\/index.php?rest_route=\/wp\/v2\/posts"}],"about":[{"href":"https:\/\/diariodominicano.com\/index.php?rest_route=\/wp\/v2\/types\/post"}],"author":[{"embeddable":true,"href":"https:\/\/diariodominicano.com\/index.php?rest_route=\/wp\/v2\/users\/28"}],"replies":[{"embeddable":true,"href":"https:\/\/diariodominicano.com\/index.php?rest_route=%2Fwp%2Fv2%2Fcomments&post=453485"}],"version-history":[{"count":2,"href":"https:\/\/diariodominicano.com\/index.php?rest_route=\/wp\/v2\/posts\/453485\/revisions"}],"predecessor-version":[{"id":453487,"href":"https:\/\/diariodominicano.com\/index.php?rest_route=\/wp\/v2\/posts\/453485\/revisions\/453487"}],"wp:featuredmedia":[{"embeddable":true,"href":"https:\/\/diariodominicano.com\/index.php?rest_route=\/wp\/v2\/media\/417059"}],"wp:attachment":[{"href":"https:\/\/diariodominicano.com\/index.php?rest_route=%2Fwp%2Fv2%2Fmedia&parent=453485"}],"wp:term":[{"taxonomy":"category","embeddable":true,"href":"https:\/\/diariodominicano.com\/index.php?rest_route=%2Fwp%2Fv2%2Fcategories&post=453485"},{"taxonomy":"post_tag","embeddable":true,"href":"https:\/\/diariodominicano.com\/index.php?rest_route=%2Fwp%2Fv2%2Ftags&post=453485"}],"curies":[{"name":"wp","href":"https:\/\/api.w.org\/{rel}","templated":true}]}}