{"id":45348,"date":"2019-03-10T15:10:34","date_gmt":"2019-03-10T15:10:34","guid":{"rendered":"http:\/\/diariodominicano.ddns.net\/?p=45348"},"modified":"2019-03-10T15:10:34","modified_gmt":"2019-03-10T15:10:34","slug":"algo-mas-que-palabras-politicas-mas-poeticas","status":"publish","type":"post","link":"https:\/\/diariodominicano.com\/?p=45348","title":{"rendered":"ALGO M\u00c1S QUE PALABRAS&#13;&#13; POL\u00cdTICAS M\u00c1S PO\u00c9TICAS"},"content":{"rendered":"<p><body><\/p>\n<\/p>\n<p>\u00abEs un deber de la propia civilizaci\u00f3n contribuir a ese v\u00ednculo de concurrencias e intercambio de mundolog\u00edas\u00bb. <\/p>\n<\/p>\n<p>========================<\/p>\n<p>V\u00edctor Corcoba Herrero\/ Escritor<\/p>\n<p>corcoba@telefonica.net<\/p>\n<p>=========================<\/p>\n<\/p>\n<p>\tMe gusta que se hable de inclusi\u00f3n y sostenibilidad, de escucha y consideraci\u00f3n hacia toda vida, de nuevos itinerarios y de multiplicidad de alientos, de nuevas propuestas y de un esp\u00edritu solidario universalista, planetario y sin fronteras, que nos globalice y fraternice. Este avance si me parece rompedor, distinto a lo vivido hasta ahora, pues ya no se habla s\u00f3lo de crecimiento material, sino tambi\u00e9n de otras dimensiones de integraci\u00f3n social e incluso de conversi\u00f3n ecol\u00f3gica, de transformaci\u00f3n de sistemas verdaderamente irracionales y explotadores, tanto con la naturaleza paisaj\u00edstica como con los propios seres humanos. Por tanto, se requieren de otras pol\u00edticas m\u00e1s po\u00e9ticas, es decir, m\u00e1s aut\u00e9nticas, aglutinadoras y condescendientes con todos, con menos intereses monetarios y m\u00e1s capacidad de asistencia, con medidas concretas al movimiento de las gentes y al clamor de nuestra casa com\u00fan. <\/p>\n<\/p>\n<p>\tSabemos que, en los \u00faltimos 20 a\u00f1os, la Uni\u00f3n Europea ha implementado algunos de los est\u00e1ndares de asilo m\u00e1s altos del mundo; y, que en los dos a\u00f1os finales, la pol\u00edtica migratoria europe\u00edsta ha avanzado a pasos agigantados con la Agenda Europea sobre Migraci\u00f3n propuesta por la Comisi\u00f3n Juncker en mayo de 2015. Poco a poco, est\u00e1 surgiendo, por todos los pueblos, una visi\u00f3n m\u00e1s solidaria y  de mayor unidad en cuestiones de migraci\u00f3n; pero a\u00fan queda mucho trabajo por hacer. Muchas veces nos falta activar una acogida responsable y digna. Son estas noticias, de promoci\u00f3n humana y de respeto por el h\u00e1bitat, las que nos esperanzan y favorecen el encuentro entre unos y otros. A mi juicio, es un deber de la propia civilizaci\u00f3n contribuir a ese v\u00ednculo de concurrencias e intercambio de mundolog\u00edas. Avanzaremos todos en definitiva.<\/p>\n<\/p>\n<p>A prop\u00f3sito, tambi\u00e9n me quedo con la reciente llamada de atenci\u00f3n al mundo, de Michelle Bachelet (Alta Comisionada de la ONU para los Derechos Humanos), en la que asegur\u00f3 que la desigualdad es una moneda corriente en todo el planeta ya que \u00abincluso en los Estados pr\u00f3speros las personas se sienten excluidas de los beneficios del desarrollo y privadas de sus derechos econ\u00f3micos y sociales lo que conduce a la alienaci\u00f3n, el malestar y, a veces, a la violencia\u00bb. Esto es lo grave. Ojal\u00e1 activemos la \u00e9tica en nuestros compromisos y las actitudes de los diversos gobiernos se interconecten para un desarrollo m\u00e1s equitativo y justo. Sin duda, el principio cardinal de todos los dirigentes ha de ser de servicio, y no de servirse de la sociedad para su lucro personal y partidista, poniendo transparencia en sus acciones y escucha en la voz de los pueblos. Ya est\u00e1 bien de avivar pol\u00edticas guerreras e injustas, corruptas a m\u00e1s no poder, que lo \u00fanico que fermentan son divisiones y fanatismos, alimentando la carrera de armamentos y pisoteando el sosiego que todos nos merecemos.<\/p>\n<\/p>\n<p>Desde luego, en todas las naciones los desaf\u00edos son complejos y tienen m\u00faltiples causas, lo que exigen respuestas colectivas, respetuosas con toda esa diversidad. Sea como fuere, si en verdad estamos realmente preocupados por desarrollar estrategias m\u00e1s comprensivas, capaces de poner remedio a tanto da\u00f1o causado, ning\u00fan morador puede quedar fuera. Tampoco gobierno alguno, que se diga con autoridad moral, est\u00e1 en disposici\u00f3n de proponer la dicha de algunos con exclusi\u00f3n de los dem\u00e1s. No olvidemos que el bienestar es uno de los valores b\u00e1sicos y principio de las Naciones Unidas. Por consiguiente, a trav\u00e9s de este soplo democr\u00e1tico (un ideal reconocido mundialmente) es como se fomenta el di\u00e1logo y la tolerancia. <\/p>\n<\/p>\n<p>En efecto, esta es la gran haza\u00f1a pendiente, la de caminar unidos por la senda de un desarrollo integrador, que nos reconcilie, y nos haga ver que todo puede sobreponerse y regenerarse. De ah\u00ed la importancia, de que cesen las violaciones a los Derechos Humanos, que es lo que verdaderamente conduce a profundas discordancias entre linajes. De hecho, se requieren cada d\u00eda normas m\u00e1s generales, que regulen la convivencia humana entre la multiplicidad de culturas, las relaciones de los diversos Estados, as\u00ed como entre individuos y pa\u00edses con la comunidad global, cuya creaci\u00f3n es hoy urgentemente postulada por ese bien com\u00fan mundializado, que es lo que en realidad nos armoniza como especie. Por eso, no hay que resignarse, ni los pol\u00edticos pueden aprovecharse del poder, ni los poderosos pueden arruinar a los m\u00e1s d\u00e9biles e indefensos, es la ciudadan\u00eda en conjunto la que tiene la potestad de hacer camino, con vistas a generar un crecimiento m\u00e1s human\u00edsticamente fraterno, rebajando toda vocaci\u00f3n de poder a la de acompa\u00f1amiento y ayuda. Al fin y al cabo, todos nos necesitamos rec\u00edprocamente. <\/p>\n<\/p>\n<p>V\u00edctor Corcoba Herrero\/ Escritor<\/p>\n<p>corcoba@telefonica.net<\/p>\n<p>10 de marzo de 2019.-<\/p>\n<h6> 2019-03-10 15:10:34 <\/h6>\n<p><!--\n<link rel=\"stylesheet\" href=\"css\/bootstrap.min.css\">\n\n\n<ul class=\"pagination\">\n\t    \n\t\n\n<li >\n\t<a href='?page_no=806'>Previous<\/a>\n\t<\/li>\n\n\n       \n    \n\n<li><a href='?page_no=1'>1<\/a><\/li>\n\n\n\n<li><a href='?page_no=2'>2<\/a><\/li>\n\n\n\n<li><a>...<\/a><\/li>\n\n\n\n<li><a href='?page_no=805'>805<\/a><\/li>\n\n\n\n<li><a href='?page_no=806'>806<\/a><\/li>\n\n\n\n<li class='active'><a>807<\/a><\/li>\n\n\n\n<li><a href='?page_no=808'>808<\/a><\/li>\n\n\n\n<li><a href='?page_no=809'>809<\/a><\/li>\n\n\n\n<li><a>...<\/a><\/li>\n\n\n\n<li><a href='?page_no=13611'>13611<\/a><\/li>\n\n\n\n<li><a href='?page_no=13612'>13612<\/a><\/li>\n\n    \n\t\n\n<li >\n\t<a href='?page_no=808'>Next<\/a>\n\t<\/li>\n\n\n    \n\n<li><a href='?page_no=13612'>Last &rsaquo;&rsaquo;<\/a><\/li>\n\n<\/ul>\n\n\n--><br \/>\n<\/body><\/p>\n","protected":false},"excerpt":{"rendered":"<p>\u00abEs un deber de la propia civilizaci\u00f3n contribuir a ese v\u00ednculo de concurrencias e intercambio de mundolog\u00edas\u00bb. ======================== V\u00edctor Corcoba Herrero\/ Escritor corcoba@telefonica.net ========================= Me gusta que se hable de inclusi\u00f3n y sostenibilidad, de escucha y consideraci\u00f3n hacia toda vida, de nuevos itinerarios y de multiplicidad de alientos, de nuevas propuestas y de un esp\u00edritu [&hellip;]<\/p>\n","protected":false},"author":3,"featured_media":0,"comment_status":"open","ping_status":"open","sticky":false,"template":"","format":"standard","meta":{"footnotes":""},"categories":[16],"tags":[],"class_list":["post-45348","post","type-post","status-publish","format-standard","hentry","category-opiniones"],"_links":{"self":[{"href":"https:\/\/diariodominicano.com\/index.php?rest_route=\/wp\/v2\/posts\/45348","targetHints":{"allow":["GET"]}}],"collection":[{"href":"https:\/\/diariodominicano.com\/index.php?rest_route=\/wp\/v2\/posts"}],"about":[{"href":"https:\/\/diariodominicano.com\/index.php?rest_route=\/wp\/v2\/types\/post"}],"author":[{"embeddable":true,"href":"https:\/\/diariodominicano.com\/index.php?rest_route=\/wp\/v2\/users\/3"}],"replies":[{"embeddable":true,"href":"https:\/\/diariodominicano.com\/index.php?rest_route=%2Fwp%2Fv2%2Fcomments&post=45348"}],"version-history":[{"count":0,"href":"https:\/\/diariodominicano.com\/index.php?rest_route=\/wp\/v2\/posts\/45348\/revisions"}],"wp:attachment":[{"href":"https:\/\/diariodominicano.com\/index.php?rest_route=%2Fwp%2Fv2%2Fmedia&parent=45348"}],"wp:term":[{"taxonomy":"category","embeddable":true,"href":"https:\/\/diariodominicano.com\/index.php?rest_route=%2Fwp%2Fv2%2Fcategories&post=45348"},{"taxonomy":"post_tag","embeddable":true,"href":"https:\/\/diariodominicano.com\/index.php?rest_route=%2Fwp%2Fv2%2Ftags&post=45348"}],"curies":[{"name":"wp","href":"https:\/\/api.w.org\/{rel}","templated":true}]}}