{"id":453019,"date":"2023-07-07T21:36:57","date_gmt":"2023-07-08T01:36:57","guid":{"rendered":"http:\/\/diariodominicano.com\/?p=453019"},"modified":"2023-07-07T21:37:08","modified_gmt":"2023-07-08T01:37:08","slug":"medicos-sin-fronteras-suspende-servicios-en-haiti","status":"publish","type":"post","link":"https:\/\/diariodominicano.com\/?p=453019","title":{"rendered":"M\u00e9dicos sin Fronteras suspende servicios en Hait\u00ed"},"content":{"rendered":"\n<p>Archivo:<\/p>\n\n\n\n<p>Puerto Pr\u00edncipe, 7 jul (Prensa Latina) M\u00e9dicos sin Fronteras suspendi\u00f3 hoy sus servicios en el hospital de Tabarre de Hait\u00ed tras la incursi\u00f3n armada de una veintena de personas que secuestraron a un paciente mientras a\u00fan estaba en el quir\u00f3fano.&nbsp;&nbsp;&nbsp;&nbsp;<\/p>\n\n\n\n<ul class=\"wp-block-list\"><li>julio 7, 2023<\/li><li>CDT21:06 (GMT) -0400<\/li><\/ul>\n\n\n\n<p>La organizaci\u00f3n conden\u00f3 \u201cen\u00e9rgicamente\u201d la agresi\u00f3n que demuestra una vez m\u00e1s el nivel de violencia sin precedentes que se vive actualmente en capital haitiana, y anunci\u00f3 la suspensi\u00f3n temporal de todas sus actividades de traumatolog\u00eda y atenci\u00f3n a quemados en el hospital de Tabarre.<\/p>\n\n\n\n<p>M\u00e9dicos sin Fronteras explic\u00f3 en un comunicado que, en la noche del 6 de julio, un hombre con heridas de bala se present\u00f3 espont\u00e1neamente en el hospital y mientras estaba en el quir\u00f3fano, dos personas se presentaron en el hospital fingiendo tener una urgencia vital.<\/p>\n\n\n\n<p>Al abrir la puerta perimetral, una veintena de individuos armados y con pasamonta\u00f1as irrumpieron violentamente en busca del herido no estabilizado, al que se llevaron consigo, indic\u00f3 la instancia.<\/p>\n\n\n\n<p>\u201cHay tal desprecio por la vida humana y tal violencia en Puerto Pr\u00edncipe que ni siquiera los vulnerables, los enfermos y los heridos se salvan. \u00bfC\u00f3mo se supone que nosotros, los trabajadores sanitarios, vamos a poder seguir prestando asistencia en este entorno?\u201d, cuestion\u00f3 la entidad.<\/p>\n\n\n\n<p>Agregaron que decidieron suspender las actividades con el fin de evaluar las condiciones de una posible reanudaci\u00f3n.<\/p>\n\n\n\n<p>M\u00e9dicos sin Fronteras tuvo que cerrar temporalmente el hospital Drouillard en abril de 2022, cerr\u00f3 definitivamente las puertas de su centro de urgencias de Martissant en junio de 2021 y suspendi\u00f3 su apoyo al hospital Raoul Pierre Louis de Carrefour en enero de 2023 por motivos de seguridad.<\/p>\n\n\n\n<p>Ante la situaci\u00f3n cada vez m\u00e1s grave, pidi\u00f3 a las distintas partes en conflicto que respeten las estructuras m\u00e9dicas para que puedan seguir desempe\u00f1ando su papel.<\/p>\n\n\n\n<p>La crisis de seguridad de Hait\u00ed se agudiz\u00f3 tras el asesinato del presidente Jovenel Mo\u00efse ocurrido hace dos a\u00f1os y actualmente las pandillas controlan m\u00e1s del 80 por ciento de esta capital.<\/p>\n\n\n\n<p>oda\/ane<\/p>\n","protected":false},"excerpt":{"rendered":"<p>Archivo: Puerto Pr\u00edncipe, 7 jul (Prensa Latina) M\u00e9dicos sin Fronteras suspendi\u00f3 hoy sus servicios en el hospital de Tabarre de Hait\u00ed tras la incursi\u00f3n armada de una veintena de personas que secuestraron a un paciente mientras a\u00fan estaba en el quir\u00f3fano.&nbsp;&nbsp;&nbsp;&nbsp; julio 7, 2023 CDT21:06 (GMT) -0400 La organizaci\u00f3n conden\u00f3 \u201cen\u00e9rgicamente\u201d la agresi\u00f3n que demuestra [&hellip;]<\/p>\n","protected":false},"author":28,"featured_media":452286,"comment_status":"closed","ping_status":"","sticky":true,"template":"","format":"standard","meta":{"footnotes":""},"categories":[112,23,27],"tags":[],"class_list":["post-453019","post","type-post","status-publish","format-standard","has-post-thumbnail","hentry","category-haiti","category-internacional","category-portada"],"_links":{"self":[{"href":"https:\/\/diariodominicano.com\/index.php?rest_route=\/wp\/v2\/posts\/453019","targetHints":{"allow":["GET"]}}],"collection":[{"href":"https:\/\/diariodominicano.com\/index.php?rest_route=\/wp\/v2\/posts"}],"about":[{"href":"https:\/\/diariodominicano.com\/index.php?rest_route=\/wp\/v2\/types\/post"}],"author":[{"embeddable":true,"href":"https:\/\/diariodominicano.com\/index.php?rest_route=\/wp\/v2\/users\/28"}],"replies":[{"embeddable":true,"href":"https:\/\/diariodominicano.com\/index.php?rest_route=%2Fwp%2Fv2%2Fcomments&post=453019"}],"version-history":[{"count":2,"href":"https:\/\/diariodominicano.com\/index.php?rest_route=\/wp\/v2\/posts\/453019\/revisions"}],"predecessor-version":[{"id":453021,"href":"https:\/\/diariodominicano.com\/index.php?rest_route=\/wp\/v2\/posts\/453019\/revisions\/453021"}],"wp:featuredmedia":[{"embeddable":true,"href":"https:\/\/diariodominicano.com\/index.php?rest_route=\/wp\/v2\/media\/452286"}],"wp:attachment":[{"href":"https:\/\/diariodominicano.com\/index.php?rest_route=%2Fwp%2Fv2%2Fmedia&parent=453019"}],"wp:term":[{"taxonomy":"category","embeddable":true,"href":"https:\/\/diariodominicano.com\/index.php?rest_route=%2Fwp%2Fv2%2Fcategories&post=453019"},{"taxonomy":"post_tag","embeddable":true,"href":"https:\/\/diariodominicano.com\/index.php?rest_route=%2Fwp%2Fv2%2Ftags&post=453019"}],"curies":[{"name":"wp","href":"https:\/\/api.w.org\/{rel}","templated":true}]}}