{"id":452942,"date":"2023-07-07T17:30:35","date_gmt":"2023-07-07T21:30:35","guid":{"rendered":"http:\/\/diariodominicano.com\/?p=452942"},"modified":"2023-07-07T17:33:40","modified_gmt":"2023-07-07T21:33:40","slug":"presidente-de-la-academia-de-ciencias-definio-a-joaquin-balaguer-como-el-gran-pensador-de-los-parques-nacionales-y-las-areas-protegidas","status":"publish","type":"post","link":"https:\/\/diariodominicano.com\/?p=452942","title":{"rendered":"Presidente de la Academia de Ciencias defini\u00f3 a Joaqu\u00edn Balaguer como el gran pensador de los Parques Nacionales y las \u00e1reas protegidas"},"content":{"rendered":"\n<p>  Eleuterio Mart\u00ednez <\/p>\n\n\n\n<p><strong>Llam\u00f3 a las autoridades actuales a valorar y preservar el medio ambiente y los recursos naturales por la importancia que tienen para la convivencia de la presente y futuras generaciones<\/strong><\/p>\n\n\n\n<p>El ingeniero forestal Eleuterio Mart\u00ednez, defini\u00f3 al expresidente de la Rep\u00fablica Joaqu\u00edn Balaguer como el gran pensador de los Parques y \u00e1reas protegidas en Rep\u00fablica Dominicana.<\/p>\n\n\n\n<p>Mart\u00ednez consider\u00f3 que gran parte de los aportes hechos por el exjefe de Estado aun juegan roles importantes en la conservaci\u00f3n de los recursos naturales, sobre todo en Santo Domingo, donde propicio lugares como la <strong>\u201cPlaza de la Cultura\u201d<\/strong>, el <strong>\u201cCentro Ol\u00edmpico&nbsp;Juan Pablo Duarte\u201d<\/strong>, los miradores del Este, Norte y Sur, as\u00ed como el parque <strong>\u201cLos tres Ojos\u201d<\/strong>, el <strong>\u201cParque Bot\u00e1nico Nacional\u201d<\/strong>, el <strong>\u201cParque Zool\u00f3gico\u201d<\/strong> y el antiguo <strong>\u201cJard\u00edn Zool\u00f3gico y Bot\u00e1nico<\/strong>\u201d, entre otros.<\/p>\n\n\n\n<p>Record\u00f3 que en su af\u00e1n por la preservaci\u00f3n del ambiente el exmandatario cre\u00f3 la iniciativa <strong>\u201cCintur\u00f3n Verde de Santo Domingo\u201d<\/strong>,que comprend\u00eda una serie de \u00e1reas verdes y el <strong>\u201cParque Litoral Sur de la Ciudad de Santo Domingo\u201d<\/strong> que abarcaban toda la vista hacia el litoral costero de la ciudad a poco m\u00e1s de un a\u00f1o de asumir el poder en 1966.<\/p>\n\n\n\n<p>Se\u00f1ala que entre los objetivos que ten\u00eda ese proyecto&nbsp;estaba que al recorrer los 34 kil\u00f3metros de v\u00edas trazadas a orillas del mar nunca se perdiera la vista a este, tomando en cuenta que la capital dominicana tiene la particularidad de estar frente al mar, condici\u00f3n que pocos pa\u00edses pueden exhibir, sin embargo, dice que ese privilegio se est\u00e1 perdiendo por el desarrollo urban\u00edstico que existe y que no toma en cuenta esa caracter\u00edstica a la hora de edificar.<\/p>\n\n\n\n<p>\u201cYo me quito el sombrero para hablar de Balaguer con respecto a las \u00e1reas protegidas y parques nacionales, no es que yo sea un gran admirador de lo que fue su figura hist\u00f3rica, pero el componente de la naturaleza es una realidad y est\u00e1 ah\u00ed\u201d, dijo Mart\u00ednez.<\/p>\n\n\n\n<p>Indic\u00f3 que el compromiso que asumi\u00f3 Joaqu\u00edn Balaguer con el cuidado de la naturaleza lo llev\u00f3 a crear el Consejo Nacional de Asuntos Urbanos (CONAU) compuesto por arquitectos urbanistas de gran formaci\u00f3n y que pensaban la ciudad con criterio de mantener el esplendor natural que pose\u00eda.<\/p>\n\n\n\n<figure class=\"wp-block-image size-large\"><img loading=\"lazy\" decoding=\"async\" width=\"803\" height=\"1024\" src=\"https:\/\/diariodominicano.com\/wp-content\/uploads\/2023\/07\/DSCN4238-803x1024.jpg\" alt=\"\" class=\"wp-image-452947\" srcset=\"https:\/\/diariodominicano.com\/wp-content\/uploads\/2023\/07\/DSCN4238-803x1024.jpg 803w, https:\/\/diariodominicano.com\/wp-content\/uploads\/2023\/07\/DSCN4238-235x300.jpg 235w, https:\/\/diariodominicano.com\/wp-content\/uploads\/2023\/07\/DSCN4238-768x979.jpg 768w, https:\/\/diariodominicano.com\/wp-content\/uploads\/2023\/07\/DSCN4238-1205x1536.jpg 1205w, https:\/\/diariodominicano.com\/wp-content\/uploads\/2023\/07\/DSCN4238-1606x2048.jpg 1606w, https:\/\/diariodominicano.com\/wp-content\/uploads\/2023\/07\/DSCN4238-816x1040.jpg 816w, https:\/\/diariodominicano.com\/wp-content\/uploads\/2023\/07\/DSCN4238-scaled.jpg 2008w\" sizes=\"auto, (max-width: 803px) 100vw, 803px\" \/><figcaption>Conversaci\u00f3n con Eleuterio Mart\u00ednez en el programa \u00abDejando Huellas\u00bb<\/figcaption><\/figure>\n\n\n\n<p>Cit\u00f3 decretos trascendentes como el 1309-95 con el que se recuper\u00f3 a Islas Catalinas que ya estaba siendo explotada por consorcios extranjeros a la que no ten\u00edan acceso los ciudadanos dominicanos y otras disposiciones que hicieron posible que al t\u00e9rmino de sus mandatos hubiera la mayor parte de las 122 \u00e1reas protegidas que actualmente tiene Rep\u00fablica Dominicana.<\/p>\n\n\n\n<p>Explic\u00f3 que entre esas \u00e1reas hay desde parques nacionales hasta fuentes acu\u00edferas en todo el pa\u00eds y lugares que actualmente tienen trascendencia tur\u00edstica internacional porque se dispuso su conservaci\u00f3n.<\/p>\n\n\n\n<p>Lamenta que no pudiera d\u00e1rsele continuidad a proyectos como los parques \u201c<strong>Litoral Sur y La Caleta\u201d<\/strong> y otros que hoy lucen abandonados a pesar de la gran inversi\u00f3n que representaron para el estado y llam\u00f3 a las autoridades a que se interesen en el tema y dispongan medidas para salvaguardar los recursos con que aun contamos, por la importancia que revisten.<\/p>\n\n\n\n<p>Los <strong>\u201cBancos de La Plata y La Navidad\u201d<\/strong> <\/p>\n\n\n\n<p>Encarg\u00f3 al urbanista Pablo Mella y al ingeniero Milton Ginebra lo que llam\u00f3 la ciudad de los pescadores con puertos y aeropuerto, hoteles y la hilera de puentes que enlazan los callos que hoy es un s\u00edmbolo de Santa Barbara de Saman\u00e1, el <strong>\u201cSantuario Mar\u00edtimo Marino\u201d<\/strong> de Saman\u00e1 inicialmente con una extensi\u00f3n 3800 kil\u00f3metros cuadrados y luego con el decreto 221 lo llev\u00f3 a 25 mil kil\u00f3metros cuadrados que es m\u00e1s de la mitad del territorio nacional como una muestra de su visi\u00f3n a pesar de estar ciego resalt\u00f3 que Saman\u00e1 es uno de los principales puntos de desarrollo tur\u00edsticos convirti\u00e9ndolo en uno de los sitios m\u00e1s visitados por considerarlo como uno de los mejores lugares del mundo para la observaci\u00f3n de las\u00a0<em>ballenas<\/em>\u00a0jorobadas, el ingeniero Mart\u00ednez dijo enorgullecerse de haber \u00a0tenido la oportunidad de haber sido asesor y consultor de Joaqu\u00edn Balaguer como profesional en su \u00e1rea en la mayor\u00eda de los proyectos de creaci\u00f3n de Parques Nacionales y \u00e1reas protegidas que \u00e9l ten\u00eda en mente y que tuvo la oportunidad de desarrollar como un gran estadista.<\/p>\n\n\n\n<p>Onorio Mont\u00e1s<a target=\"_blank\" href=\"mailto:dejandohuellasfm@gmail.com\" rel=\"noreferrer noopener\">dejandohuellasfm@gmail.com<\/a><\/p>\n","protected":false},"excerpt":{"rendered":"<p>Eleuterio Mart\u00ednez Llam\u00f3 a las autoridades actuales a valorar y preservar el medio ambiente y los recursos naturales por la importancia que tienen para la convivencia de la presente y futuras generaciones El ingeniero forestal Eleuterio Mart\u00ednez, defini\u00f3 al expresidente de la Rep\u00fablica Joaqu\u00edn Balaguer como el gran pensador de los Parques y \u00e1reas protegidas [&hellip;]<\/p>\n","protected":false},"author":28,"featured_media":452943,"comment_status":"closed","ping_status":"","sticky":true,"template":"","format":"standard","meta":{"footnotes":""},"categories":[36,20,27,32],"tags":[],"class_list":["post-452942","post","type-post","status-publish","format-standard","has-post-thumbnail","hentry","category-hombresmujeresycosas","category-dominicana-hoy","category-portada","category-turismo"],"_links":{"self":[{"href":"https:\/\/diariodominicano.com\/index.php?rest_route=\/wp\/v2\/posts\/452942","targetHints":{"allow":["GET"]}}],"collection":[{"href":"https:\/\/diariodominicano.com\/index.php?rest_route=\/wp\/v2\/posts"}],"about":[{"href":"https:\/\/diariodominicano.com\/index.php?rest_route=\/wp\/v2\/types\/post"}],"author":[{"embeddable":true,"href":"https:\/\/diariodominicano.com\/index.php?rest_route=\/wp\/v2\/users\/28"}],"replies":[{"embeddable":true,"href":"https:\/\/diariodominicano.com\/index.php?rest_route=%2Fwp%2Fv2%2Fcomments&post=452942"}],"version-history":[{"count":5,"href":"https:\/\/diariodominicano.com\/index.php?rest_route=\/wp\/v2\/posts\/452942\/revisions"}],"predecessor-version":[{"id":452949,"href":"https:\/\/diariodominicano.com\/index.php?rest_route=\/wp\/v2\/posts\/452942\/revisions\/452949"}],"wp:featuredmedia":[{"embeddable":true,"href":"https:\/\/diariodominicano.com\/index.php?rest_route=\/wp\/v2\/media\/452943"}],"wp:attachment":[{"href":"https:\/\/diariodominicano.com\/index.php?rest_route=%2Fwp%2Fv2%2Fmedia&parent=452942"}],"wp:term":[{"taxonomy":"category","embeddable":true,"href":"https:\/\/diariodominicano.com\/index.php?rest_route=%2Fwp%2Fv2%2Fcategories&post=452942"},{"taxonomy":"post_tag","embeddable":true,"href":"https:\/\/diariodominicano.com\/index.php?rest_route=%2Fwp%2Fv2%2Ftags&post=452942"}],"curies":[{"name":"wp","href":"https:\/\/api.w.org\/{rel}","templated":true}]}}