{"id":45293,"date":"2019-03-12T10:08:15","date_gmt":"2019-03-12T10:08:15","guid":{"rendered":"http:\/\/diariodominicano.ddns.net\/?p=45293"},"modified":"2019-03-12T10:08:15","modified_gmt":"2019-03-12T10:08:15","slug":"ejemplo-de-sensatez-y-flexibilidad","status":"publish","type":"post","link":"https:\/\/diariodominicano.com\/?p=45293","title":{"rendered":"EJEMPLO DE SENSATEZ Y FLEXIBILIDAD"},"content":{"rendered":"<p><body><\/p>\n<p>EL TIRO RAPIDO<\/p>\n<\/p>\n<\/p>\n<\/p>\n<p>En d\u00edas recientes nos hicimos eco de la denuncia de Agentes, Representantes y Productores Farmac\u00e9uticos (ARAPF),  la Industria Farmac\u00e9utica Dominicana (INFADOMI) y la Asociaci\u00f3n Dominicana de Suministros de Medicinas (ADOSUME) sobre el alza del impuesto original del 3 al 18 por ciento dispuesto por la Direcci\u00f3n General de Aduanas a la importaci\u00f3n de vitaminas, advirtiendo del impacto negativo que tendr\u00eda en los precios de esos productos de salud de tan elevado consumo popular.<\/p>\n<\/p>\n<\/p>\n<p>Dijimos entonces que las vitaminas estaban consideradas como medicamentos y deb\u00edan seguir recibiendo el mismo tratamiento aplicado a estos, o sea, gravados con el impuesto del 3 por ciento.  Para ello sobraban razones.<\/p>\n<\/p>\n<\/p>\n<p>Por un lado tal es la clasificaci\u00f3n que les otorga el Ministerio de Salud P\u00fablica.   Y por otra parte, las vitaminas constituyen un complemento de salud, y en muchos casos, una necesidad indispensable para asegurar o  contribuir a  recuperar la misma, seg\u00fan se requiera. <\/p>\n<\/p>\n<\/p>\n<p>En tal sentido  mencion\u00e1bamos varios de los m\u00e1s frecuentes casos espec\u00edficos en que los m\u00e9dicos recomiendan y recetan la administraci\u00f3n de vitaminas a los pacientes.  Algunos de tales: menores desnutridos o que muestran retardo en su normal desarrollo; mujeres embarazadas, antes y despu\u00e9s del parto; personas de la tercera edad y ancianos; enfermos en proceso de restablecimiento.   La menci\u00f3n de estos ejemplos no es excluyente.<\/p>\n<\/p>\n<\/p>\n<p>Para entonces, ya las asociaciones mencionadas anteriormente hab\u00edan solicitado una entrevista con el Director General de Aduanas, Enrique Ram\u00edrez Paniagua, a fin de discutir el tema y los perjuicios que desde el punto de vista econ\u00f3mico pudieran derivarse para los compradores de vitaminas.  Ten\u00edamos la esperanza de que en ese encuentro, por v\u00eda del di\u00e1logo, se produjese la revocaci\u00f3n de la medida. <\/p>\n<\/p>\n<\/p>\n<p>Por suerte, as\u00ed ha ocurrido.  Y al acoger las razones de peso que lo aconsejaban, el Director General de Aduanas no solo toma una decisi\u00f3n correcta sino que  env\u00eda adem\u00e1s una positiva se\u00f1al de flexibilidad y sensatez que debe servir de ejemplo a los funcionarios p\u00fablicos en el desempe\u00f1o de sus cargos para no tener temor en  rectificar en aquellos casos y ocasiones que lo ameriten, conscientes de que firmeza no  se conjuga como intransigencia ni  resultan sin\u00f3nimos, y que al hacerlo as\u00ed no pierden autoridad, mientras por el contrario, ganan respeto.<\/p>\n<\/p>\n<\/p>\n<p>Una vieja y muy conocida frase postula que \u00abla gente hablando se entiende\u00bb.  Esa m\u00e1xima fue de sabia aplicaci\u00f3n en este caso y es de desear  que  ojal\u00e1 sirva de ejemplo para todos los funcionarios que en sus respectivos cargos tienen la facultad de toma de decisiones.  Esto as\u00ed, en tanto se trata de un positivo ejercicio de aplicaci\u00f3n permanente   para tratar de solventar problemas con sentido de cordura y justeza tanto como  dirimir conflictos sin que la sangre llegue al r\u00edo. Es algo que lamentablemente olvidamos  con creciente frecuencia  y una recomendable pr\u00e1ctica que cada vez ha ido cayendo en mayor desuso.<\/p>\n<\/p>\n<\/p>\n<h6> 2019-03-12 10:08:15 <\/h6>\n<p><!--\n<link rel=\"stylesheet\" href=\"css\/bootstrap.min.css\">\n\n\n<ul class=\"pagination\">\n\t    \n\t\n\n<li >\n\t<a href='?page_no=801'>Previous<\/a>\n\t<\/li>\n\n\n       \n    \n\n<li><a href='?page_no=1'>1<\/a><\/li>\n\n\n\n<li><a href='?page_no=2'>2<\/a><\/li>\n\n\n\n<li><a>...<\/a><\/li>\n\n\n\n<li><a href='?page_no=800'>800<\/a><\/li>\n\n\n\n<li><a href='?page_no=801'>801<\/a><\/li>\n\n\n\n<li class='active'><a>802<\/a><\/li>\n\n\n\n<li><a href='?page_no=803'>803<\/a><\/li>\n\n\n\n<li><a href='?page_no=804'>804<\/a><\/li>\n\n\n\n<li><a>...<\/a><\/li>\n\n\n\n<li><a href='?page_no=13611'>13611<\/a><\/li>\n\n\n\n<li><a href='?page_no=13612'>13612<\/a><\/li>\n\n    \n\t\n\n<li >\n\t<a href='?page_no=803'>Next<\/a>\n\t<\/li>\n\n\n    \n\n<li><a href='?page_no=13612'>Last &rsaquo;&rsaquo;<\/a><\/li>\n\n<\/ul>\n\n\n--><br \/>\n<\/body><\/p>\n","protected":false},"excerpt":{"rendered":"<p>EL TIRO RAPIDO En d\u00edas recientes nos hicimos eco de la denuncia de Agentes, Representantes y Productores Farmac\u00e9uticos (ARAPF), la Industria Farmac\u00e9utica Dominicana (INFADOMI) y la Asociaci\u00f3n Dominicana de Suministros de Medicinas (ADOSUME) sobre el alza del impuesto original del 3 al 18 por ciento dispuesto por la Direcci\u00f3n General de Aduanas a la importaci\u00f3n [&hellip;]<\/p>\n","protected":false},"author":3,"featured_media":0,"comment_status":"open","ping_status":"open","sticky":false,"template":"","format":"standard","meta":{"footnotes":""},"categories":[16],"tags":[],"class_list":["post-45293","post","type-post","status-publish","format-standard","hentry","category-opiniones"],"_links":{"self":[{"href":"https:\/\/diariodominicano.com\/index.php?rest_route=\/wp\/v2\/posts\/45293","targetHints":{"allow":["GET"]}}],"collection":[{"href":"https:\/\/diariodominicano.com\/index.php?rest_route=\/wp\/v2\/posts"}],"about":[{"href":"https:\/\/diariodominicano.com\/index.php?rest_route=\/wp\/v2\/types\/post"}],"author":[{"embeddable":true,"href":"https:\/\/diariodominicano.com\/index.php?rest_route=\/wp\/v2\/users\/3"}],"replies":[{"embeddable":true,"href":"https:\/\/diariodominicano.com\/index.php?rest_route=%2Fwp%2Fv2%2Fcomments&post=45293"}],"version-history":[{"count":0,"href":"https:\/\/diariodominicano.com\/index.php?rest_route=\/wp\/v2\/posts\/45293\/revisions"}],"wp:attachment":[{"href":"https:\/\/diariodominicano.com\/index.php?rest_route=%2Fwp%2Fv2%2Fmedia&parent=45293"}],"wp:term":[{"taxonomy":"category","embeddable":true,"href":"https:\/\/diariodominicano.com\/index.php?rest_route=%2Fwp%2Fv2%2Fcategories&post=45293"},{"taxonomy":"post_tag","embeddable":true,"href":"https:\/\/diariodominicano.com\/index.php?rest_route=%2Fwp%2Fv2%2Ftags&post=45293"}],"curies":[{"name":"wp","href":"https:\/\/api.w.org\/{rel}","templated":true}]}}