{"id":452735,"date":"2023-07-06T19:50:54","date_gmt":"2023-07-06T23:50:54","guid":{"rendered":"http:\/\/diariodominicano.com\/?p=452735"},"modified":"2023-07-06T19:50:54","modified_gmt":"2023-07-06T23:50:54","slug":"segunda-sala-de-la-suprema-corte-de-justicia-le-impuso-este-jueves-medida-de-coercion-a-pareja-de-esposos-imputados-cabecilla-de-red-de-trata-de-personas-desmantelada-en-operacion-conjunta-entre-rd-y","status":"publish","type":"post","link":"https:\/\/diariodominicano.com\/?p=452735","title":{"rendered":"Segunda Sala de la Suprema Corte de Justicia le impuso este jueves medida de coerci\u00f3n a pareja de esposos imputados cabecilla de red de trata de personas desmantelada en operaci\u00f3n conjunta entre RD y Francia \u00a0"},"content":{"rendered":"\n<p><strong> <\/strong><\/p>\n\n\n\n<p>SANTO DOMINGO, Rep\u00fablica Dominicana.-Al acoger la solicitud del Ministerio P\u00fablico, la Segunda Sala de la Suprema Corte de Justicia le impuso este jueves medida de coerci\u00f3n a una pareja de esposos arrestada durante la operaci\u00f3n conjunta entre\u00a0 la Rep\u00fablica Dominicana y Francia que llev\u00f3 a la desarticulaci\u00f3n de una red de trata y tr\u00e1fico de personas en la naci\u00f3n europea, que era dirigida desde territorio dominicano.\u00a0<\/p>\n\n\n\n<p>Jos\u00e9 Antonio Tapia Mart\u00ednez recibi\u00f3 como medida de coerci\u00f3n prisi\u00f3n preventiva para cumplirla en el Centro de Correcci\u00f3n y Rehabilitaci\u00f3n Rafey Hombres, en Santiago, mientras que a su pareja Evelyn Jim\u00e9nez Carela le fue impuesto el arresto domiciliario. &nbsp;<\/p>\n\n\n\n<p>Tapia Mart\u00ednez y Jim\u00e9nez Carela, identificados como cabeza de la red, quienes fueron arrestados en La Vega, ser\u00e1n extraditados hacia Francia a solicitud de esta naci\u00f3n.&nbsp;<\/p>\n\n\n\n<p>Los jueces Francisco P\u00e9rez Mena, Pedro S\u00e1nchez y Fran Soto impusieron las medidas de coerci\u00f3n y fijaron la audiencia para conocer el fondo de la extradici\u00f3n para el pr\u00f3ximo 8 de agosto, a partir de las 12:00 del mediod\u00eda.&nbsp;<\/p>\n\n\n\n<p>Adem\u00e1s de la pareja de esposos, en el transcurso de las pesquisas fueron arrestados en Francia los miembros de la red Floricel Miguelina Suero Liranzo y Juan Francisco Monegro Peralta, por igual otros arrestos adem\u00e1s de Francia y Rep\u00fablica Dominicana se han ejecutado en Espa\u00f1a e Italia.&nbsp;<\/p>\n\n\n\n<p>Durante las labores realizadas en Francia para la desarticulaci\u00f3n de la red fueron rescatadas 41 v\u00edctimas, de nacionalidad venezolana, colombiana, brasile\u00f1a y dominicana.&nbsp;<\/p>\n\n\n\n<p>Las investigaciones iniciaron en mayo del pasado a\u00f1o, al establecerse que una red de trata de personas controlada desde Rep\u00fablica Dominicana explotaba a decenas de mujeres sudamericanas en diferentes ciudades de Francia, luego de que se detectaran anuncios de servicios de prostituci\u00f3n en distintas webs especializadas.&nbsp;<\/p>\n\n\n\n<p>La procuradora de corte Yoanna Bejar\u00e1n \u00c1lvarez, titular de la Procuradur\u00eda Especializada contra el Tr\u00e1fico Il\u00edcito de Migrantes y Trata de Personas (PETT), quien form\u00f3 parte de un equipo del Ministerio P\u00fablico que viaj\u00f3 a Francia para coordinar los trabajos en ese pa\u00eds, explic\u00f3 que la Rep\u00fablica Dominicana colabor\u00f3 en esa operaci\u00f3n con personal de tres de sus procuradur\u00edas especializadas.&nbsp;<\/p>\n\n\n\n<p>\u201cEquipos de las procuradur\u00edas especializadas contra el Tr\u00e1fico Il\u00edcito de Migrantes y Trata de Personas (PETT), la de Antilavado de Activos y Financiamiento del Terrorismo, por el tema de los bienes, y de Cr\u00edmenes y Delitos de Alta Tecnolog\u00eda (Pedatec), porque se sub\u00edan algunas informaciones, las promociones y los servicios a trav\u00e9s de las p\u00e1ginas y las redes\u201d, detall\u00f3 a trav\u00e9s de un comunicado de prensa.&nbsp;<\/p>\n\n\n\n<p>\u201cLos objetivos principales de la red fueron arrestados en Rep\u00fablica Dominicana, espec\u00edficamente en La Vega\u201d, dijo la titular de la PETT sobre el arresto de los cabecillas de la red.&nbsp;<\/p>\n\n\n\n<p>Bejar\u00e1n \u00c1lvarez agreg\u00f3 que participaron fiscales de Rep\u00fablica Dominicana e igualmente dijo que fiscales de la Rep\u00fablica Dominicana se trasladaron a Francia para participar.&nbsp;<\/p>\n\n\n\n<p>Adem\u00e1s de Bejar\u00e1n \u00c1lvarez, el equipo del Ministerio P\u00fablico dominicano que viaj\u00f3 a Francia y actu\u00f3 en base a la investigaci\u00f3n conjunta estuvo integrado por Ginna Mat\u00edas, de la PETT, y el abogado de Pedatec, Juan Manuel Sena.&nbsp;<\/p>\n\n\n\n<p>Mientras que el equipo del Ministerio P\u00fablico dominicano que trabaj\u00f3 en este pa\u00eds estuvo integrado por Mar\u00eda del Carmen de Le\u00f3n y Noelia Taveras, por la PETT; Claudio Cordero y Pelagio Alc\u00e1ntara, de Antilavado, y Merlin Mateo, de Pedatec.&nbsp;<\/p>\n\n\n\n<p>El equipo de investigadores judiciales de la PETT estuvo comandado por el capit\u00e1n D\u00edaz, de la Polic\u00eda Nacional.&nbsp;<\/p>\n\n\n\n<p>En las labores de investigaci\u00f3n participaron agentes policiales especializados de Francia, Italia y Espa\u00f1a en Rep\u00fablica Dominicana.&nbsp;<\/p>\n\n\n\n<p>Sobre la red criminal, se estableci\u00f3 que obten\u00eda beneficios anuales de por lo menos dos millones de euros.&nbsp;<\/p>\n\n\n\n<p><strong>Direcci\u00f3n General de Comunicaci\u00f3n, Prensa, y RRPP<\/strong><\/p>\n\n\n\n<p>Ministerio P\u00fablico.&nbsp;R.D.<\/p>\n\n\n\n<p>Jueves, 6 de julio de 2023.<\/p>\n","protected":false},"excerpt":{"rendered":"<p>SANTO DOMINGO, Rep\u00fablica Dominicana.-Al acoger la solicitud del Ministerio P\u00fablico, la Segunda Sala de la Suprema Corte de Justicia le impuso este jueves medida de coerci\u00f3n a una pareja de esposos arrestada durante la operaci\u00f3n conjunta entre\u00a0 la Rep\u00fablica Dominicana y Francia que llev\u00f3 a la desarticulaci\u00f3n de una red de trata y tr\u00e1fico de [&hellip;]<\/p>\n","protected":false},"author":28,"featured_media":396113,"comment_status":"closed","ping_status":"","sticky":true,"template":"","format":"standard","meta":{"footnotes":""},"categories":[24,29,27],"tags":[],"class_list":["post-452735","post","type-post","status-publish","format-standard","has-post-thumbnail","hentry","category-justicia-y-derecho","category-policiasucesos","category-portada"],"_links":{"self":[{"href":"https:\/\/diariodominicano.com\/index.php?rest_route=\/wp\/v2\/posts\/452735","targetHints":{"allow":["GET"]}}],"collection":[{"href":"https:\/\/diariodominicano.com\/index.php?rest_route=\/wp\/v2\/posts"}],"about":[{"href":"https:\/\/diariodominicano.com\/index.php?rest_route=\/wp\/v2\/types\/post"}],"author":[{"embeddable":true,"href":"https:\/\/diariodominicano.com\/index.php?rest_route=\/wp\/v2\/users\/28"}],"replies":[{"embeddable":true,"href":"https:\/\/diariodominicano.com\/index.php?rest_route=%2Fwp%2Fv2%2Fcomments&post=452735"}],"version-history":[{"count":1,"href":"https:\/\/diariodominicano.com\/index.php?rest_route=\/wp\/v2\/posts\/452735\/revisions"}],"predecessor-version":[{"id":452736,"href":"https:\/\/diariodominicano.com\/index.php?rest_route=\/wp\/v2\/posts\/452735\/revisions\/452736"}],"wp:featuredmedia":[{"embeddable":true,"href":"https:\/\/diariodominicano.com\/index.php?rest_route=\/wp\/v2\/media\/396113"}],"wp:attachment":[{"href":"https:\/\/diariodominicano.com\/index.php?rest_route=%2Fwp%2Fv2%2Fmedia&parent=452735"}],"wp:term":[{"taxonomy":"category","embeddable":true,"href":"https:\/\/diariodominicano.com\/index.php?rest_route=%2Fwp%2Fv2%2Fcategories&post=452735"},{"taxonomy":"post_tag","embeddable":true,"href":"https:\/\/diariodominicano.com\/index.php?rest_route=%2Fwp%2Fv2%2Ftags&post=452735"}],"curies":[{"name":"wp","href":"https:\/\/api.w.org\/{rel}","templated":true}]}}