{"id":45270,"date":"2020-09-10T22:06:11","date_gmt":"2020-09-10T22:06:11","guid":{"rendered":"http:\/\/diariodominicano.ddns.net\/?p=45270"},"modified":"2020-09-10T22:06:11","modified_gmt":"2020-09-10T22:06:11","slug":"asamblea-general-con-la-agenda-2030-y-el-covid-19-2","status":"publish","type":"post","link":"https:\/\/diariodominicano.com\/?p=45270","title":{"rendered":"Asamblea General con la Agenda 2030 y el Covid 19"},"content":{"rendered":"<p><body><\/p>\n<p><strong>Diariodominicano.com<\/strong><\/p>\n<p><strong>Asamblea General con la Agenda 2030 y el Covid 19<\/strong><\/p>\n<p><strong> Por: Am\u00edn Cruz<\/strong><\/p>\n<p><strong>4 de 5<\/strong><\/p>\n<\/p>\n<p> \u00abLa humanidad no puede sobrevivir las m\u00faltiples crisis que afronta si no trabaja en conjunto y con respeto a todos los pueblos y toda la vida del planeta\u00bb. Ant\u00f3nio Guterres, Secretario General de Naciones Unidas.<\/p>\n<\/p>\n<p>Durante la Cumbre de Desarrollo Sostenible llevada a cabo del 25 al 27 de septiembre de 2015 en la sede de la ONU en Nueva York, y en resoluci\u00f3n con fecha 25 del mismo mes del a\u00f1o, la Asamblea General de las Naciones Unidas aprob\u00f3 la Agenda 2030 para el Desarrollo Sostenible, en ella se estableci\u00f3 un mapa de navegaci\u00f3n para la transformaci\u00f3n econ\u00f3mica, social y ambiental con 17 Objetivos de Desarrollo Sostenible.<\/p>\n<\/p>\n<p>Ese compromiso internacional de la ONU es hacer frente a los retos sociales, econ\u00f3micos y medioambientales de la globalizaci\u00f3n, poniendo en el centro a las personas, el planeta, la prosperidad y la paz, as\u00ed como inclusi\u00f3n social, la prosperidad, la protecci\u00f3n del medio ambiente, y el respeto a los derechos humanos, bajo la voluntad de fortalecer la paz universal y el acceso a la justicia y reconociendo la erradicaci\u00f3n de la pobreza en todas sus formas y dimensiones, es el mayor desaf\u00edo que enfrenta el mundo, y constituye un requisito indispensable para el desarrollo sostenible, construida a nivel global promoviendo la inclusi\u00f3n participativa de cada uno de los sectores de la sociedad.<\/p>\n<\/p>\n<p>Todo estaba marchando bien, los gobiernos acordaron todo tipo de tratados ambiciosos, incluido el Acuerdo de Par\u00eds sobre cambio clim\u00e1tico, el Marco de Sendai para la reducci\u00f3n del riesgo de desastres y la Agenda de Acci\u00f3n de Addis Abeba para financiar el desarrollo; por lo que este a\u00f1o 2020 nos han puesto de rodillas el Covid, un virus microsc\u00f3pico \u00abel coronavirus\u00bb, rompe el paradigma y nos ha revelado la fragilidad de nuestro mundo ha propinado un fuerte golpe a las aspiraciones de Naciones Unidas para cumplir con la Agenda 2030.<\/p>\n<\/p>\n<p>Esto ha obligado a los pa\u00edses, entidades a restablecer sus prioridades y asignar recursos para enfrentar la pandemia y los ODS han pasado a un segundo plano, despu\u00e9s de cinco a\u00f1os intentando que pasaran al primero de igual manera ha generado una crisis sanitaria, econ\u00f3mica y social de enorme magnitud volviendo a demostrar, una vez m\u00e1s que detr\u00e1s de cada crisis, hay una llamada a la \u00e9tica del civismo y a la responsabilidad colectiva e individual, y aunque la agenda global se vaya a reordenar tras esta pandemia, no podemos retroceder en otras batallas abiertas y necesarias, como las que libramos contra el cambio clim\u00e1tico o la desigualdad, y tendremos la necesidad de fortalecer la cooperaci\u00f3n multilateral, la gobernanza y, sobre todo, la solidaridad mundial.<\/p>\n<\/p>\n<p>Nada ser\u00e1 igual una vez superada la pandemia derivada por el COVID-19, la emergencia sanitaria pasar\u00e1, desgraciadamente con centenas de miles o un mill\u00f3n de muertos, entrando en  el calvario econ\u00f3mico-financiero, ya iniciado en muchos casos, demostrado c\u00f3mo la prevalencia de la pobreza, los sistemas de salud d\u00e9biles, la falta de educaci\u00f3n y de cooperaci\u00f3n global agravan la crisis, la volatilidad, combinada en algunos pa\u00edses con la manipulaci\u00f3n del mercado y del almacenamiento, ha afectado los precios de los alimentos, con efectos nocivos sobre la nutrici\u00f3n de los m\u00e1s vulnerables d\u00f3nde en vez de morir del COVID-19 morir\u00e1n de hambre.<\/p>\n<\/p>\n<p>Por ello se debe responder urgentemente y frenar los efectos de la pandemia, y al mismo tiempo ayudar en la actuaci\u00f3n de los gobiernos y a la poblaci\u00f3n para que puedan recuperar un futuro mejor y m\u00e1s resistente, es necesario orientarnos, reconstruirnos y transformando nuestro mundo en el de Desarrollo Sostenible de la Agenda 2030, ya que no podemos volver a un modelo de producci\u00f3n y consumo que destruye la biodiversidad y genera el calentamiento global, no podemos volver a un modelo que pone el mercado en el centro en vez de poner el cuidado de las vidas en el centro, no podemos volver a un modelo individualista que no defiende la salud, la educaci\u00f3n como bienes p\u00fablicos, no podemos volver a un modelo donde los derechos humanos se ven vulnerados cada d\u00eda, no podemos volver a un modelo donde las mujeres sufren discriminaci\u00f3n y violencias por el hecho de ser mujeres.<\/p>\n<\/p>\n<p>Las Naciones Unidas, ONU, tiene que aceleraci\u00f3n y transformaci\u00f3n a ahora en la Asamblea General y reingenierizar los objetivos clave a trabajar para no dejar a nadie atr\u00e1s, todos los pa\u00edses est\u00e1n pasando por la misma crisis, uno m\u00e1s otro menos, pero hay que apremiar y lograr un mundo m\u00e1s sostenible en el transcurrir de la Agenda 2030, transformando ser sociedades m\u00e1s inclusivas, sostenibles y resilientes y por una humanidad que sea, cada d\u00eda m\u00e1s, una familia solidaria y justa. \u00abEl futuro pertenece a quienes creen en la belleza de los sue\u00f1os, reanudamos el camino hacia el 2030\u00bb.<\/p>\n<\/p>\n<p>\u00a1<strong>Nadie puede quedar olvidado!; \u00a1Ni naciones, ni pueblos, ni grupos, ni personas pueden quedar olvidados!<\/strong><\/p>\n<p><strong> <\/strong><\/p>\n<p><strong>Dr. Am\u00edn Cruz, PhD, es diplom\u00e1tico, periodista, historiador, educador y escritor residente en New York. <\/strong><\/p>\n<\/p>\n<h6> 2020-09-10 22:06:11 <\/h6>\n<p><!--\n<link rel=\"stylesheet\" href=\"css\/bootstrap.min.css\">\n\n\n<ul class=\"pagination\">\n\t    \n\t\n\n<li >\n\t<a href='?page_no=79'>Previous<\/a>\n\t<\/li>\n\n\n       \n    \n\n<li><a href='?page_no=1'>1<\/a><\/li>\n\n\n\n<li><a href='?page_no=2'>2<\/a><\/li>\n\n\n\n<li><a>...<\/a><\/li>\n\n\n\n<li><a href='?page_no=78'>78<\/a><\/li>\n\n\n\n<li><a href='?page_no=79'>79<\/a><\/li>\n\n\n\n<li class='active'><a>80<\/a><\/li>\n\n\n\n<li><a href='?page_no=81'>81<\/a><\/li>\n\n\n\n<li><a href='?page_no=82'>82<\/a><\/li>\n\n\n\n<li><a>...<\/a><\/li>\n\n\n\n<li><a href='?page_no=13611'>13611<\/a><\/li>\n\n\n\n<li><a href='?page_no=13612'>13612<\/a><\/li>\n\n    \n\t\n\n<li >\n\t<a href='?page_no=81'>Next<\/a>\n\t<\/li>\n\n\n    \n\n<li><a href='?page_no=13612'>Last &rsaquo;&rsaquo;<\/a><\/li>\n\n<\/ul>\n\n\n--><br \/>\n<\/body><\/p>\n","protected":false},"excerpt":{"rendered":"<p>Diariodominicano.com Asamblea General con la Agenda 2030 y el Covid 19 Por: Am\u00edn Cruz 4 de 5 \u00abLa humanidad no puede sobrevivir las m\u00faltiples crisis que afronta si no trabaja en conjunto y con respeto a todos los pueblos y toda la vida del planeta\u00bb. Ant\u00f3nio Guterres, Secretario General de Naciones Unidas. Durante la Cumbre [&hellip;]<\/p>\n","protected":false},"author":3,"featured_media":0,"comment_status":"open","ping_status":"open","sticky":false,"template":"","format":"standard","meta":{"footnotes":""},"categories":[16],"tags":[],"class_list":["post-45270","post","type-post","status-publish","format-standard","hentry","category-opiniones"],"_links":{"self":[{"href":"https:\/\/diariodominicano.com\/index.php?rest_route=\/wp\/v2\/posts\/45270","targetHints":{"allow":["GET"]}}],"collection":[{"href":"https:\/\/diariodominicano.com\/index.php?rest_route=\/wp\/v2\/posts"}],"about":[{"href":"https:\/\/diariodominicano.com\/index.php?rest_route=\/wp\/v2\/types\/post"}],"author":[{"embeddable":true,"href":"https:\/\/diariodominicano.com\/index.php?rest_route=\/wp\/v2\/users\/3"}],"replies":[{"embeddable":true,"href":"https:\/\/diariodominicano.com\/index.php?rest_route=%2Fwp%2Fv2%2Fcomments&post=45270"}],"version-history":[{"count":0,"href":"https:\/\/diariodominicano.com\/index.php?rest_route=\/wp\/v2\/posts\/45270\/revisions"}],"wp:attachment":[{"href":"https:\/\/diariodominicano.com\/index.php?rest_route=%2Fwp%2Fv2%2Fmedia&parent=45270"}],"wp:term":[{"taxonomy":"category","embeddable":true,"href":"https:\/\/diariodominicano.com\/index.php?rest_route=%2Fwp%2Fv2%2Fcategories&post=45270"},{"taxonomy":"post_tag","embeddable":true,"href":"https:\/\/diariodominicano.com\/index.php?rest_route=%2Fwp%2Fv2%2Ftags&post=45270"}],"curies":[{"name":"wp","href":"https:\/\/api.w.org\/{rel}","templated":true}]}}