{"id":45247,"date":"2019-03-14T12:45:55","date_gmt":"2019-03-14T12:45:55","guid":{"rendered":"http:\/\/diariodominicano.ddns.net\/?p=45247"},"modified":"2019-03-14T12:45:55","modified_gmt":"2019-03-14T12:45:55","slug":"la-sequia-y-el-cambio-climatico","status":"publish","type":"post","link":"https:\/\/diariodominicano.com\/?p=45247","title":{"rendered":"LA SEQUIA Y EL CAMBIO CLIMATICO"},"content":{"rendered":"<p><body><\/p>\n<p><strong> EL TIRO RAPIDO<\/strong><\/p>\n<\/p>\n<p><strong> Mario Rivadulla<\/strong><\/p>\n<\/p>\n<p>El pa\u00eds est\u00e1 atravesando por una de las peores sequ\u00edas de los \u00faltimos a\u00f1os.  La falta de lluvia se ha dejado sentir sobre todo en la L\u00ednea Noroeste, donde el sector ganadero registra p\u00e9rdidas millonarias.  Cultivos que requieren de un alto aporte de agua est\u00e1n tambi\u00e9n sufriendo los efectos de la carest\u00eda del preciado l\u00edquido.  Pero los mismos ya se van sintiendo en el resto del pa\u00eds.<\/p>\n<\/p>\n<\/p>\n<p>El martes se ofreci\u00f3 la informaci\u00f3n de que apenas dos de las treinta y cuatro presas con que cuenta el pa\u00eds disponen de reserva de agua.  Pero se trata de una cantidad limitada.  La de Hatillo da para 145 d\u00edas, en tanto a la de Valdesia le resta para 85.   Seg\u00fan el director de la CAASD, en el Gran Santo Domingo, donde habita una tercera parte de la poblaci\u00f3n del pa\u00eds, el suministro diario acusa una merma de cincuenta a sesenta millones de galones diarios.<\/p>\n<\/p>\n<\/p>\n<p>Por otro lado, las perspectivas, al menos a corto plazo, no son precisamente auspiciosas.  La Oficina Nacional de Meteorolog\u00eda reporta unos escasos chubascos en apenas un par de provincias.   Y no parece haber se\u00f1ales de que la situaci\u00f3n pueda registrar un cambio significativo en los pr\u00f3ximos d\u00edas.<\/p>\n<\/p>\n<\/p>\n<p>Se impone por consiguiente, insistir una vez m\u00e1s, en la necesidad de ahorrar el agua, haciendo un uso racional de la misma y evitando todo desperdicio.  El reclamo es v\u00e1lido sobre todo para los sectores adonde no se siente la carest\u00eda, que ahora mismo afecta a unas ochenta barriadas de la parte alta de la capital.  La circunstancia favorable, privilegiada inclusive, de disponer de agua suficiente no exime la obligaci\u00f3n solidaria de no hacer un uso dispendioso del preciado l\u00edquido. <\/p>\n<\/p>\n<\/p>\n<p>En este orden corresponde a los especialistas en materia ambiental evaluar hasta qu\u00e9 punto el cambio clim\u00e1tico pudiera estar incidiendo tanto en la prolongaci\u00f3n y agudeza de los per\u00edodos de sequ\u00eda como del r\u00e9gimen de lluvias cuya m\u00e1s reciente etapa alcanz\u00f3 niveles sin precedentes que provocaron cuantiosos da\u00f1os.    Y en este mismo orden, qu\u00e9 pudiera esperarnos en el futuro inmediato.<\/p>\n<\/p>\n<\/p>\n<p>Porque el calentamiento global es una realidad innegable que hoy ya pocos obstinados se atreven a poner en duda, como lo es tambi\u00e9n el aumento del nivel de las aguas oce\u00e1nicas.  Y de esa inescapable realidad, nuestro pa\u00eds forma parte  significativa al figurar en la lista de los diez considerados m\u00e1s vulnerables a sus efectos a nivel mundial. <\/p>\n<\/p>\n<\/p>\n<p>Hay sobrada evidencia y sobradas tambi\u00e9n voces de alerta para que estemos preparados a fin de  afrontar ese riesgo adoptando todas las mayores previsiones para tratar de minimizar sus efectos, tomando en cuenta la negativa circunstancia del grav\u00edsimo estado de  devastaci\u00f3n forestal que presenta la casi totalidad del vecino territorio haitiano.<\/p>\n<\/p>\n<\/p>\n<p>Una situaci\u00f3n ajena a nuestra voluntad  y capacidad de manejo, a cuyos efectos no podemos sustraernos, lo que nos obliga a redoblar esfuerzos y previsiones para afrontar el reto del cambio clim\u00e1tico, a partir de esa desfavorable realidad.<\/p>\n<\/p>\n<\/p>\n<\/p>\n<\/p>\n<p>&#8230;<\/p>\n<h6> 2019-03-14 12:45:55 <\/h6>\n<p><!--\n<link rel=\"stylesheet\" href=\"css\/bootstrap.min.css\">\n\n\n<ul class=\"pagination\">\n\t    \n\t\n\n<li >\n\t<a href='?page_no=797'>Previous<\/a>\n\t<\/li>\n\n\n       \n    \n\n<li><a href='?page_no=1'>1<\/a><\/li>\n\n\n\n<li><a href='?page_no=2'>2<\/a><\/li>\n\n\n\n<li><a>...<\/a><\/li>\n\n\n\n<li><a href='?page_no=796'>796<\/a><\/li>\n\n\n\n<li><a href='?page_no=797'>797<\/a><\/li>\n\n\n\n<li class='active'><a>798<\/a><\/li>\n\n\n\n<li><a href='?page_no=799'>799<\/a><\/li>\n\n\n\n<li><a href='?page_no=800'>800<\/a><\/li>\n\n\n\n<li><a>...<\/a><\/li>\n\n\n\n<li><a href='?page_no=13611'>13611<\/a><\/li>\n\n\n\n<li><a href='?page_no=13612'>13612<\/a><\/li>\n\n    \n\t\n\n<li >\n\t<a href='?page_no=799'>Next<\/a>\n\t<\/li>\n\n\n    \n\n<li><a href='?page_no=13612'>Last &rsaquo;&rsaquo;<\/a><\/li>\n\n<\/ul>\n\n\n--><br \/>\n<\/body><\/p>\n","protected":false},"excerpt":{"rendered":"<p>EL TIRO RAPIDO Mario Rivadulla El pa\u00eds est\u00e1 atravesando por una de las peores sequ\u00edas de los \u00faltimos a\u00f1os. La falta de lluvia se ha dejado sentir sobre todo en la L\u00ednea Noroeste, donde el sector ganadero registra p\u00e9rdidas millonarias. Cultivos que requieren de un alto aporte de agua est\u00e1n tambi\u00e9n sufriendo los efectos de [&hellip;]<\/p>\n","protected":false},"author":3,"featured_media":0,"comment_status":"open","ping_status":"open","sticky":false,"template":"","format":"standard","meta":{"footnotes":""},"categories":[16],"tags":[],"class_list":["post-45247","post","type-post","status-publish","format-standard","hentry","category-opiniones"],"_links":{"self":[{"href":"https:\/\/diariodominicano.com\/index.php?rest_route=\/wp\/v2\/posts\/45247","targetHints":{"allow":["GET"]}}],"collection":[{"href":"https:\/\/diariodominicano.com\/index.php?rest_route=\/wp\/v2\/posts"}],"about":[{"href":"https:\/\/diariodominicano.com\/index.php?rest_route=\/wp\/v2\/types\/post"}],"author":[{"embeddable":true,"href":"https:\/\/diariodominicano.com\/index.php?rest_route=\/wp\/v2\/users\/3"}],"replies":[{"embeddable":true,"href":"https:\/\/diariodominicano.com\/index.php?rest_route=%2Fwp%2Fv2%2Fcomments&post=45247"}],"version-history":[{"count":0,"href":"https:\/\/diariodominicano.com\/index.php?rest_route=\/wp\/v2\/posts\/45247\/revisions"}],"wp:attachment":[{"href":"https:\/\/diariodominicano.com\/index.php?rest_route=%2Fwp%2Fv2%2Fmedia&parent=45247"}],"wp:term":[{"taxonomy":"category","embeddable":true,"href":"https:\/\/diariodominicano.com\/index.php?rest_route=%2Fwp%2Fv2%2Fcategories&post=45247"},{"taxonomy":"post_tag","embeddable":true,"href":"https:\/\/diariodominicano.com\/index.php?rest_route=%2Fwp%2Fv2%2Ftags&post=45247"}],"curies":[{"name":"wp","href":"https:\/\/api.w.org\/{rel}","templated":true}]}}